
{"id":15900,"date":"2025-12-15T12:02:46","date_gmt":"2025-12-15T16:02:46","guid":{"rendered":"https:\/\/cebem.org\/?p=15900"},"modified":"2025-12-15T12:03:16","modified_gmt":"2025-12-15T16:03:16","slug":"receso-de-fin-de-ano-cebem-redesma","status":"publish","type":"post","link":"https:\/\/cebem.org\/?p=15900","title":{"rendered":"Receso de fin de a\u00f1o CEBEM\/REDESMA"},"content":{"rendered":"<div class=\"wp-block-image\">\n<figure class=\"aligncenter size-full is-resized\"><img data-recalc-dims=\"1\" fetchpriority=\"high\" decoding=\"async\" width=\"750\" height=\"629\" src=\"https:\/\/i0.wp.com\/cebem.org\/wp-content\/uploads\/2025\/12\/WhatsApp-Image-2025-12-15-at-11.09.27-AM-1.jpeg?resize=750%2C629&#038;ssl=1\" alt=\"\" class=\"wp-image-15901\" style=\"aspect-ratio:1.1929170549860204;width:649px;height:auto\" srcset=\"https:\/\/i0.wp.com\/cebem.org\/wp-content\/uploads\/2025\/12\/WhatsApp-Image-2025-12-15-at-11.09.27-AM-1.jpeg?w=940&amp;ssl=1 940w, https:\/\/i0.wp.com\/cebem.org\/wp-content\/uploads\/2025\/12\/WhatsApp-Image-2025-12-15-at-11.09.27-AM-1.jpeg?resize=300%2C251&amp;ssl=1 300w, https:\/\/i0.wp.com\/cebem.org\/wp-content\/uploads\/2025\/12\/WhatsApp-Image-2025-12-15-at-11.09.27-AM-1.jpeg?resize=768%2C644&amp;ssl=1 768w, https:\/\/i0.wp.com\/cebem.org\/wp-content\/uploads\/2025\/12\/WhatsApp-Image-2025-12-15-at-11.09.27-AM-1.jpeg?resize=750%2C629&amp;ssl=1 750w\" sizes=\"(max-width: 750px) 100vw, 750px\" \/><\/figure>\n<\/div>\n\n\n<p>Estimados amigos(as):<\/p>\n\n\n\n<p>Les comunicamos que a partir del d\u00eda<strong>&nbsp;22 de diciembre entraremos en receso de fin de a\u00f1o y volveremos con m\u00e1s fuerza el d\u00eda 12 de enero de 2026.<\/strong><\/p>\n\n\n\n<p>Deseamos que pasen unas lindas fiestas de fin de a\u00f1o rodeados de sus seres queridos y que jam\u00e1s les falte un sue\u00f1o por cumplir y un proyecto por realizar.<\/p>\n\n\n\n<p><strong>Feliz y exitoso a\u00f1o 2026.<br>Atentamente,<br>EL EQUIPO CEBEM\/REDESMA<\/strong><\/p>\n\n\n\n<p><\/p>\n","protected":false},"excerpt":{"rendered":"<p>Estimados amigos(as): Les comunicamos que a partir del d\u00eda&nbsp;22 de diciembre entraremos en receso de fin de a\u00f1o y volveremos con m\u00e1s fuerza el d\u00eda 12 de enero de 2026. Deseamos que pasen unas lindas fiestas de fin de a\u00f1o rodeados de sus seres queridos y que jam\u00e1s les falte un sue\u00f1o por cumplir y &hellip; <\/p>\n<p><a class=\"more-link btn\" href=\"https:\/\/cebem.org\/?p=15900\">Seguir leyendo<\/a><\/p>\n","protected":false},"author":15,"featured_media":15901,"comment_status":"closed","ping_status":"closed","sticky":false,"template":"","format":"standard","meta":{"_jetpack_memberships_contains_paid_content":false,"footnotes":"","jetpack_publicize_message":"","jetpack_publicize_feature_enabled":true,"jetpack_social_post_already_shared":true,"jetpack_social_options":{"image_generator_settings":{"template":"highway","default_image_id":0,"font":"","enabled":false},"version":2}},"categories":[9,1],"tags":[],"class_list":["post-15900","post","type-post","status-publish","format-standard","has-post-thumbnail","hentry","category-destacados","category-noticias","item-wrap"],"jetpack_publicize_connections":[],"jetpack_featured_media_url":"https:\/\/i0.wp.com\/cebem.org\/wp-content\/uploads\/2025\/12\/WhatsApp-Image-2025-12-15-at-11.09.27-AM-1.jpeg?fit=940%2C788&ssl=1","jetpack_sharing_enabled":true,"_links":{"self":[{"href":"https:\/\/cebem.org\/index.php?rest_route=\/wp\/v2\/posts\/15900","targetHints":{"allow":["GET"]}}],"collection":[{"href":"https:\/\/cebem.org\/index.php?rest_route=\/wp\/v2\/posts"}],"about":[{"href":"https:\/\/cebem.org\/index.php?rest_route=\/wp\/v2\/types\/post"}],"author":[{"embeddable":true,"href":"https:\/\/cebem.org\/index.php?rest_route=\/wp\/v2\/users\/15"}],"replies":[{"embeddable":true,"href":"https:\/\/cebem.org\/index.php?rest_route=%2Fwp%2Fv2%2Fcomments&post=15900"}],"version-history":[{"count":1,"href":"https:\/\/cebem.org\/index.php?rest_route=\/wp\/v2\/posts\/15900\/revisions"}],"predecessor-version":[{"id":15902,"href":"https:\/\/cebem.org\/index.php?rest_route=\/wp\/v2\/posts\/15900\/revisions\/15902"}],"wp:featuredmedia":[{"embeddable":true,"href":"https:\/\/cebem.org\/index.php?rest_route=\/wp\/v2\/media\/15901"}],"wp:attachment":[{"href":"https:\/\/cebem.org\/index.php?rest_route=%2Fwp%2Fv2%2Fmedia&parent=15900"}],"wp:term":[{"taxonomy":"category","embeddable":true,"href":"https:\/\/cebem.org\/index.php?rest_route=%2Fwp%2Fv2%2Fcategories&post=15900"},{"taxonomy":"post_tag","embeddable":true,"href":"https:\/\/cebem.org\/index.php?rest_route=%2Fwp%2Fv2%2Ftags&post=15900"}],"curies":[{"name":"wp","href":"https:\/\/api.w.org\/{rel}","templated":true}]}}