
{"id":1582,"date":"2016-10-21T18:46:22","date_gmt":"2016-10-21T22:46:22","guid":{"rendered":"http:\/\/cebem.org\/?p=1582"},"modified":"2016-10-21T18:46:22","modified_gmt":"2016-10-21T22:46:22","slug":"5ta-convocatoria-a-proyectos-cepf-en-el-hotspot-andes-tropicales","status":"publish","type":"post","link":"https:\/\/cebem.org\/?p=1582","title":{"rendered":"5ta Convocatoria a proyectos CEPF en el Hotspot Andes Tropicales"},"content":{"rendered":"<div><strong>Para el financiamiento de iniciativas de conservaci\u00f3n en Per\u00fa, Colombia y para Proyectos Multi-Pa\u00eds<\/strong><\/div>\n<div><\/div>\n<div>El Fondo de Alianzas para los Ecosistemas Cr\u00edticos (CEPF), invita a organizaciones y comunidades locales y grupos ind\u00edgenas de las \u00e1reas priorizadas, as\u00ed como a organizaciones de la Sociedad Civil, a postular a donaciones peque\u00f1as y grandes.<\/div>\n<div><\/div>\n<div>Fecha de Lanzamiento de la Convocatoria: 6 de octubre de 2016<\/div>\n<div>Fecha l\u00edmite de presentaci\u00f3n de Cartas de Intenci\u00f3n: 16 de noviembre de 2016<\/div>\n<p><strong>Documentos e informaci\u00f3n relacionada a la Quinta Convocatoria:<\/strong><br \/>\n\u2022 Quinta Convocatoria a proyectos en el hotspot de biodiversidad de los Andes Tropicales <a href=\"http:\/\/fundesnap.org\/files\/andes_tropicales_5ta_convocatoria_peru_colombia_regional_updated_10_6_16c.pdf\" target=\"_blank\">(versi\u00f3n Espa\u00f1ol)<\/a><a href=\"http:\/\/fundesnap.org\/files\/tropical_andes_5th_rfp_peru_colombia_regional_updated_10_6_16.pdf\" target=\"_blank\">(English Version)<\/a><br \/>\n\u2022 Formulario de Carta de Intenci\u00f3n para una donaci\u00f3n grande <a href=\"http:\/\/fundesnap.org\/files\/formato_cdi_grandes_donaciones_sept_2016___es.doc\" target=\"_blank\">(versi\u00f3n Espa\u00f1ol) <\/a><a href=\"http:\/\/fundesnap.org\/files\/loi_form_large_grants_sept_2016___en.doc\" target=\"_blank\">(English version)<\/a><br \/>\n\u2022 12 consejos para recibir financiamiento para su idea de proyecto <a href=\"http:\/\/www.cepf.net\/SiteCollectionDocuments\/learning\/12-Tips-for-Getting-Your-Grant-Idea-Funded-ES.pdf\" target=\"_blank\">(versi\u00f3n Espa\u00f1ol)<\/a> <a href=\"http:\/\/www.cepf.net\/news\/top_stories\/Pages\/12-Tips-for-Getting-Your-Grant-Idea-Funded.aspx\" target=\"_blank\">(English version)<\/a><br \/>\n\u2022 Perfil del Ecosistema Andes Tropicales <a href=\"http:\/\/www.cepf.net\/SiteCollectionDocuments\/tropical_andes\/Tropical_Andes_Profile_final_4_2015_SP.pdf\" target=\"_blank\">(versi\u00f3n Espa\u00f1ol)<\/a> <a href=\"http:\/\/www.cepf.net\/SiteCollectionDocuments\/tropical_andes\/Tropical_Andes_Profile_final_4_2015.pdf\" target=\"_blank\">(English Version)<\/a><br \/>\n\u2022 Informaci\u00f3n complementaria sobre <a href=\"http:\/\/www.cepf.net\/Pages\/default.aspx\" target=\"_blank\">CEPF<\/a><\/p>\n<h4><a href=\"http:\/\/fundesnap.org\/noticias\/quinta-convocatoria-de-proyectos-en-el-hotspot-de-biodiversidad-de-los-andes-tropicales\/104\" target=\"_blank\">M\u00e1s informac\u00f3n<\/a><\/h4>\n","protected":false},"excerpt":{"rendered":"<p>Para el financiamiento de iniciativas de conservaci\u00f3n en Per\u00fa, Colombia y para Proyectos Multi-Pa\u00eds El Fondo de Alianzas para los Ecosistemas Cr\u00edticos (CEPF), invita a organizaciones y comunidades locales y grupos ind\u00edgenas de las \u00e1reas priorizadas, as\u00ed como a organizaciones de la Sociedad Civil, a postular a donaciones peque\u00f1as y grandes. Fecha de Lanzamiento de &hellip; <\/p>\n<p><a class=\"more-link btn\" href=\"https:\/\/cebem.org\/?p=1582\">Seguir leyendo<\/a><\/p>\n","protected":false},"author":2,"featured_media":1583,"comment_status":"closed","ping_status":"closed","sticky":false,"template":"","format":"standard","meta":{"_jetpack_memberships_contains_paid_content":false,"footnotes":"","jetpack_publicize_message":"","jetpack_publicize_feature_enabled":true,"jetpack_social_post_already_shared":true,"jetpack_social_options":{"image_generator_settings":{"template":"highway","default_image_id":0,"font":"","enabled":false},"version":2}},"categories":[8],"tags":[111,85],"class_list":["post-1582","post","type-post","status-publish","format-standard","has-post-thumbnail","hentry","category-convocatorias","tag-boletin-8-septiembre-2016","tag-convocatoria","item-wrap"],"jetpack_publicize_connections":[],"jetpack_featured_media_url":"https:\/\/i0.wp.com\/cebem.org\/wp-content\/uploads\/2016\/10\/funprofanenpe.jpg?fit=1567%2C401&ssl=1","jetpack_sharing_enabled":true,"_links":{"self":[{"href":"https:\/\/cebem.org\/index.php?rest_route=\/wp\/v2\/posts\/1582","targetHints":{"allow":["GET"]}}],"collection":[{"href":"https:\/\/cebem.org\/index.php?rest_route=\/wp\/v2\/posts"}],"about":[{"href":"https:\/\/cebem.org\/index.php?rest_route=\/wp\/v2\/types\/post"}],"author":[{"embeddable":true,"href":"https:\/\/cebem.org\/index.php?rest_route=\/wp\/v2\/users\/2"}],"replies":[{"embeddable":true,"href":"https:\/\/cebem.org\/index.php?rest_route=%2Fwp%2Fv2%2Fcomments&post=1582"}],"version-history":[{"count":1,"href":"https:\/\/cebem.org\/index.php?rest_route=\/wp\/v2\/posts\/1582\/revisions"}],"predecessor-version":[{"id":1584,"href":"https:\/\/cebem.org\/index.php?rest_route=\/wp\/v2\/posts\/1582\/revisions\/1584"}],"wp:featuredmedia":[{"embeddable":true,"href":"https:\/\/cebem.org\/index.php?rest_route=\/wp\/v2\/media\/1583"}],"wp:attachment":[{"href":"https:\/\/cebem.org\/index.php?rest_route=%2Fwp%2Fv2%2Fmedia&parent=1582"}],"wp:term":[{"taxonomy":"category","embeddable":true,"href":"https:\/\/cebem.org\/index.php?rest_route=%2Fwp%2Fv2%2Fcategories&post=1582"},{"taxonomy":"post_tag","embeddable":true,"href":"https:\/\/cebem.org\/index.php?rest_route=%2Fwp%2Fv2%2Ftags&post=1582"}],"curies":[{"name":"wp","href":"https:\/\/api.w.org\/{rel}","templated":true}]}}