
{"id":15804,"date":"2025-10-27T12:21:29","date_gmt":"2025-10-27T16:21:29","guid":{"rendered":"https:\/\/cebem.org\/?p=15804"},"modified":"2026-01-12T11:56:58","modified_gmt":"2026-01-12T15:56:58","slug":"curso-virtual-midiendo-el-exito-monitoreo-efectivo-basado-en-resultados","status":"publish","type":"post","link":"https:\/\/cebem.org\/?p=15804","title":{"rendered":"Curso Virtual: Midiendo el \u00e9xito. Monitoreo Efectivo Basado en Resultados"},"content":{"rendered":"\n<p class=\"has-text-align-center has-larger-font-size\"><em style=\"font-weight: bold;\">Fechas: <\/em><em><em>Del 8 al 13 de diciembre, 2025<\/em><\/em><\/p>\n\n\n\n<h3 class=\"wp-block-heading has-text-align-center\" id=\"modalidad-sincronica-via-zoom\">Modalidad Virtual: <em>Sincr\u00f3nica (tiempo real) y Asincr\u00f3nica (actividades pedag\u00f3gicas virtuales)<\/em><\/h3>\n\n\n<div class=\"wp-block-image\">\n<figure class=\"aligncenter size-full\"><img data-recalc-dims=\"1\" fetchpriority=\"high\" decoding=\"async\" width=\"460\" height=\"226\" src=\"https:\/\/i0.wp.com\/cebem.org\/wp-content\/uploads\/2025\/01\/afiche-evelin.fw_-1.png?resize=460%2C226&#038;ssl=1\" alt=\"\" class=\"wp-image-15197\" srcset=\"https:\/\/i0.wp.com\/cebem.org\/wp-content\/uploads\/2025\/01\/afiche-evelin.fw_-1.png?w=460&amp;ssl=1 460w, https:\/\/i0.wp.com\/cebem.org\/wp-content\/uploads\/2025\/01\/afiche-evelin.fw_-1.png?resize=300%2C147&amp;ssl=1 300w\" sizes=\"(max-width: 460px) 100vw, 460px\" \/><\/figure>\n<\/div>\n\n\n<h4 class=\"wp-block-heading has-vivid-purple-color has-text-color\" id=\"contenido\">RELEVANCIA DEL CURSO<\/h4>\n\n\n\n<p><em><strong> &nbsp;<\/strong><\/em>En el contexto actual de las intervenciones de desarrollo socio \u2013 econ\u00f3mico y de la gesti\u00f3n p\u00fablica, existe una presi\u00f3n creciente por <strong>maximizar la eficiencia, la transparencia y el impacto<\/strong> de los recursos invertidos.&nbsp;<\/p>\n\n\n\n<p>El Monitoreo Basado en Resultados (MBR) es relevante para:<\/p>\n\n\n\n<ul class=\"wp-block-list\">\n<li><strong><em>Mover la gesti\u00f3n hacia cambios (transformaciones medibles): <\/em><\/strong><em>Superar la gesti\u00f3n focalizada en la actividad hacia el alcance de cambios medibles <\/em><em>(transformaciones)<\/em><\/li>\n\n\n\n<li><strong><em>Rendici\u00f3n de cuentas (Accountability):<\/em><\/strong><em> Proveer a la ciudadan\u00eda, donantes y partes interesadas informaci\u00f3n clara y verificable sobre si los programas, proyectos, iniciativas sociales est\u00e1n generando los cambios o valor p\u00fablico esperado.<\/em><\/li>\n\n\n\n<li><strong><em>Cumplir con est\u00e1ndares globales:<\/em><\/strong><em> Adaptarse a las metodolog\u00edas exigidas por agencias de cooperaci\u00f3n, organismos internacionales (como las Naciones Unidas, el Banco Mundial) y las tendencias modernas de la gesti\u00f3n p\u00fablica (Gesti\u00f3n para Resultados o GpR).<\/em><\/li>\n<\/ul>\n\n\n\n<p><strong>El monitoreo proporciona informaci\u00f3n oportuna y \u00e1gil<\/strong> orientada a la toma de decisiones, al aprendizaje organizacional, la rendici\u00f3n de cuentas y la mejora del desempe\u00f1o de la gesti\u00f3n. &nbsp;&nbsp;<\/p>\n\n\n\n<p><strong>El monitoreo requiere contar con las capacidades necesarias y especializadas <\/strong>para avanzar hacia una gesti\u00f3n basada en resultados, comprendiendo el alcance del monitoreo, sus bases y componentes centrales, la relevancia y aplicaci\u00f3n del an\u00e1lisis e interpretaci\u00f3n de la informaci\u00f3n as\u00ed como el manejo efectivo de mecanismos y herramientas que permitan un seguimiento efectivo basado en resultados.<\/p>\n\n\n\n<p><strong><em>Este curso especializado permite avanzar en esta linea y <u>prepara <\/u>al participante para que tenga una comprensi\u00f3n completa del proceso de monitoreo basado en resultados,<\/em><\/strong><em> <strong>de sus componentes centrales, del desarrollo y aplicaci\u00f3n de mecanismos de seguimiento, as\u00ed como de los factores que hacen a un reportaje de calidad. &nbsp;<\/strong><\/em><\/p>\n\n\n\n<p><strong><em>Los participantes tendr\u00e1n como actividad pr\u00e1ctica la realizaci\u00f3n o adaptaci\u00f3n de sus mecanismos de seguimiento.<\/em><\/strong><\/p>\n\n\n\n<h4 class=\"wp-block-heading has-vivid-purple-color has-text-color\">OBJETIVO GENERAL<\/h4>\n\n\n\n<p>Desarrollar y fortalecer capacidades t\u00e9cnicas, anal\u00edticas y pr\u00e1cticas <strong>en el monitoreo<\/strong> de programas, proyectos o iniciativas sociales <strong>basado en resultados.<\/strong><\/p>\n\n\n\n<h4 class=\"wp-block-heading has-vivid-purple-color has-text-color\">OBJETIVO ESPECIFICO<\/h4>\n\n\n\n<p>Desarrollar capacidades y comprensi\u00f3n en los conceptos, caracter\u00edsticas, alcances, componentes centrales del proceso de <strong>Monitoreo basado en Resultados,<\/strong> el uso, aplicaci\u00f3n y adecuaci\u00f3n de mecanismos y\/o herramientas de monitoreo basados en resultados, as\u00ed como la comprensi\u00f3n de factores que viabilizan un reportaje de calidad.&nbsp;<\/p>\n\n\n\n<h4 class=\"wp-block-heading has-vivid-purple-color has-text-color\" id=\"contenido\">TEMAS A ABORDAR<\/h4>\n\n\n\n<p><strong><em>Tema 1: Bases y componentes para el Monitoreo basado en Resultados<\/em><\/strong><\/p>\n\n\n\n<ul class=\"wp-block-list\">\n<li>Monitoreo: Conceptos y consideraciones generales sobre monitoreo y diferencia con la evaluaci\u00f3n.<\/li>\n\n\n\n<li>Monitoreo basado en resultados: Caracter\u00edsticas centrales, alcance.<\/li>\n\n\n\n<li>Componentes y bases centrales para realizar el monitoreo basado en resultados en un enfoque de gesti\u00f3n integral.<\/li>\n\n\n\n<li>Diferencias centrales con el monitoreo tradicional.<\/li>\n<\/ul>\n\n\n\n<p><strong><em>Tema 2: <strong><em>Dise\u00f1o y aplicaci\u00f3n de mecanismos y\/o herramientas de Monitoreo<\/em><\/strong><\/em><\/strong><\/p>\n\n\n\n<ul class=\"wp-block-list\">\n<li>Relevancia, aplicaci\u00f3n e interpretaci\u00f3n de indicadores en el monitoreo.<\/li>\n\n\n\n<li>Desarrollo y adecuaci\u00f3n de instrumentos o mecanismos de monitoreo<\/li>\n\n\n\n<li>Aplicaci\u00f3n de instrumentos o mecanismos de monitoreo.<\/li>\n\n\n\n<li>Din\u00e1micas pr\u00e1cticas de implementaci\u00f3n de los instrumentos y mecanismos de seguimiento<\/li>\n<\/ul>\n\n\n\n<p><strong><em>Tema 3: <strong><em>Reportaje basado en Monitoreo<\/em><\/strong><\/em><\/strong><\/p>\n\n\n\n<ul class=\"wp-block-list\">\n<li>Reporte narrativo basado en monitoreo<\/li>\n\n\n\n<li>Criterios t\u00e9cnicos y factores de \u00e9xito y para un reporte narrativo de calidad<\/li>\n\n\n\n<li>Preparaci\u00f3n de informes, difusi\u00f3n y uso de la informaci\u00f3n<\/li>\n\n\n\n<li>Din\u00e1micas pr\u00e1cticas en componentes relevantes al reportaje<\/li>\n<\/ul>\n\n\n\n<h4 class=\"wp-block-heading has-vivid-purple-color has-text-color\">CRONOGRAMA PRELIMINAR (Sesiones con zoom en tiempo real):<\/h4>\n\n\n\n<ul class=\"wp-block-list\">\n<li>Lunes 8 de diciembre, 2025, de 19:00 a 21:30<\/li>\n\n\n\n<li>Martes 9 de diciembre, de 19:00 a 21:30<\/li>\n\n\n\n<li>Viernes 12 de diciembre, 2025, de 19:00 a 21:30<\/li>\n\n\n\n<li>S\u00e1bado 13 de diciembre, 2025 de 9:30 a 12:30 am<\/li>\n<\/ul>\n\n\n\n<h4 class=\"wp-block-heading has-vivid-purple-color has-text-color\"><strong>ENFOQUE METODOL\u00d3GICO Y RECURSOS<\/strong><\/h4>\n\n\n\n<ul class=\"wp-block-list\">\n<li>Modalidad virtual (sesiones interactivas en tiempo real v\u00eda zoom)<\/li>\n\n\n\n<li>Asesor\u00eda docente en el transcurso del curso.<\/li>\n\n\n\n<li>Enfoque metodol\u00f3gico esencialmente pr\u00e1ctico y basado en experiencia practica<\/li>\n\n\n\n<li>Certificaci\u00f3n por Cebem \u2013 Docente<\/li>\n\n\n\n<li>Acceso a material central del curso (Resumen de aspectos clave del curso) y material de lectura complementario.<\/li>\n<\/ul>\n\n\n\n<h4 class=\"wp-block-heading has-vivid-purple-color has-text-color\" id=\"inversion\"><strong>INVERSI\u00d3N<\/strong><\/h4>\n\n\n\n<p>Inversi\u00f3n accesible (aplican descuentos personales y tambi\u00e9n descuentos por grupo)<strong><\/strong><\/p>\n\n\n\n<ul class=\"wp-block-list\">\n<li>Para Bolivia Bs. 500 bolivianos y para fuera de Bolivia, $us 72 (D\u00f3lares americanos) por participante.<\/li>\n\n\n\n<li><strong>Descuentos vigentes por pronta inscripci\u00f3n:<\/strong> 450 bs o su equivalente en d\u00f3lares 65 $us.<\/li>\n<\/ul>\n\n\n\n<h5 class=\"wp-block-heading has-black-color has-text-color has-regular-font-size\">Formas de efectuar tu inversi\u00f3n<\/h5>\n\n\n\t\t\t\t\t\t<style>\r\n\t\t\t\t\r\n\t\t\t\t\t#tab_container_15805 {\r\n\toverflow:hidden;\r\n\tdisplay:block;\r\n\twidth:100%;\r\n\tborder:0px solid #ddd;\r\n\tmargin-bottom:30px;\r\n\t}\r\n\r\n#tab_container_15805 .tab-content{\r\n\tpadding:20px;\r\n\tborder: 1px solid #e6e6e6 !important;\r\n\tmargin-top: 0px;\r\n\tbackground-color:#ffffff !important;\r\n\tcolor: #000000 !important;\r\n\tfont-size:15px !important;\r\n\tfont-family: Arial !important;\r\n\t\r\n\t\tborder: 1px solid #e6e6e6 !important;\r\n\t}\r\n#tab_container_15805 .wpsm_nav-tabs {\r\n    border-bottom: 0px solid #ddd;\r\n}\r\n#tab_container_15805 .wpsm_nav-tabs > li.active > a, #tab_container_15805 .wpsm_nav-tabs > li.active > a:hover, #tab_container_15805 .wpsm_nav-tabs > li.active > a:focus {\r\n\tcolor: #000000 !important;\r\n\tcursor: default;\r\n\tbackground-color: #ffffff !important;\r\n\tborder: 1px solid #e6e6e6 !important;\r\n}\r\n\r\n#tab_container_15805 .wpsm_nav-tabs > li > a {\r\n    margin-right: 0px !important; \r\n    line-height: 1.42857143 !important;\r\n    border: 1px solid #0080d0 !important;\r\n    border-radius: 0px 0px 0 0 !important; \r\n\tbackground-color: #0693e3 !important;\r\n\tcolor: #ffffff !important;\r\n\tpadding: 15px 18px 15px 18px !important;\r\n\ttext-decoration: none !important;\r\n\tfont-size: 14px !important;\r\n\ttext-align:center !important;\r\n\tfont-family: Arial !important;\r\n}\r\n#tab_container_15805 .wpsm_nav-tabs > li > a:focus {\r\noutline: 0px !important;\r\n}\r\n\r\n#tab_container_15805 .wpsm_nav-tabs > li > a:before {\r\n\tdisplay:none !important;\r\n}\r\n#tab_container_15805 .wpsm_nav-tabs > li > a:after {\r\n\tdisplay:none !important ;\r\n}\r\n#tab_container_15805 .wpsm_nav-tabs > li{\r\npadding:0px !important ;\r\nmargin:0px;\r\n}\r\n\r\n#tab_container_15805 .wpsm_nav-tabs > li > a:hover , #tab_container_15805 .wpsm_nav-tabs > li > a:focus {\r\n    color: #ffffff !important;\r\n    background-color: #0693e3 !important;\r\n\tborder: 1px solid #0080d0 !important;\r\n\t\r\n}\r\n#tab_container_15805 .wpsm_nav-tabs > li > a .fa{\r\n\r\nmargin-right:5px !important;\r\n\r\nmargin-left:5px !important;\r\n\r\n\r\n}\r\n\r\n\t\t#tab_container_15805 .wpsm_nav-tabs a{\r\n\t\t\tbackground-image: none;\r\n\t\t\tbackground-position: 0 0;\r\n\t\t\tbackground-repeat: repeat-x;\r\n\t\t}\r\n\t\t\t\r\n\r\n\r\n#tab_container_15805 .wpsm_nav-tabs > li {\r\n    float: left;\r\n    margin-bottom: -1px !important;\r\n\tmargin-right:0px !important; \r\n}\r\n\r\n\r\n#tab_container_15805 .tab-content{\r\noverflow:hidden !important;\r\n}\r\n\r\n\r\n@media (min-width: 769px) {\r\n\r\n\t#tab_container_15805 .wpsm_nav-tabs > li{\r\n\t\tfloat:left !important ;\r\n\t\t\t\tmargin-right:-1px !important;\r\n\t\t\t\t\t}\r\n\t#tab_container_15805 .wpsm_nav-tabs{\r\n\t\tfloat:none !important;\r\n\t\tmargin:0px !important;\r\n\t}\r\n\r\n\t#tab_container_15805 .wpsm_nav-tabs > li {\r\n\t\t\t\t\r\n\t}\r\n\t#tab_container_15805 .wpsm_nav{\r\n\t\t\t}\r\n\r\n}\r\n\r\n\r\n\r\n@media (max-width: 768px) {\r\n\t#tab_container_15805 .wpsm_nav-tabs > li {\r\n\t\t\t\t\r\n\t}\r\n\t#tab_container_15805 .wpsm_nav{\r\n\t\t\t}\r\n}\r\n\r\n\r\n\t.wpsm_nav-tabs li:before{\r\n\t\tdisplay:none !important;\r\n\t}\r\n\r\n\t@media (max-width: 768px) {\r\n\t\t\t\t\r\n\t\t\t\t.wpsm_nav-tabs{\r\n\t\t\tmargin-left:0px !important;\r\n\t\t\tmargin-right:0px !important; \r\n\t\t\t\r\n\t\t}\r\n\t\t\t\t#tab_container_15805 .wpsm_nav-tabs > li{\r\n\t\t\tfloat:none !important;\r\n\t\t}\r\n\t\t\t\r\n\t}\t\t\t\t<\/style>\r\n\t\t\t\t<div id=\"tab_container_15805\" >\r\n\t \r\n\t\t\t\t\t<ul class=\"wpsm_nav wpsm_nav-tabs\" role=\"tablist\" id=\"myTab_15805\">\r\n\t\t\t\t\t\t\t\r\n\t\t\t\t\t\t\t<li role=\"presentation\"  class=\"active\"  onclick=\"do_resize()\">\r\n\t\t\t\t\t\t\t\t<a href=\"#tabs_desc_15805_1\" aria-controls=\"tabs_desc_15805_1\" role=\"tab\" data-toggle=\"tab\">\r\n\t\t\t\t\t\t\t\t\t\r\n\t\t\t\t\t\t\t\t\t\t\t\t\t\t\t\t\t\t\t\t\t\t\t\t\t\t\t\t\t\t\t<i class=\"fa fa-laptop\"><\/i> \t\t\t\t\t\t\t\t\t\t\t\t\t\t\t\t\t\t\t\r\n\t\t\t\t\t\t\t\t\t\t\t\t\t\t\t\t\t\t\r\n\t\t\t\t\t\t\t\t\t<span>PAGOS POR QR<\/span>\r\n\t\t\t\t\t\t\t\t\t\r\n\t\t\t\t\t\t\t\t\t\t\t\t\t\t\t\t\t\t\r\n\t\t\t\t\t\t\t\t\t\t\t\t\t\t\t\t\t\t\t\t\r\n\t\t\t\t\t\t\t\t\t\r\n\t\t\t\t\t\t\t\t<\/a>\r\n\t\t\t\t\t\t\t<\/li>\r\n\t\t\t\t\t\t\t\r\n\t\t\t\t\t\t\t<li role=\"presentation\"  onclick=\"do_resize()\">\r\n\t\t\t\t\t\t\t\t<a href=\"#tabs_desc_15805_2\" aria-controls=\"tabs_desc_15805_2\" role=\"tab\" data-toggle=\"tab\">\r\n\t\t\t\t\t\t\t\t\t\r\n\t\t\t\t\t\t\t\t\t\t\t\t\t\t\t\t\t\t\t\t\t\t\t\t\t\t\t\t\t\t\t\t\t\t\t\t\t\t\t\t\t\t\t\t\t\t\t\t\t\r\n\t\t\t\t\t\t\t\t\t\t\t\t\t\t\t\t\t\t\r\n\t\t\t\t\t\t\t\t\t<span>PAGO TARJETA DE D\u00c9BITO\/CR\u00c9DITO<\/span>\r\n\t\t\t\t\t\t\t\t\t\r\n\t\t\t\t\t\t\t\t\t\t\t\t\t\t\t\t\t\t\r\n\t\t\t\t\t\t\t\t\t\t\t\t\t\t\t\t\t\t\t\t\r\n\t\t\t\t\t\t\t\t\t\r\n\t\t\t\t\t\t\t\t<\/a>\r\n\t\t\t\t\t\t\t<\/li>\r\n\t\t\t\t\t\t\t\r\n\t\t\t\t\t\t\t<li role=\"presentation\"  onclick=\"do_resize()\">\r\n\t\t\t\t\t\t\t\t<a href=\"#tabs_desc_15805_3\" aria-controls=\"tabs_desc_15805_3\" role=\"tab\" data-toggle=\"tab\">\r\n\t\t\t\t\t\t\t\t\t\r\n\t\t\t\t\t\t\t\t\t\t\t\t\t\t\t\t\t\t\t\t\t\t\t\t\t\t\t\t\t\t\t\t\t\t\t\t\t\t\t\t\t\t\t\t\t\t\t\t\t\r\n\t\t\t\t\t\t\t\t\t\t\t\t\t\t\t\t\t\t\r\n\t\t\t\t\t\t\t\t\t<span>DEP\u00d3SITO BANCARIO<\/span>\r\n\t\t\t\t\t\t\t\t\t\r\n\t\t\t\t\t\t\t\t\t\t\t\t\t\t\t\t\t\t\r\n\t\t\t\t\t\t\t\t\t\t\t\t\t\t\t\t\t\t\t\t\r\n\t\t\t\t\t\t\t\t\t\r\n\t\t\t\t\t\t\t\t<\/a>\r\n\t\t\t\t\t\t\t<\/li>\r\n\t\t\t\t\t\t\t\r\n\t\t\t\t\t\t\t<li role=\"presentation\"  onclick=\"do_resize()\">\r\n\t\t\t\t\t\t\t\t<a href=\"#tabs_desc_15805_4\" aria-controls=\"tabs_desc_15805_4\" role=\"tab\" data-toggle=\"tab\">\r\n\t\t\t\t\t\t\t\t\t\r\n\t\t\t\t\t\t\t\t\t\t\t\t\t\t\t\t\t\t\t\t\t\t\t\t\t\t\t\t\t\t\t\t\t\t\t\t\t\t\t\t\t\t\t\t\t\t\t\t\t\r\n\t\t\t\t\t\t\t\t\t\t\t\t\t\t\t\t\t\t\r\n\t\t\t\t\t\t\t\t\t<span>EFECTIVO<\/span>\r\n\t\t\t\t\t\t\t\t\t\r\n\t\t\t\t\t\t\t\t\t\t\t\t\t\t\t\t\t\t\r\n\t\t\t\t\t\t\t\t\t\t\t\t\t\t\t\t\t\t\t\t\r\n\t\t\t\t\t\t\t\t\t\r\n\t\t\t\t\t\t\t\t<\/a>\r\n\t\t\t\t\t\t\t<\/li>\r\n\t\t\t\t\t\t\t\t\t\t\t <\/ul>\r\n\r\n\t\t\t\t\t  <!-- Tab panes -->\r\n\t\t\t\t\t  <div class=\"tab-content\" id=\"tab-content_15805\">\r\n\t\t\t\t\t\t\t\t\t\t\t\t <div role=\"tabpanel\" class=\"tab-pane  in active \" id=\"tabs_desc_15805_1\">\r\n\t\t\t\t\t\t\t\t<p style=\"text-align: center\" align=\"center\">Realice su inversi\u00f3n de manera segura mediante nuestro pago por QR desde su aplicativo\u00a0 de pago financiero preferido.<\/p>\r\n<p align=\"center\"><strong>Importante:<\/strong> Requerimos que nos env\u00edes el comprobante de tu transferencia especificando el nombre del curso y tu correo electr\u00f3nico al correo <a href=\"mailto:beatriz@cebem.org\"><strong data-rich-text-format-boundary=\"true\">beatriz@cebem.org<\/strong><\/a> o al <a href=\"https:\/\/api.whatsapp.com\/send?phone=59170522053&amp;text=Hola,%20tengo%20una%20consulta%20del%20Curso%20virtual%20:%20Bases%20y%20Herramientas%20de%20la%20Educaci%C3%B3n%20Ambiental%204v\"><strong>WhatsApp:<\/strong>\u00a0+591 70522053<\/a>, para que podamos habilitarte a la plataforma.<\/p>\r\n<p align=\"center\"><strong>PAGOS EN BOLIVIANOS 450 <\/strong><strong>Bs. (Descuento vigente)\r\n<\/strong><\/p>\r\n<p align=\"center\"><img data-recalc-dims=\"1\" decoding=\"async\" class=\"alignnone size-medium wp-image-15208\" src=\"https:\/\/i0.wp.com\/cebem.org\/wp-content\/uploads\/2025\/01\/QR-CEBEM-2025.jpeg?resize=298%2C300&#038;ssl=1\" alt=\"\" width=\"298\" height=\"300\" srcset=\"https:\/\/i0.wp.com\/cebem.org\/wp-content\/uploads\/2025\/01\/QR-CEBEM-2025.jpeg?resize=298%2C300&amp;ssl=1 298w, https:\/\/i0.wp.com\/cebem.org\/wp-content\/uploads\/2025\/01\/QR-CEBEM-2025.jpeg?resize=150%2C150&amp;ssl=1 150w, https:\/\/i0.wp.com\/cebem.org\/wp-content\/uploads\/2025\/01\/QR-CEBEM-2025.jpeg?w=362&amp;ssl=1 362w\" sizes=\"(max-width: 298px) 100vw, 298px\" \/><\/p>\t\t\t\t\t\t <\/div>\r\n\t\t\t\t\t\t\t\t\t\t\t\t <div role=\"tabpanel\" class=\"tab-pane \" id=\"tabs_desc_15805_2\">\r\n\t\t\t\t\t\t\t\t<p style=\"text-align: center\" align=\"center\">Realice su inversi\u00f3n de manera segura mediante nuestra pasarela de pago con su tarjeta de d\u00e9bito o cr\u00e9dito<\/p>\r\n<p align=\"center\"><img data-recalc-dims=\"1\" decoding=\"async\" class=\"size-full wp-image-8995 aligncenter\" src=\"https:\/\/i0.wp.com\/cebem.org\/wp-content\/uploads\/2021\/09\/logo-visa-mastercard.png?resize=300%2C110&#038;ssl=1\" alt=\"\" width=\"300\" height=\"110\" \/><\/p>\r\n\r\n<div class=\"has-text-align-center\">\r\n<div class=\"wp-block-button\" style=\"text-align: center\"><a href=\"https:\/\/links.libelula.bo\/Pay\/cca89121-7cb7-4e88-bad7-e2cd89e0cc2e\" target=\"_blank\" rel=\"noopener\"><strong>PAGAR AQU\u00cd en dolares 65 $us (Descuento vigente)<\/strong><\/a><\/div>\r\n<\/div>\t\t\t\t\t\t <\/div>\r\n\t\t\t\t\t\t\t\t\t\t\t\t <div role=\"tabpanel\" class=\"tab-pane \" id=\"tabs_desc_15805_3\">\r\n\t\t\t\t\t\t\t\t<p style=\"text-align: center\"><img data-recalc-dims=\"1\" loading=\"lazy\" decoding=\"async\" class=\"aligncenter wp-image-7043\" src=\"https:\/\/i0.wp.com\/cebem.org\/wp-content\/uploads\/2020\/04\/Logo_Banco_BISA.png?resize=250%2C75&#038;ssl=1\" alt=\"\" width=\"250\" height=\"75\" srcset=\"https:\/\/i0.wp.com\/cebem.org\/wp-content\/uploads\/2020\/04\/Logo_Banco_BISA.png?w=600&amp;ssl=1 600w, https:\/\/i0.wp.com\/cebem.org\/wp-content\/uploads\/2020\/04\/Logo_Banco_BISA.png?resize=300%2C90&amp;ssl=1 300w\" sizes=\"(max-width: 250px) 100vw, 250px\" \/><\/p>\r\n<p style=\"text-align: center\"><strong>En bolivianos - BS<br>\r\n<\/strong>Cuenta corriente: 130861-001-9<br>\r\nTitular de la cuenta: Cebem\u200b<br>\r\nNIT: 1006059021<\/p>\r\n<p style=\"text-align: center\"><strong>En d\u00f3lares - U$<br>\r\n<\/strong>Cuenta corriente: 130861-206-2<br>\r\nTitular de la cuenta: Cebem\u200b<br>\r\nNIT: 1006059021<\/p>\r\n<em>Posterior al pago enviar una foto de la constancia de transferencia al correo beatriz@cebem.org indicando su nombre y el nombre del curso al cual se ha inscrito.<\/em>\t\t\t\t\t\t <\/div>\r\n\t\t\t\t\t\t\t\t\t\t\t\t <div role=\"tabpanel\" class=\"tab-pane \" id=\"tabs_desc_15805_4\">\r\n\t\t\t\t\t\t\t\t<p style=\"text-align: center\"><strong>De LUNES a VIERNES<\/strong><\/p>\r\n<p style=\"text-align: center\"><strong>De 9:00 a.m. 12:00 p.m. y de 15:00 a 18:00<\/strong><\/p>\r\n<p style=\"text-align: center\">Calle Macario Pinilla # 2588 esq. Av. Arce, Edificio Arcadia, Mezzanine, Of. 101 - La Paz, Bolivia<\/p>\r\n<p style=\"text-align: center\">Tel\u00e9fono: +591 2431818 - Celular: +591 73027636 - Casilla No 9205<\/p>\r\n<p style=\"text-align: center\"><\/p>\t\t\t\t\t\t <\/div>\r\n\t\t\t\t\t\t\t\r\n\t\t\t\t\t <\/div>\r\n\t\t\t\t\t \r\n\t\t\t\t <\/div>\r\n <script>\r\n\t\tjQuery(function () {\r\n\t\t\tjQuery('#myTab_15805 a:first').tab('show')\r\n\t\t});\r\n\t\t\r\n\t\t\t\tjQuery(function(){\r\n\t\t\tvar b=\"fadeIn\";\r\n\t\t\tvar c;\r\n\t\t\tvar a;\r\n\t\t\td(jQuery(\"#myTab_15805 a\"),jQuery(\"#tab-content_15805\"));function d(e,f,g){\r\n\t\t\t\te.click(function(i){\r\n\t\t\t\t\ti.preventDefault();\r\n\t\t\t\t\tjQuery(this).tab(\"show\");\r\n\t\t\t\t\tvar h=jQuery(this).data(\"easein\");\r\n\t\t\t\t\tif(c){c.removeClass(a);}\r\n\t\t\t\t\tif(h){f.find(\"div.active\").addClass(\"animated \"+h);a=h;}\r\n\t\t\t\t\telse{if(g){f.find(\"div.active\").addClass(\"animated \"+g);a=g;}else{f.find(\"div.active\").addClass(\"animated \"+b);a=b;}}c=f.find(\"div.active\");\r\n\t\t\t\t});\r\n\t\t\t}\r\n\t\t});\r\n\t\t\r\n\r\n\t\tfunction do_resize(){\r\n\r\n\t\t\tvar width=jQuery( '.tab-content .tab-pane iframe' ).width();\r\n\t\t\tvar height=jQuery( '.tab-content .tab-pane iframe' ).height();\r\n\r\n\t\t\tvar toggleSize = true;\r\n\t\t\tjQuery('iframe').animate({\r\n\t\t\t    width: toggleSize ? width : 640,\r\n\t\t\t    height: toggleSize ? height : 360\r\n\t\t\t  }, 250);\r\n\r\n\t\t\t  toggleSize = !toggleSize;\r\n\t\t}\r\n\r\n\r\n\t<\/script>\r\n\t\t\t\t\r\n\t\t\t\n\n\n\n<p><em>Para fines de inicio del curso, solicitamos su confirmaci\u00f3n de asistencia.<\/em><\/p>\n\n\n\n<h4 class=\"wp-block-heading has-vivid-purple-color has-text-color\"><strong><strong>PRE-INSCRIPCIONES AL CURSO<\/strong><\/strong><\/h4>\n\n\n\n<h3 class=\"wp-block-heading has-text-align-center\" id=\"block-d6305b82-a6e5-4c19-a919-454d89a8372b\">\u00bfTe interesa participar del curso?<\/h3>\n\n\n\n<div class=\"wp-block-buttons is-horizontal is-content-justification-center is-layout-flex wp-container-core-buttons-is-layout-499968f5 wp-block-buttons-is-layout-flex\">\n<div class=\"wp-block-button\"><a class=\"wp-block-button__link has-black-color has-light-green-cyan-background-color has-text-color has-background wp-element-button\" href=\"https:\/\/forms.gle\/67UE39m5C7Skdaqg8\" style=\"border-radius:5px\" target=\"_blank\" rel=\"noreferrer noopener\">REALIZA TU  PRE-INSCRIPCI\u00d3N<\/a><\/div>\n<\/div>\n\n\n\n<h4 class=\"wp-block-heading has-vivid-purple-color has-text-color\" id=\"facilitadora\">DOCENTE<\/h4>\n\n\n<div class=\"wp-block-image\">\n<figure class=\"alignleft size-full is-resized\"><img data-recalc-dims=\"1\" loading=\"lazy\" decoding=\"async\" width=\"106\" height=\"106\" src=\"https:\/\/i0.wp.com\/cebem.org\/wp-content\/uploads\/2023\/01\/Evelin-Okey-Perfil.png?resize=106%2C106&#038;ssl=1\" alt=\"\" class=\"wp-image-12148\" style=\"width:136px;height:136px\"\/><\/figure>\n<\/div>\n\n\n<p class=\"has-text-align-justify has-small-font-size\"><strong>Evelin Troche Araujo,<\/strong>&nbsp;Consultora, Asesora Senior y Economista de profesi\u00f3n, cuenta con alrededor 20 a\u00f1os de experiencia en el sector del desarrollo socio econ\u00f3mico, liderando y gerenciando procesos, programas y proyectos de desarrollo socio econ\u00f3mico en organizaciones sociales y privadas en las \u00e1reas de planificaci\u00f3n y direcci\u00f3n estrat\u00e9gica, operaciones, dise\u00f1o (planeaci\u00f3n), monitoreo y evaluaci\u00f3n, gerencia por resultados, gerencia de programas y proyectos, gerenciamiento de procesos estrat\u00e9gicos institucionales, gesti\u00f3n de la calidad e innovaci\u00f3n, liderazgo organizacional, entre otros campos. Cuenta adem\u00e1s con amplia experiencia en el manejo del ciclo de gesti\u00f3n del aprendizaje, desarrollo de capacidades y competencias, y metodolog\u00edas relacionadas. Se ha desempe\u00f1ado y desempe\u00f1a tambi\u00e9n como docente y facilitadora (desarrollo de capacidades y competencias).<\/p>\n\n\n\n<p class=\"has-text-align-justify has-small-font-size\"><strong>Evelin Troche<\/strong>&nbsp;ha realizado estudios de Postgrado en varios campos multidisciplinarios, destacando entre ellos, Direcci\u00f3n y Administraci\u00f3n de Empresas, EEN;&nbsp;Experto en Management Empresarial, EEN; Pensamiento Estrat\u00e9gico para Directores Ejecutivos, University of Cambridge, Liderazgo Organizacional en Instituto Tecnol\u00f3gico y de Estudios Superiores de Monterrey (ITSEM, M\u00e9xico); Educaci\u00f3n Superior, Universidad Del Valle; Certificada en Project Management for Development Professionals \u2013 PMD Pro, APMG Group International, entre otros.&nbsp;<\/p>\n\n\n\n<h4 class=\"wp-block-heading has-vivid-purple-color has-text-color\">CERTIFICACI\u00d3N<\/h4>\n\n\n\n<h3 class=\"wp-block-heading has-text-align-center\" id=\"finaliza-el-curso-y-obten-tu-certificado\">\u00a1Finaliza el curso y obt\u00e9n tu CERTIFICADO!<br><img data-recalc-dims=\"1\" loading=\"lazy\" decoding=\"async\" width=\"500\" height=\"354\" class=\"wp-image-14206\" style=\"width: 500px;\" src=\"https:\/\/i0.wp.com\/cebem.org\/wp-content\/uploads\/2024\/04\/ejemplo-certificado-2024.png?resize=500%2C354&#038;ssl=1\" alt=\"\" srcset=\"https:\/\/i0.wp.com\/cebem.org\/wp-content\/uploads\/2024\/04\/ejemplo-certificado-2024.png?w=1024&amp;ssl=1 1024w, https:\/\/i0.wp.com\/cebem.org\/wp-content\/uploads\/2024\/04\/ejemplo-certificado-2024.png?resize=300%2C212&amp;ssl=1 300w, https:\/\/i0.wp.com\/cebem.org\/wp-content\/uploads\/2024\/04\/ejemplo-certificado-2024.png?resize=768%2C543&amp;ssl=1 768w, https:\/\/i0.wp.com\/cebem.org\/wp-content\/uploads\/2024\/04\/ejemplo-certificado-2024.png?resize=600%2C424&amp;ssl=1 600w, https:\/\/i0.wp.com\/cebem.org\/wp-content\/uploads\/2024\/04\/ejemplo-certificado-2024.png?resize=750%2C530&amp;ssl=1 750w\" sizes=\"(max-width: 500px) 100vw, 500px\" \/><\/h3>\n\n\n\n<h4 class=\"wp-block-heading has-vivid-purple-color has-text-color\" id=\"block-ae2b1ae1-1cfb-4c8f-834c-4a77fc8b1428\"><strong>\u00bfTIENES ALGUNA CONSULTA? ESCR\u00cdBENOS:<\/strong><\/h4>\n\n\n\n<div class=\"wp-block-columns is-layout-flex wp-container-core-columns-is-layout-9d6595d7 wp-block-columns-is-layout-flex\">\n<div class=\"wp-block-column is-layout-flow wp-block-column-is-layout-flow\"><div class=\"wp-block-image\">\n<figure class=\"aligncenter is-resized\" id=\"block-03a03a78-c7b6-4921-9eef-537a891cf30c\"><img data-recalc-dims=\"1\" decoding=\"async\" src=\"https:\/\/i0.wp.com\/cebem.org\/wp-content\/uploads\/2019\/07\/envelope-3152053_960_720.png?w=750&#038;ssl=1\" alt=\"La imagen tiene un atributo ALT vac\u00edo; su nombre de archivo es envelope-3152053_960_720.png\" style=\"width:71px;height:54px\"\/><\/figure>\n<\/div>\n\n\n<p class=\"has-text-align-center\" id=\"block-ad3c28f6-942a-4847-9bc2-f1f8cb5f179f\"><a href=\"mailto:beatriz@cebem.org\"><strong>beatriz@cebem.org<\/strong><\/a><\/p>\n<\/div>\n\n\n\n<div class=\"wp-block-column is-layout-flow wp-block-column-is-layout-flow\"><div class=\"wp-block-image\">\n<figure class=\"aligncenter is-resized\" id=\"block-ab0ee5bb-071a-4e1f-aaf9-6b3653d31dc2\"><img data-recalc-dims=\"1\" decoding=\"async\" src=\"https:\/\/i0.wp.com\/cebem.org\/wp-content\/uploads\/2019\/07\/Whatsapp_icon-icons.png?w=750&#038;ssl=1\" alt=\"La imagen tiene un atributo ALT vac\u00edo; su nombre de archivo es Whatsapp_icon-icons.png\" style=\"width:66px;height:66px\"\/><\/figure>\n<\/div>\n\n\n<p class=\"has-text-align-center\" id=\"block-f8faf0af-f3fd-4dee-84b3-68a6e9ba01c2\"><a href=\"https:\/\/api.whatsapp.com\/send?phone=59170522053&amp;text=Me%20interesa%20el%20Curso%20Teor%C3%ADa%20del%20Cambio%20en%20la%20Gesti%C3%B3n%20y%20Formulaci%C3%B3n\" target=\"_blank\" rel=\"noreferrer noopener\"><strong>WhatsApp:<\/strong>&nbsp;+591 70522053<\/a> \/ <a href=\"https:\/\/wa.me\/59177008113\" target=\"_blank\" rel=\"noreferrer noopener\">77008113<\/a><\/p>\n<\/div>\n<\/div>\n\n\n\n<p class=\"has-text-align-center hidden has-white-color has-vivid-red-background-color has-text-color has-background has-larger-font-size\" id=\"inversion\"><strong>Descuentos vigentes por pronta inscripci\u00f3n:<\/strong> 450 Bs o su equivalente en d\u00f3lares 65 $us.<\/p>\n\n\n\n<p><\/p>\n","protected":false},"excerpt":{"rendered":"<p>Curso Virtual: Midiendo el \u00e9xito. Monitoreo Efectivo Basado en Resultados<\/p>\n","protected":false},"author":15,"featured_media":15196,"comment_status":"closed","ping_status":"closed","sticky":false,"template":"","format":"standard","meta":{"_jetpack_memberships_contains_paid_content":false,"footnotes":"","jetpack_publicize_message":"","jetpack_publicize_feature_enabled":false,"jetpack_social_post_already_shared":false,"jetpack_social_options":{"image_generator_settings":{"template":"highway","default_image_id":0,"font":"","enabled":false},"version":2}},"categories":[595,4],"tags":[2318,247,628],"class_list":["post-15804","post","type-post","status-publish","format-standard","has-post-thumbnail","hentry","category-curso-tutoriado","category-cursos-culminados-cebem","tag-boletin-11-noviembre-2025","tag-curso-virtual","tag-monitoreo","nodate","item-wrap"],"jetpack_publicize_connections":[],"jetpack_featured_media_url":"https:\/\/i0.wp.com\/cebem.org\/wp-content\/uploads\/2025\/01\/afiche-evelin.fw_.png?fit=460%2C226&ssl=1","jetpack_sharing_enabled":true,"_links":{"self":[{"href":"https:\/\/cebem.org\/index.php?rest_route=\/wp\/v2\/posts\/15804","targetHints":{"allow":["GET"]}}],"collection":[{"href":"https:\/\/cebem.org\/index.php?rest_route=\/wp\/v2\/posts"}],"about":[{"href":"https:\/\/cebem.org\/index.php?rest_route=\/wp\/v2\/types\/post"}],"author":[{"embeddable":true,"href":"https:\/\/cebem.org\/index.php?rest_route=\/wp\/v2\/users\/15"}],"replies":[{"embeddable":true,"href":"https:\/\/cebem.org\/index.php?rest_route=%2Fwp%2Fv2%2Fcomments&post=15804"}],"version-history":[{"count":6,"href":"https:\/\/cebem.org\/index.php?rest_route=\/wp\/v2\/posts\/15804\/revisions"}],"predecessor-version":[{"id":15866,"href":"https:\/\/cebem.org\/index.php?rest_route=\/wp\/v2\/posts\/15804\/revisions\/15866"}],"wp:featuredmedia":[{"embeddable":true,"href":"https:\/\/cebem.org\/index.php?rest_route=\/wp\/v2\/media\/15196"}],"wp:attachment":[{"href":"https:\/\/cebem.org\/index.php?rest_route=%2Fwp%2Fv2%2Fmedia&parent=15804"}],"wp:term":[{"taxonomy":"category","embeddable":true,"href":"https:\/\/cebem.org\/index.php?rest_route=%2Fwp%2Fv2%2Fcategories&post=15804"},{"taxonomy":"post_tag","embeddable":true,"href":"https:\/\/cebem.org\/index.php?rest_route=%2Fwp%2Fv2%2Ftags&post=15804"}],"curies":[{"name":"wp","href":"https:\/\/api.w.org\/{rel}","templated":true}]}}