
{"id":15800,"date":"2025-10-24T20:22:26","date_gmt":"2025-10-25T00:22:26","guid":{"rendered":"https:\/\/cebem.org\/?p=15800"},"modified":"2025-11-04T11:43:00","modified_gmt":"2025-11-04T15:43:00","slug":"vii-seminario-internacional-de-teoria-urbana-latinoamericana","status":"publish","type":"post","link":"https:\/\/cebem.org\/?p=15800","title":{"rendered":"VII Seminario Internacional de Teor\u00eda Urbana Latinoamericana."},"content":{"rendered":"<div class=\"wp-block-image\">\n<figure class=\"aligncenter size-full\"><img data-recalc-dims=\"1\" fetchpriority=\"high\" decoding=\"async\" width=\"750\" height=\"500\" src=\"https:\/\/i0.wp.com\/cebem.org\/wp-content\/uploads\/2025\/10\/seminario-internacional-1.jpg?resize=750%2C500&#038;ssl=1\" alt=\"\" class=\"wp-image-15802\" srcset=\"https:\/\/i0.wp.com\/cebem.org\/wp-content\/uploads\/2025\/10\/seminario-internacional-1.jpg?w=750&amp;ssl=1 750w, https:\/\/i0.wp.com\/cebem.org\/wp-content\/uploads\/2025\/10\/seminario-internacional-1.jpg?resize=300%2C200&amp;ssl=1 300w\" sizes=\"(max-width: 750px) 100vw, 750px\" \/><\/figure>\n<\/div>\n\n\n<p>El encuentro es organizado por el Instituto de Estudios Urbanos de la Universidad Nacional de Colombia, sede Bogot\u00e1; la Escuela Superior de Administraci\u00f3n P\u00fablica de Colombia ESAP, la Asociaci\u00f3n Colombiana de Investigadores Urbano Regionales ACIUR y la Universidad Externado de Colombia.<br><\/p>\n\n\n\n<p>El tema central que se propone para desarrollar en el seminario es: Cinco d\u00e9cadas de urbanismo neoliberal en Am\u00e9rica Latina. Efectos, limitaciones, alternativas.<\/p>\n\n\n\n<h4 class=\"wp-block-heading\"><strong>Mayor informaci\u00f3n: Instituto de Estudios Urbanos: administrador@institutodeestudiosurbanos.org<\/strong><\/h4>\n\n\n\n<p><\/p>\n","protected":false},"excerpt":{"rendered":"<p>El encuentro es organizado por el Instituto de Estudios Urbanos de la Universidad Nacional de Colombia, sede Bogot\u00e1; la Escuela Superior de Administraci\u00f3n P\u00fablica de Colombia ESAP, la Asociaci\u00f3n Colombiana de Investigadores Urbano Regionales ACIUR y la Universidad Externado de Colombia. El tema central que se propone para desarrollar en el seminario es: Cinco d\u00e9cadas &hellip; <\/p>\n<p><a class=\"more-link btn\" href=\"https:\/\/cebem.org\/?p=15800\">Seguir leyendo<\/a><\/p>\n","protected":false},"author":12,"featured_media":15802,"comment_status":"closed","ping_status":"closed","sticky":false,"template":"","format":"standard","meta":{"_jetpack_memberships_contains_paid_content":false,"footnotes":"","jetpack_publicize_message":"","jetpack_publicize_feature_enabled":true,"jetpack_social_post_already_shared":true,"jetpack_social_options":{"image_generator_settings":{"template":"highway","default_image_id":0,"font":"","enabled":false},"version":2}},"categories":[9,2098],"tags":[2303,2323,2321,2320],"class_list":["post-15800","post","type-post","status-publish","format-standard","has-post-thumbnail","hentry","category-destacados","category-seminario","tag-boletin-10-octubre-2025","tag-iue-sede-bogota","tag-teoria-urbana-latinoamerica","tag-vii-seminario-internacional","item-wrap"],"jetpack_publicize_connections":[],"jetpack_featured_media_url":"https:\/\/i0.wp.com\/cebem.org\/wp-content\/uploads\/2025\/10\/seminario-internacional-1.jpg?fit=750%2C500&ssl=1","jetpack_sharing_enabled":true,"_links":{"self":[{"href":"https:\/\/cebem.org\/index.php?rest_route=\/wp\/v2\/posts\/15800","targetHints":{"allow":["GET"]}}],"collection":[{"href":"https:\/\/cebem.org\/index.php?rest_route=\/wp\/v2\/posts"}],"about":[{"href":"https:\/\/cebem.org\/index.php?rest_route=\/wp\/v2\/types\/post"}],"author":[{"embeddable":true,"href":"https:\/\/cebem.org\/index.php?rest_route=\/wp\/v2\/users\/12"}],"replies":[{"embeddable":true,"href":"https:\/\/cebem.org\/index.php?rest_route=%2Fwp%2Fv2%2Fcomments&post=15800"}],"version-history":[{"count":1,"href":"https:\/\/cebem.org\/index.php?rest_route=\/wp\/v2\/posts\/15800\/revisions"}],"predecessor-version":[{"id":15803,"href":"https:\/\/cebem.org\/index.php?rest_route=\/wp\/v2\/posts\/15800\/revisions\/15803"}],"wp:featuredmedia":[{"embeddable":true,"href":"https:\/\/cebem.org\/index.php?rest_route=\/wp\/v2\/media\/15802"}],"wp:attachment":[{"href":"https:\/\/cebem.org\/index.php?rest_route=%2Fwp%2Fv2%2Fmedia&parent=15800"}],"wp:term":[{"taxonomy":"category","embeddable":true,"href":"https:\/\/cebem.org\/index.php?rest_route=%2Fwp%2Fv2%2Fcategories&post=15800"},{"taxonomy":"post_tag","embeddable":true,"href":"https:\/\/cebem.org\/index.php?rest_route=%2Fwp%2Fv2%2Ftags&post=15800"}],"curies":[{"name":"wp","href":"https:\/\/api.w.org\/{rel}","templated":true}]}}