
{"id":15789,"date":"2025-10-24T11:08:52","date_gmt":"2025-10-24T15:08:52","guid":{"rendered":"https:\/\/cebem.org\/?p=15789"},"modified":"2025-10-24T11:53:17","modified_gmt":"2025-10-24T15:53:17","slug":"webinar-internacional-sistemas-agroforestales-y-produccion-sostenible-sin-quema-en-america-latina","status":"publish","type":"post","link":"https:\/\/cebem.org\/?p=15789","title":{"rendered":"WEBINAR Internacional: Sistemas Agroforestales y Producci\u00f3n Sostenible sin Quema en Am\u00e9rica Latina"},"content":{"rendered":"\n<div data-wp-interactive=\"core\/file\" class=\"wp-block-file\"><object data-wp-bind--hidden=\"!state.hasPdfPreview\" hidden class=\"wp-block-file__embed\" data=\"https:\/\/cebem.org\/wp-content\/uploads\/2025\/10\/BOL-62_Afiche-WEBINAR-Sistemas-Agroforestales_vf.pdf\" type=\"application\/pdf\" style=\"width:100%;height:796px\" aria-label=\"Incrustado de AFICHE.\"><\/object><a id=\"wp-block-file--media-812a436b-edd6-4b71-bf3a-564ee15bf666\" href=\"https:\/\/cebem.org\/wp-content\/uploads\/2025\/10\/BOL-62_Afiche-WEBINAR-Sistemas-Agroforestales_vf.pdf\">AFICHE<\/a><a href=\"https:\/\/cebem.org\/wp-content\/uploads\/2025\/10\/BOL-62_Afiche-WEBINAR-Sistemas-Agroforestales_vf.pdf\" class=\"wp-block-file__button wp-element-button\" download aria-describedby=\"wp-block-file--media-812a436b-edd6-4b71-bf3a-564ee15bf666\">Descarga<\/a><\/div>\n\n\n\n<p><strong>Fecha:<\/strong> 6 de noviembre<\/p>\n\n\n\n<p><strong>Hora:<\/strong> 10:00 a 12:00 (hora Bolivia)<\/p>\n\n\n\n<p><strong>Modalidad:<\/strong> Virtual<\/p>\n\n\n\n<p>Un espacio de encuentro latinoamericano para compartir experiencias <strong>compartir experiencias vivas de mujeres productoras, campesinas e ind\u00edgenas<\/strong> que cultivan sin quemar, protegen los bosques y alimentan a sus comunidades.<br>El webinar busca <strong>visibilizar el liderazgo de las mujeres<\/strong> en la defensa del territorio, la gesti\u00f3n sostenible de los recursos naturales y la construcci\u00f3n de modelos agroecol\u00f3gicos frente a la crisis clim\u00e1tica.<\/p>\n\n\n\n<p><strong>Temas centrales:<\/strong><\/p>\n\n\n\n<ul class=\"wp-block-list\">\n<li><strong>Pr\u00e1cticas agroforestales sin quema<\/strong> en comunidades ind\u00edgenas de la Amazon\u00eda boliviana.<\/li>\n\n\n\n<li><strong>Reforestaci\u00f3n como oportunidad de adaptaci\u00f3n<\/strong> desde la producci\u00f3n campesina.<\/li>\n\n\n\n<li><strong>Buenas pr\u00e1cticas agroecol\u00f3gicas resilientes<\/strong> frente al cambio clim\u00e1tico.<\/li>\n<\/ul>\n\n\n\n<p><strong>Participan:<\/strong><\/p>\n\n\n\n<p><strong>Bolivia<\/strong><\/p>\n\n\n\n<ul class=\"wp-block-list\">\n<li><strong>Cristina Cari<\/strong>, Oficina Regional del CEJIS en Trinidad.<\/li>\n\n\n\n<li><strong>Yolanda Maza Jare<\/strong>, dirigenta de la Subcentral del Territorio Ind\u00edgena Moje\u00f1o Ignaciano (TIMI).<\/li>\n\n\n\n<li>Mujeres productoras del Territorio Ind\u00edgena Moje\u00f1o Ignaciano (Beni).<\/li>\n<\/ul>\n\n\n\n<p><strong>Cuba<\/strong><\/p>\n\n\n\n<ul class=\"wp-block-list\">\n<li><strong>Aurelia Mar\u00eda Castellanos Quintero<\/strong>, Presidenta de la Filial de La Habana de la Asociaci\u00f3n Cubana de Producci\u00f3n Animal (ACPA).<\/li>\n\n\n\n<li><strong>Anna Mairilys Dar\u00edas Viciedo<\/strong>, dirigenta de la Unidad B\u00e1sica de Producci\u00f3n Cooperativa (UBPC) Cinco Palmas.<\/li>\n<\/ul>\n\n\n\n<p><strong>Rep\u00fablica Dominicana<\/strong><\/p>\n\n\n\n<ul class=\"wp-block-list\">\n<li><strong>Elsa S\u00e1nchez<\/strong>, lideresa de la organizaci\u00f3n campesina <strong>Reto\u00f1os<\/strong>.<\/li>\n\n\n\n<li><strong>Crudeliny Ram\u00edrez<\/strong>, representante de <strong>Reto\u00f1os<\/strong> y promotora de pr\u00e1cticas agroecol\u00f3gicas sostenibles.<\/li>\n<\/ul>\n\n\n\n<p><strong>Conversatorio:<\/strong> Moderado por <strong>Justicia Alimentaria<\/strong>, con la participaci\u00f3n directa de mujeres productoras de los tres pa\u00edses.<\/p>\n\n\n\n<p><strong>Organizan:<\/strong><\/p>\n\n\n\n<p><strong>Justicia Alimentaria<\/strong> y <strong>CEJIS<\/strong>, con el apoyo de la <strong>Generalitat Valenciana<\/strong>.<br>En el marco del proyecto <em>\u201cApoyo al ejercicio del derecho a la soberan\u00eda alimentaria y al desarrollo de los pueblos ind\u00edgenas y mujeres Chiquitanas y Moje\u00f1o Ignacianas en Bolivia\u201d<\/em>.<\/p>\n\n\n\n<p><strong>\u00danete a este di\u00e1logo regional<\/strong><\/p>\n\n\n\n<p>S\u00e9 parte de este encuentro que celebra la <strong>sabidur\u00eda de las mujeres rurales<\/strong>, la <strong>defensa del territorio<\/strong> y la <strong>producci\u00f3n sostenible sin quema<\/strong>, contribuyendo a la soberan\u00eda alimentaria y a la justicia clim\u00e1tica en Am\u00e9rica Latina.<\/p>\n\n\n\n<p><strong>Inscr\u00edbete y participa<\/strong> en esta experiencia inspiradora de cooperaci\u00f3n Sur\u2013Sur:<\/p>\n\n\n\n<p><a href=\"https:\/\/docs.google.com\/forms\/d\/e\/1FAIpQLSc0BHNPqrdak3kT0dSbd2Ofkx3cumSi0LDyRPmXzuq_jMt48g\/viewform?usp=header\"><strong>https:\/\/docs.google.com\/forms\/d\/e\/1FAIpQLSc0BHNPqrdak3kT0dSbd2Ofkx3cumSi0LDyRPmXzuq_jMt48g\/viewform?usp=header<\/strong><\/a><\/p>\n","protected":false},"excerpt":{"rendered":"<p>Un espacio de encuentro latinoamericano para compartir  experiencias vivas de mujeres productoras, campesinas e ind\u00edgenas <\/p>\n","protected":false},"author":15,"featured_media":15790,"comment_status":"closed","ping_status":"closed","sticky":false,"template":"","format":"standard","meta":{"_jetpack_memberships_contains_paid_content":false,"footnotes":"","jetpack_publicize_message":"","jetpack_publicize_feature_enabled":true,"jetpack_social_post_already_shared":true,"jetpack_social_options":{"image_generator_settings":{"template":"highway","default_image_id":0,"font":"","enabled":false},"version":2}},"categories":[9,10],"tags":[278,431,2319],"class_list":["post-15789","post","type-post","status-publish","format-standard","has-post-thumbnail","hentry","category-destacados","category-otros-cursos","tag-america-latina-2","tag-sistemas-agroforestales","tag-webinar-internacional","item-wrap"],"jetpack_publicize_connections":[],"jetpack_featured_media_url":"https:\/\/i0.wp.com\/cebem.org\/wp-content\/uploads\/2025\/10\/destacado1.png?fit=858%2C318&ssl=1","jetpack_sharing_enabled":true,"_links":{"self":[{"href":"https:\/\/cebem.org\/index.php?rest_route=\/wp\/v2\/posts\/15789","targetHints":{"allow":["GET"]}}],"collection":[{"href":"https:\/\/cebem.org\/index.php?rest_route=\/wp\/v2\/posts"}],"about":[{"href":"https:\/\/cebem.org\/index.php?rest_route=\/wp\/v2\/types\/post"}],"author":[{"embeddable":true,"href":"https:\/\/cebem.org\/index.php?rest_route=\/wp\/v2\/users\/15"}],"replies":[{"embeddable":true,"href":"https:\/\/cebem.org\/index.php?rest_route=%2Fwp%2Fv2%2Fcomments&post=15789"}],"version-history":[{"count":5,"href":"https:\/\/cebem.org\/index.php?rest_route=\/wp\/v2\/posts\/15789\/revisions"}],"predecessor-version":[{"id":15798,"href":"https:\/\/cebem.org\/index.php?rest_route=\/wp\/v2\/posts\/15789\/revisions\/15798"}],"wp:featuredmedia":[{"embeddable":true,"href":"https:\/\/cebem.org\/index.php?rest_route=\/wp\/v2\/media\/15790"}],"wp:attachment":[{"href":"https:\/\/cebem.org\/index.php?rest_route=%2Fwp%2Fv2%2Fmedia&parent=15789"}],"wp:term":[{"taxonomy":"category","embeddable":true,"href":"https:\/\/cebem.org\/index.php?rest_route=%2Fwp%2Fv2%2Fcategories&post=15789"},{"taxonomy":"post_tag","embeddable":true,"href":"https:\/\/cebem.org\/index.php?rest_route=%2Fwp%2Fv2%2Ftags&post=15789"}],"curies":[{"name":"wp","href":"https:\/\/api.w.org\/{rel}","templated":true}]}}