
{"id":15783,"date":"2025-10-22T11:51:58","date_gmt":"2025-10-22T15:51:58","guid":{"rendered":"https:\/\/cebem.org\/?p=15783"},"modified":"2025-10-22T11:52:00","modified_gmt":"2025-10-22T15:52:00","slug":"pensamiento-en-sostenibilidad-ambiental-103","status":"publish","type":"post","link":"https:\/\/cebem.org\/?p=15783","title":{"rendered":"Pensamiento en sostenibilidad ambiental 103:"},"content":{"rendered":"\n<h3 class=\"wp-block-heading has-text-align-center\"><strong><strong>Uso de la teor\u00eda de la zona de imposibilidad para la resoluci\u00f3n de problemas cr\u00edticos para se\u00f1alar por qu\u00e9 problemas cr\u00edticos de desarrollo, impulsados \u200b\u200bpor el antropocentrismo como el calentamiento global, no se han resuelto desde 1987 y por qu\u00e9 no se debe esperar que se resuelvan si continuamos utilizando herramientas de desarrollo de mercado no basadas en la transici\u00f3n.<\/strong><\/strong><\/h3>\n\n\n\n<p><strong>Por Lucio Mu\u00f1oz:<\/strong> Investigador Independientes en Estudios Comparativos Cualitativo, Vancouver, BC, Canad\u00e1 <strong>Correo:<\/strong> munoz@interchange.ubc.ca<\/p>\n\n\n<div class=\"wp-block-image\">\n<figure class=\"aligncenter size-full is-resized\"><img data-recalc-dims=\"1\" fetchpriority=\"high\" decoding=\"async\" width=\"529\" height=\"470\" src=\"https:\/\/i0.wp.com\/cebem.org\/wp-content\/uploads\/2025\/10\/ART110F7SPANISH.jpg?resize=529%2C470&#038;ssl=1\" alt=\"\" class=\"wp-image-15784\" style=\"object-fit:cover;width:530px;height:auto\" srcset=\"https:\/\/i0.wp.com\/cebem.org\/wp-content\/uploads\/2025\/10\/ART110F7SPANISH.jpg?w=529&amp;ssl=1 529w, https:\/\/i0.wp.com\/cebem.org\/wp-content\/uploads\/2025\/10\/ART110F7SPANISH.jpg?resize=300%2C267&amp;ssl=1 300w\" sizes=\"(max-width: 529px) 100vw, 529px\" \/><\/figure>\n<\/div>\n\n\n<p><strong>Res\u00famen<\/strong>:<\/p>\n\n\n\n<p class=\"has-text-align-justify\">Se puede afirmar que el comportamiento econ\u00f3mico irresponsable, impulsado por el ser humano, ha generado un problema cr\u00edtico de producci\u00f3n de contaminaci\u00f3n que afecta a la din\u00e1mica de problemas cr\u00edticos de desarrollo en un marco de bucle negativo. Esto nos ha llevado a un mundo de producci\u00f3n, consumo y din\u00e1micas poblacionales no \u00f3ptimas a lo largo del tiempo, con una creciente insostenibilidad que impulsa problemas cr\u00edticos como el calentamiento global. Esta es la perspectiva antropoc\u00e9ntrica de los impactos econ\u00f3micos negativos en la din\u00e1mica de problemas cr\u00edticos de desarrollo, incluido el calentamiento global. El objetivo de este art\u00edculo es vincular la teor\u00eda de la zona cr\u00edtica de imposibilidad de resoluci\u00f3n de problemas con esta perspectiva antropoc\u00e9ntrica para crear una zona cr\u00edtica de imposibilidad de resoluci\u00f3n de problemas vinculada a la din\u00e1mica del calentamiento global y utilizarla para destacar por qu\u00e9 los enfoques utilizados para abordar este comportamiento antropoc\u00e9ntrico negativo desde 1987 hasta la actualidad, a saber, los objetivos de desarrollo sostenible (desde la CMED de 1987), los mercados verdes pretendidos (desde la CNUDS de 2012, R\u00edo + 20) y los mercados tradicionales circulares (desde aproximadamente 2022), no han funcionado y la situaci\u00f3n est\u00e1 empeorando; y por qu\u00e9 no se debe esperar que solucionen el problema de la producci\u00f3n de contaminaci\u00f3n asociado negativamente con el calentamiento global.<\/p>\n\n\n\n<div data-wp-interactive=\"core\/file\" class=\"wp-block-file\"><object data-wp-bind--hidden=\"!state.hasPdfPreview\" hidden class=\"wp-block-file__embed\" data=\"https:\/\/cebem.org\/wp-content\/uploads\/2025\/10\/ART110.pdf\" type=\"application\/pdf\" style=\"width:100%;height:772px\" aria-label=\"Incrustado de Descarga el art\u00edculo completo (ingles).\"><\/object><a id=\"wp-block-file--media-d3701ba5-67df-447b-9218-3fbb949bfa89\" href=\"https:\/\/cebem.org\/wp-content\/uploads\/2025\/10\/ART110.pdf\" target=\"_blank\" rel=\"noreferrer noopener\">Descarga el art\u00edculo completo (ingles)<\/a><a href=\"https:\/\/cebem.org\/wp-content\/uploads\/2025\/10\/ART110.pdf\" class=\"wp-block-file__button wp-element-button\" download aria-describedby=\"wp-block-file--media-d3701ba5-67df-447b-9218-3fbb949bfa89\">Descarga<\/a><\/div>\n","protected":false},"excerpt":{"rendered":"<p>Uso de la teor\u00eda de la zona de imposibilidad para la resoluci\u00f3n de problemas cr\u00edticos para se\u00f1alar por qu\u00e9 problemas cr\u00edticos de desarrollo, impulsados \u200b\u200bpor el antropocentrismo como el calentamiento global, no se han resuelto desde 1987 y por qu\u00e9 no se debe esperar que se resuelvan si continuamos utilizando herramientas de desarrollo de mercado no basadas en la transici\u00f3n.<\/p>\n","protected":false},"author":15,"featured_media":15784,"comment_status":"closed","ping_status":"closed","sticky":false,"template":"","format":"standard","meta":{"_jetpack_memberships_contains_paid_content":false,"footnotes":"","jetpack_publicize_message":"","jetpack_publicize_feature_enabled":true,"jetpack_social_post_already_shared":true,"jetpack_social_options":{"image_generator_settings":{"template":"highway","default_image_id":0,"font":"","enabled":false},"version":2}},"categories":[9,7],"tags":[29,2318,74],"class_list":["post-15783","post","type-post","status-publish","format-standard","has-post-thumbnail","hentry","category-destacados","category-otras-publicaciones","tag-articulo","tag-boletin-11-noviembre-2025","tag-libro","item-wrap"],"jetpack_publicize_connections":[],"jetpack_featured_media_url":"https:\/\/i0.wp.com\/cebem.org\/wp-content\/uploads\/2025\/10\/ART110F7SPANISH.jpg?fit=529%2C470&ssl=1","jetpack_sharing_enabled":true,"_links":{"self":[{"href":"https:\/\/cebem.org\/index.php?rest_route=\/wp\/v2\/posts\/15783","targetHints":{"allow":["GET"]}}],"collection":[{"href":"https:\/\/cebem.org\/index.php?rest_route=\/wp\/v2\/posts"}],"about":[{"href":"https:\/\/cebem.org\/index.php?rest_route=\/wp\/v2\/types\/post"}],"author":[{"embeddable":true,"href":"https:\/\/cebem.org\/index.php?rest_route=\/wp\/v2\/users\/15"}],"replies":[{"embeddable":true,"href":"https:\/\/cebem.org\/index.php?rest_route=%2Fwp%2Fv2%2Fcomments&post=15783"}],"version-history":[{"count":3,"href":"https:\/\/cebem.org\/index.php?rest_route=\/wp\/v2\/posts\/15783\/revisions"}],"predecessor-version":[{"id":15788,"href":"https:\/\/cebem.org\/index.php?rest_route=\/wp\/v2\/posts\/15783\/revisions\/15788"}],"wp:featuredmedia":[{"embeddable":true,"href":"https:\/\/cebem.org\/index.php?rest_route=\/wp\/v2\/media\/15784"}],"wp:attachment":[{"href":"https:\/\/cebem.org\/index.php?rest_route=%2Fwp%2Fv2%2Fmedia&parent=15783"}],"wp:term":[{"taxonomy":"category","embeddable":true,"href":"https:\/\/cebem.org\/index.php?rest_route=%2Fwp%2Fv2%2Fcategories&post=15783"},{"taxonomy":"post_tag","embeddable":true,"href":"https:\/\/cebem.org\/index.php?rest_route=%2Fwp%2Fv2%2Ftags&post=15783"}],"curies":[{"name":"wp","href":"https:\/\/api.w.org\/{rel}","templated":true}]}}