
{"id":15779,"date":"2025-10-22T11:39:57","date_gmt":"2025-10-22T15:39:57","guid":{"rendered":"https:\/\/cebem.org\/?p=15779"},"modified":"2025-10-22T11:39:59","modified_gmt":"2025-10-22T15:39:59","slug":"nota-breve-aclaratoria-101","status":"publish","type":"post","link":"https:\/\/cebem.org\/?p=15779","title":{"rendered":"Nota breve aclaratoria 101:"},"content":{"rendered":"\n<h3 class=\"wp-block-heading has-text-align-center\"><strong>\u00bfPor qu\u00e9 el pensamiento tradicional de Pareto optimalidad es incompatible con el pensamiento coyuntural de Pareto optimalidad?<\/strong><\/h3>\n\n\n\n<p><strong>Por Lucio Mu\u00f1oz:<\/strong> Investigador Independientes en Estudios Comparativos Cualitativo, Vancouver, BC, Canad\u00e1 <strong>Correo:<\/strong> munoz@interchange.ubc.ca<\/p>\n\n\n<div class=\"wp-block-image\">\n<figure class=\"aligncenter size-full is-resized\"><img data-recalc-dims=\"1\" fetchpriority=\"high\" decoding=\"async\" width=\"477\" height=\"235\" src=\"https:\/\/i0.wp.com\/cebem.org\/wp-content\/uploads\/2025\/10\/ART302F1.jpg?resize=477%2C235&#038;ssl=1\" alt=\"\" class=\"wp-image-15780\" style=\"object-fit:cover;width:530px;height:auto\" srcset=\"https:\/\/i0.wp.com\/cebem.org\/wp-content\/uploads\/2025\/10\/ART302F1.jpg?w=477&amp;ssl=1 477w, https:\/\/i0.wp.com\/cebem.org\/wp-content\/uploads\/2025\/10\/ART302F1.jpg?resize=300%2C148&amp;ssl=1 300w\" sizes=\"(max-width: 477px) 100vw, 477px\" \/><\/figure>\n<\/div>\n\n\n<p><strong>Res\u00famen<\/strong>:<\/p>\n\n\n\n<p class=\"has-text-align-justify\">Existe el pensamiento tradicional de Pareto optimalidad y el pensamiento coyuntural de Pareto optimalidad a la Lucio Mu\u00f1oz. \u00a0El objetivo de esta breve nota es mostrar c\u00f3mo y por qu\u00e9 el pensamiento de causalidad coyuntural redefine el pensamiento de optimalidad m\u00e1s all\u00e1 de la optimalidad tradicional, respondiendo a la siguiente pregunta en t\u00e9rminos sencillos: \u00ab\u00bfPor qu\u00e9 el pensamiento tradicional de Pareto optimalidad es incompatible con el pensamiento coyuntural de Pareto optimalidad?\u00bb. Este conocimiento de optimalidad de Pareto resultante al responder la pregunta se relaciona directamente uno a uno con la naturaleza de los posibles paradigmas basados \u200b\u200ben una responsabilidad de nivel m\u00e1s superior.<\/p>\n\n\n\n<div data-wp-interactive=\"core\/file\" class=\"wp-block-file\"><object data-wp-bind--hidden=\"!state.hasPdfPreview\" hidden class=\"wp-block-file__embed\" data=\"https:\/\/cebem.org\/wp-content\/uploads\/2025\/10\/ART302.pdf\" type=\"application\/pdf\" style=\"width:100%;height:772px\" aria-label=\"Incrustado de Descarga el art\u00edculo completo (ingles).\"><\/object><a id=\"wp-block-file--media-dc980009-3f86-4b72-9c54-ac2cd84104dc\" href=\"https:\/\/cebem.org\/wp-content\/uploads\/2025\/10\/ART302.pdf\" target=\"_blank\" rel=\"noreferrer noopener\">Descarga el art\u00edculo completo (ingles)<\/a><a href=\"https:\/\/cebem.org\/wp-content\/uploads\/2025\/10\/ART302.pdf\" class=\"wp-block-file__button wp-element-button\" download aria-describedby=\"wp-block-file--media-dc980009-3f86-4b72-9c54-ac2cd84104dc\">Descarga<\/a><\/div>\n\n\n\n<p><\/p>\n","protected":false},"excerpt":{"rendered":"<p>\u00bfPor qu\u00e9 el pensamiento tradicional de Pareto optimalidad es incompatible con el pensamiento coyuntural de Pareto optimalidad?<\/p>\n","protected":false},"author":15,"featured_media":15780,"comment_status":"closed","ping_status":"closed","sticky":false,"template":"","format":"standard","meta":{"_jetpack_memberships_contains_paid_content":false,"footnotes":"","jetpack_publicize_message":"","jetpack_publicize_feature_enabled":true,"jetpack_social_post_already_shared":true,"jetpack_social_options":{"image_generator_settings":{"template":"highway","default_image_id":0,"font":"","enabled":false},"version":2}},"categories":[9,7],"tags":[29,2318,74],"class_list":["post-15779","post","type-post","status-publish","format-standard","has-post-thumbnail","hentry","category-destacados","category-otras-publicaciones","tag-articulo","tag-boletin-11-noviembre-2025","tag-libro","item-wrap"],"jetpack_publicize_connections":[],"jetpack_featured_media_url":"https:\/\/i0.wp.com\/cebem.org\/wp-content\/uploads\/2025\/10\/ART302F1.jpg?fit=477%2C235&ssl=1","jetpack_sharing_enabled":true,"_links":{"self":[{"href":"https:\/\/cebem.org\/index.php?rest_route=\/wp\/v2\/posts\/15779","targetHints":{"allow":["GET"]}}],"collection":[{"href":"https:\/\/cebem.org\/index.php?rest_route=\/wp\/v2\/posts"}],"about":[{"href":"https:\/\/cebem.org\/index.php?rest_route=\/wp\/v2\/types\/post"}],"author":[{"embeddable":true,"href":"https:\/\/cebem.org\/index.php?rest_route=\/wp\/v2\/users\/15"}],"replies":[{"embeddable":true,"href":"https:\/\/cebem.org\/index.php?rest_route=%2Fwp%2Fv2%2Fcomments&post=15779"}],"version-history":[{"count":1,"href":"https:\/\/cebem.org\/index.php?rest_route=\/wp\/v2\/posts\/15779\/revisions"}],"predecessor-version":[{"id":15782,"href":"https:\/\/cebem.org\/index.php?rest_route=\/wp\/v2\/posts\/15779\/revisions\/15782"}],"wp:featuredmedia":[{"embeddable":true,"href":"https:\/\/cebem.org\/index.php?rest_route=\/wp\/v2\/media\/15780"}],"wp:attachment":[{"href":"https:\/\/cebem.org\/index.php?rest_route=%2Fwp%2Fv2%2Fmedia&parent=15779"}],"wp:term":[{"taxonomy":"category","embeddable":true,"href":"https:\/\/cebem.org\/index.php?rest_route=%2Fwp%2Fv2%2Fcategories&post=15779"},{"taxonomy":"post_tag","embeddable":true,"href":"https:\/\/cebem.org\/index.php?rest_route=%2Fwp%2Fv2%2Ftags&post=15779"}],"curies":[{"name":"wp","href":"https:\/\/api.w.org\/{rel}","templated":true}]}}