
{"id":15767,"date":"2025-10-15T20:04:27","date_gmt":"2025-10-16T00:04:27","guid":{"rendered":"https:\/\/cebem.org\/?p=15767"},"modified":"2025-10-15T20:04:29","modified_gmt":"2025-10-16T00:04:29","slug":"acto-oficial-de-entrega-de-la-coleccion-de-rene-antonio-mayorga-al-musef","status":"publish","type":"post","link":"https:\/\/cebem.org\/?p=15767","title":{"rendered":"ACTO OFICIAL DE ENTREGA DE LA COLECCI\u00d3N DE RENE ANTONIO MAYORGA AL MUSEF."},"content":{"rendered":"<div class=\"wp-block-image\">\n<figure class=\"aligncenter size-full\"><img data-recalc-dims=\"1\" fetchpriority=\"high\" decoding=\"async\" width=\"490\" height=\"620\" src=\"https:\/\/i0.wp.com\/cebem.org\/wp-content\/uploads\/2025\/10\/LIBROS.jpg?resize=490%2C620&#038;ssl=1\" alt=\"\" class=\"wp-image-15772\" srcset=\"https:\/\/i0.wp.com\/cebem.org\/wp-content\/uploads\/2025\/10\/LIBROS.jpg?w=490&amp;ssl=1 490w, https:\/\/i0.wp.com\/cebem.org\/wp-content\/uploads\/2025\/10\/LIBROS.jpg?resize=237%2C300&amp;ssl=1 237w\" sizes=\"(max-width: 490px) 100vw, 490px\" \/><\/figure>\n<\/div>\n\n\n<p>Es grato para nosotros compartir el acto de donaci\u00f3n al <a href=\"http:\/\/www.musef.gob.bo\" target=\"_blank\" rel=\"noreferrer noopener\">MUSEF<\/a> que realizo la FAMILIA MAYORGA sobre la <strong>COLECCI\u00d3N del PhD Ren\u00e9 Antonio Mayorga<\/strong>.<\/p>\n\n\n\n<p><strong>La COLECCI\u00d3N,<\/strong> compuesta por Libros y art\u00edculos realizados a lo largo de su carrera profesional como soci\u00f3logo, polit\u00f3logo y Miembro Fundador e Investigador del CEBEM que con toda seguridad ser\u00e1 utilizado por estudiantes e investigadores en el campo multidisciplinario de las ciencias sociales.<\/p>\n\n\n\n<p>Esta colecci\u00f3n que consta de m\u00e1s de 6798 unidades documentales sobre Encomia, Pol\u00edtica, Etnodesarrollo, Pueblos originarios, Sociolog\u00eda y otros, todas estas unidades documentales podr\u00e1n encontrarlas en la Biblioteca del <strong>MUSEF.<\/strong><\/p>\n\n\n\n<h4 class=\"wp-block-heading\"><strong>Ver el acto de donaci\u00f3n AQUI<\/strong><\/h4>\n\n\n\n<p><a href=\"https:\/\/www.facebook.com\/share\/v\/16s2uAasNC\" target=\"_blank\" rel=\"noreferrer noopener\">https:\/\/www.facebook.com\/share\/v\/16s2uAasNC<\/a><\/p>\n\n\n\n<p><\/p>\n","protected":false},"excerpt":{"rendered":"<p>Es grato para nosotros compartir el acto de donaci\u00f3n al MUSEF que realizo la FAMILIA MAYORGA sobre la COLECCI\u00d3N del PhD Ren\u00e9 Antonio Mayorga. La COLECCI\u00d3N, compuesta por Libros y art\u00edculos realizados a lo largo de su carrera profesional como soci\u00f3logo, polit\u00f3logo y Miembro Fundador e Investigador del CEBEM que con toda seguridad ser\u00e1 utilizado &hellip; <\/p>\n<p><a class=\"more-link btn\" href=\"https:\/\/cebem.org\/?p=15767\">Seguir leyendo<\/a><\/p>\n","protected":false},"author":12,"featured_media":15772,"comment_status":"closed","ping_status":"closed","sticky":false,"template":"","format":"standard","meta":{"_jetpack_memberships_contains_paid_content":false,"footnotes":"","jetpack_publicize_message":"","jetpack_publicize_feature_enabled":true,"jetpack_social_post_already_shared":true,"jetpack_social_options":{"image_generator_settings":{"template":"highway","default_image_id":0,"font":"","enabled":false},"version":2}},"categories":[2093,9,34,1],"tags":[2303,1284,2312,2317],"class_list":["post-15767","post","type-post","status-publish","format-standard","has-post-thumbnail","hentry","category-contribuciones-rene-mayorga","category-destacados","category-eventos","category-noticias","tag-boletin-10-octubre-2025","tag-cebem","tag-coleccion-de-rene-antonio-mayorga","tag-musef","item-wrap"],"jetpack_publicize_connections":[],"jetpack_featured_media_url":"https:\/\/i0.wp.com\/cebem.org\/wp-content\/uploads\/2025\/10\/LIBROS.jpg?fit=490%2C620&ssl=1","jetpack_sharing_enabled":true,"_links":{"self":[{"href":"https:\/\/cebem.org\/index.php?rest_route=\/wp\/v2\/posts\/15767","targetHints":{"allow":["GET"]}}],"collection":[{"href":"https:\/\/cebem.org\/index.php?rest_route=\/wp\/v2\/posts"}],"about":[{"href":"https:\/\/cebem.org\/index.php?rest_route=\/wp\/v2\/types\/post"}],"author":[{"embeddable":true,"href":"https:\/\/cebem.org\/index.php?rest_route=\/wp\/v2\/users\/12"}],"replies":[{"embeddable":true,"href":"https:\/\/cebem.org\/index.php?rest_route=%2Fwp%2Fv2%2Fcomments&post=15767"}],"version-history":[{"count":4,"href":"https:\/\/cebem.org\/index.php?rest_route=\/wp\/v2\/posts\/15767\/revisions"}],"predecessor-version":[{"id":15776,"href":"https:\/\/cebem.org\/index.php?rest_route=\/wp\/v2\/posts\/15767\/revisions\/15776"}],"wp:featuredmedia":[{"embeddable":true,"href":"https:\/\/cebem.org\/index.php?rest_route=\/wp\/v2\/media\/15772"}],"wp:attachment":[{"href":"https:\/\/cebem.org\/index.php?rest_route=%2Fwp%2Fv2%2Fmedia&parent=15767"}],"wp:term":[{"taxonomy":"category","embeddable":true,"href":"https:\/\/cebem.org\/index.php?rest_route=%2Fwp%2Fv2%2Fcategories&post=15767"},{"taxonomy":"post_tag","embeddable":true,"href":"https:\/\/cebem.org\/index.php?rest_route=%2Fwp%2Fv2%2Ftags&post=15767"}],"curies":[{"name":"wp","href":"https:\/\/api.w.org\/{rel}","templated":true}]}}