
{"id":15688,"date":"2025-09-12T11:47:48","date_gmt":"2025-09-12T15:47:48","guid":{"rendered":"https:\/\/cebem.org\/?p=15688"},"modified":"2025-09-12T11:47:49","modified_gmt":"2025-09-12T15:47:49","slug":"convocatoria-para-candidatos-extranjeros-a-programas-completos-de-maestria-y-doctorado","status":"publish","type":"post","link":"https:\/\/cebem.org\/?p=15688","title":{"rendered":"CONVOCATORIA: Para Candidatos Extranjeros a Programas completos de Maestr\u00eda y Doctorado."},"content":{"rendered":"<div class=\"wp-block-image\">\n<figure class=\"aligncenter size-full\"><img data-recalc-dims=\"1\" fetchpriority=\"high\" decoding=\"async\" width=\"680\" height=\"383\" src=\"https:\/\/i0.wp.com\/cebem.org\/wp-content\/uploads\/2025\/09\/Convocatoria-para-candidatos-1.jpg?resize=680%2C383&#038;ssl=1\" alt=\"\" class=\"wp-image-15690\" srcset=\"https:\/\/i0.wp.com\/cebem.org\/wp-content\/uploads\/2025\/09\/Convocatoria-para-candidatos-1.jpg?w=680&amp;ssl=1 680w, https:\/\/i0.wp.com\/cebem.org\/wp-content\/uploads\/2025\/09\/Convocatoria-para-candidatos-1.jpg?resize=300%2C169&amp;ssl=1 300w\" sizes=\"(max-width: 680px) 100vw, 680px\" \/><\/figure>\n<\/div>\n\n\n<h4 class=\"wp-block-heading\">A\u00fan est\u00e1s a tiempo de postular a las plazas de Maestr\u00eda y Doctorado en Brasil.<\/h4>\n\n\n\n<p><strong>PPGPUR <\/strong>abre convocatoria para:<br>3 plazas de Maestr\u00eda<br>3 plazas de Doctorado<br><strong>Fechas:<\/strong><br>Inscripciones: Del 14 agosto al 29 septiembre 2025<br>Inicio: 2026<\/p>\n\n\n\n<h4 class=\"wp-block-heading\">M\u00e1s informaci\u00f3n en el enlace: <a href=\"https:\/\/ippur.ufrj.br\/\" data-type=\"link\" data-id=\"https:\/\/ippur.ufrj.br\/\" target=\"_blank\" rel=\"noreferrer noopener\">https:\/\/ippur.ufrj.br\/<\/a><\/h4>\n\n\n\n<p><\/p>\n\n\n\n<p><\/p>\n\n\n\n<p><\/p>\n","protected":false},"excerpt":{"rendered":"<p>A\u00fan est\u00e1s a tiempo de postular a las plazas de Maestr\u00eda y Doctorado en Brasil. PPGPUR abre convocatoria para:3 plazas de Maestr\u00eda3 plazas de DoctoradoFechas:Inscripciones: Del 14 agosto al 29 septiembre 2025Inicio: 2026 M\u00e1s informaci\u00f3n en el enlace: https:\/\/ippur.ufrj.br\/<\/p>\n","protected":false},"author":12,"featured_media":15690,"comment_status":"closed","ping_status":"closed","sticky":false,"template":"","format":"standard","meta":{"_jetpack_memberships_contains_paid_content":false,"footnotes":"","jetpack_publicize_message":"","jetpack_publicize_feature_enabled":true,"jetpack_social_post_already_shared":true,"jetpack_social_options":{"image_generator_settings":{"template":"highway","default_image_id":0,"font":"","enabled":false},"version":2}},"categories":[8,1,10],"tags":[2289,2302,2299,2301,2297],"class_list":["post-15688","post","type-post","status-publish","format-standard","has-post-thumbnail","hentry","category-convocatorias","category-noticias","category-otros-cursos","tag-boletin-9-septiembre-2025","tag-convocatoria-para-candidatos-extrajeros","tag-gestion-2026","tag-ippur-ufrj-brasil","tag-programas-de-maestria-y-doctorado","item-wrap"],"jetpack_publicize_connections":[],"jetpack_featured_media_url":"https:\/\/i0.wp.com\/cebem.org\/wp-content\/uploads\/2025\/09\/Convocatoria-para-candidatos-1.jpg?fit=680%2C383&ssl=1","jetpack_sharing_enabled":true,"_links":{"self":[{"href":"https:\/\/cebem.org\/index.php?rest_route=\/wp\/v2\/posts\/15688","targetHints":{"allow":["GET"]}}],"collection":[{"href":"https:\/\/cebem.org\/index.php?rest_route=\/wp\/v2\/posts"}],"about":[{"href":"https:\/\/cebem.org\/index.php?rest_route=\/wp\/v2\/types\/post"}],"author":[{"embeddable":true,"href":"https:\/\/cebem.org\/index.php?rest_route=\/wp\/v2\/users\/12"}],"replies":[{"embeddable":true,"href":"https:\/\/cebem.org\/index.php?rest_route=%2Fwp%2Fv2%2Fcomments&post=15688"}],"version-history":[{"count":2,"href":"https:\/\/cebem.org\/index.php?rest_route=\/wp\/v2\/posts\/15688\/revisions"}],"predecessor-version":[{"id":15692,"href":"https:\/\/cebem.org\/index.php?rest_route=\/wp\/v2\/posts\/15688\/revisions\/15692"}],"wp:featuredmedia":[{"embeddable":true,"href":"https:\/\/cebem.org\/index.php?rest_route=\/wp\/v2\/media\/15690"}],"wp:attachment":[{"href":"https:\/\/cebem.org\/index.php?rest_route=%2Fwp%2Fv2%2Fmedia&parent=15688"}],"wp:term":[{"taxonomy":"category","embeddable":true,"href":"https:\/\/cebem.org\/index.php?rest_route=%2Fwp%2Fv2%2Fcategories&post=15688"},{"taxonomy":"post_tag","embeddable":true,"href":"https:\/\/cebem.org\/index.php?rest_route=%2Fwp%2Fv2%2Ftags&post=15688"}],"curies":[{"name":"wp","href":"https:\/\/api.w.org\/{rel}","templated":true}]}}