
{"id":15677,"date":"2025-09-11T10:48:16","date_gmt":"2025-09-11T14:48:16","guid":{"rendered":"https:\/\/cebem.org\/?p=15677"},"modified":"2025-09-11T10:49:04","modified_gmt":"2025-09-11T14:49:04","slug":"debates-y-perspectivas-sociologicas-acerca-del-cooperativismo-rural-en-america-latina-y-argentina-sxx-xxi","status":"publish","type":"post","link":"https:\/\/cebem.org\/?p=15677","title":{"rendered":"Debates y perspectivas sociol\u00f3gicas acerca del cooperativismo rural en Am\u00e9rica Latina y Argentina (SXX-XXI)"},"content":{"rendered":"<div class=\"wp-block-image\">\n<figure class=\"aligncenter size-full is-resized\"><img data-recalc-dims=\"1\" fetchpriority=\"high\" decoding=\"async\" width=\"750\" height=\"504\" src=\"https:\/\/i0.wp.com\/cebem.org\/wp-content\/uploads\/2025\/09\/Debates-y-perspectivas-sociologicas-2025-768x516-1.jpg?resize=750%2C504&#038;ssl=1\" alt=\"\" class=\"wp-image-15678\" style=\"width:563px;height:auto\" srcset=\"https:\/\/i0.wp.com\/cebem.org\/wp-content\/uploads\/2025\/09\/Debates-y-perspectivas-sociologicas-2025-768x516-1.jpg?w=768&amp;ssl=1 768w, https:\/\/i0.wp.com\/cebem.org\/wp-content\/uploads\/2025\/09\/Debates-y-perspectivas-sociologicas-2025-768x516-1.jpg?resize=300%2C202&amp;ssl=1 300w, https:\/\/i0.wp.com\/cebem.org\/wp-content\/uploads\/2025\/09\/Debates-y-perspectivas-sociologicas-2025-768x516-1.jpg?resize=750%2C504&amp;ssl=1 750w\" sizes=\"(max-width: 750px) 100vw, 750px\" \/><\/figure>\n<\/div>\n\n\n<p><strong>ABIERTA LA INSCRIPCI\u00d3N | Curso de Posgrado |  Modalidad a distancia<\/strong>.<\/p>\n\n\n\n<p>Inicio de clases: <strong>3 de octubre de 2025<\/strong>.<\/p>\n\n\n\n<p>El seminario se propone presentar y problematizar abordajes desde la sociolog\u00eda rural de la econom\u00eda popular en ese \u00e1mbito y actividades agrarias, en particular del cooperativismo rural. <\/p>\n\n\n\n<p><strong>Mas informaci\u00f3n:<\/strong> <a href=\"https:\/\/flacso.org.ar\/formacion-academica\/debates-y-perspectivas-sociologicas-acerca-del-cooperativismo-rural\/\">https:\/\/flacso.org.ar\/formacion-academica\/debates-y-perspectivas-sociologicas-acerca-del-cooperativismo-rural\/<\/a><\/p>\n\n\n\n<p><strong>Docente a cargo del seminario:<\/strong> Dr. <a href=\"https:\/\/www.flacso.org.ar\/docentes\/bageneta-jose-martin\/\" target=\"_blank\" rel=\"noreferrer noopener\">Jos\u00e9 Mart\u00edn Bageneta<\/a>.<br>Carga horaria: 36 (horas).<\/p>\n\n\n\n<p>Inscripciones\u00a0<a href=\"http:\/\/difusionedu.flacso.org.ar\/lt.php?tid=LEtRAAYJBlBWD0gGCVAAGAVVBwIcAVVQVhtVUQFYAgJQAlVcXAJJV1UNXQRcUlQYV1IEURwMBwBWG11XBlMdBAEPBllSBwUKUA8GSAxaVQ0FVwMDHAEHUFIbUVEHVx0JAgdSFVxQAQEFXFFSDVcFAQ\">aqu\u00ed<\/a>.<\/p>\n\n\n\n<p>Consultas:\u00a0<a href=\"mailto:agrarias@flacso.org.ar\">agrarias@flacso.org.ar<\/a>.<\/p>\n\n\n\n<p>Pagina web: &nbsp;<a href=\"http:\/\/difusionedu.flacso.org.ar\/lt.php?tid=LEtVDlUJAgQECkgMXQBSGAULAVEcAVdWABsEUQ9ZAFMGDlMNUABJV1UNXQRcUlQYV1IEURwMBwBWG11XBlMdBAEPBllSBwUKUA8GSAxaVQ0FVwMDHAEHUFIbUVEHVx0JAgdSFVxQAQEFXFFSDVcFAQ\" target=\"_blank\" rel=\"noreferrer noopener\">www.flacso.org.ar<\/a><\/p>\n\n\n\n<p><\/p>\n","protected":false},"excerpt":{"rendered":"<p>ABIERTA LA INSCRIPCI\u00d3N | Curso de Posgrado | Modalidad a distancia. Inicio de clases: 3 de octubre de 2025. El seminario se propone presentar y problematizar abordajes desde la sociolog\u00eda rural de la econom\u00eda popular en ese \u00e1mbito y actividades agrarias, en particular del cooperativismo rural. Mas informaci\u00f3n: https:\/\/flacso.org.ar\/formacion-academica\/debates-y-perspectivas-sociologicas-acerca-del-cooperativismo-rural\/ Docente a cargo del seminario: Dr. &hellip; <\/p>\n<p><a class=\"more-link btn\" href=\"https:\/\/cebem.org\/?p=15677\">Seguir leyendo<\/a><\/p>\n","protected":false},"author":12,"featured_media":15682,"comment_status":"closed","ping_status":"closed","sticky":false,"template":"","format":"standard","meta":{"_jetpack_memberships_contains_paid_content":false,"footnotes":"","jetpack_publicize_message":"","jetpack_publicize_feature_enabled":true,"jetpack_social_post_already_shared":true,"jetpack_social_options":{"image_generator_settings":{"template":"highway","default_image_id":0,"font":"","enabled":false},"version":2}},"categories":[10,2098],"tags":[2289,2295,2294,409],"class_list":["post-15677","post","type-post","status-publish","format-standard","has-post-thumbnail","hentry","category-otros-cursos","category-seminario","tag-boletin-9-septiembre-2025","tag-cooperativismo-rural-america-latina-y-argentina","tag-debates-y-perspectivas-sociologicas","tag-flacso-argentina","item-wrap"],"jetpack_publicize_connections":[],"jetpack_featured_media_url":"https:\/\/i0.wp.com\/cebem.org\/wp-content\/uploads\/2025\/09\/Debates-y-perspectivas-sociologicas-2025-768x516-2.jpg?fit=568%2C381&ssl=1","jetpack_sharing_enabled":true,"_links":{"self":[{"href":"https:\/\/cebem.org\/index.php?rest_route=\/wp\/v2\/posts\/15677","targetHints":{"allow":["GET"]}}],"collection":[{"href":"https:\/\/cebem.org\/index.php?rest_route=\/wp\/v2\/posts"}],"about":[{"href":"https:\/\/cebem.org\/index.php?rest_route=\/wp\/v2\/types\/post"}],"author":[{"embeddable":true,"href":"https:\/\/cebem.org\/index.php?rest_route=\/wp\/v2\/users\/12"}],"replies":[{"embeddable":true,"href":"https:\/\/cebem.org\/index.php?rest_route=%2Fwp%2Fv2%2Fcomments&post=15677"}],"version-history":[{"count":5,"href":"https:\/\/cebem.org\/index.php?rest_route=\/wp\/v2\/posts\/15677\/revisions"}],"predecessor-version":[{"id":15685,"href":"https:\/\/cebem.org\/index.php?rest_route=\/wp\/v2\/posts\/15677\/revisions\/15685"}],"wp:featuredmedia":[{"embeddable":true,"href":"https:\/\/cebem.org\/index.php?rest_route=\/wp\/v2\/media\/15682"}],"wp:attachment":[{"href":"https:\/\/cebem.org\/index.php?rest_route=%2Fwp%2Fv2%2Fmedia&parent=15677"}],"wp:term":[{"taxonomy":"category","embeddable":true,"href":"https:\/\/cebem.org\/index.php?rest_route=%2Fwp%2Fv2%2Fcategories&post=15677"},{"taxonomy":"post_tag","embeddable":true,"href":"https:\/\/cebem.org\/index.php?rest_route=%2Fwp%2Fv2%2Ftags&post=15677"}],"curies":[{"name":"wp","href":"https:\/\/api.w.org\/{rel}","templated":true}]}}