
{"id":15670,"date":"2025-09-04T11:48:49","date_gmt":"2025-09-04T15:48:49","guid":{"rendered":"https:\/\/cebem.org\/?p=15670"},"modified":"2025-09-04T11:48:50","modified_gmt":"2025-09-04T15:48:50","slug":"seminario-de-posgrado-nuevas-prioridades-de-agenda-y-politicas-distributivas-en-argentina-y-america-latina","status":"publish","type":"post","link":"https:\/\/cebem.org\/?p=15670","title":{"rendered":"Seminario de posgrado: Nuevas prioridades de agenda y pol\u00edticas distributivas en Argentina y Am\u00e9rica Latina."},"content":{"rendered":"<div class=\"wp-block-image\">\n<figure class=\"aligncenter size-full\"><img data-recalc-dims=\"1\" fetchpriority=\"high\" decoding=\"async\" width=\"400\" height=\"266\" src=\"https:\/\/i0.wp.com\/cebem.org\/wp-content\/uploads\/2025\/09\/Seminario-de-Posgrado-septiembre.png?resize=400%2C266&#038;ssl=1\" alt=\"\" class=\"wp-image-15674\" srcset=\"https:\/\/i0.wp.com\/cebem.org\/wp-content\/uploads\/2025\/09\/Seminario-de-Posgrado-septiembre.png?w=400&amp;ssl=1 400w, https:\/\/i0.wp.com\/cebem.org\/wp-content\/uploads\/2025\/09\/Seminario-de-Posgrado-septiembre.png?resize=300%2C200&amp;ssl=1 300w\" sizes=\"(max-width: 400px) 100vw, 400px\" \/><\/figure>\n<\/div>\n\n\n<p><strong>Inicio septiembre<\/strong><\/p>\n\n\n\n<p>El curso es parte integrante del <strong>Diplomado Superior de Desigualdades y Pol\u00edticas P\u00fablicas Distributivas de la FLACSO<\/strong>, por tanto, acredita puntos para luego poder continuar con dicha trayectoria formativa.<\/p>\n\n\n\n<p>Duraci\u00f3n: <strong>2 meses, 8 clases, 100% online, obtendr\u00e1s herramientas para robustecer el debate y tu formaci\u00f3n.<\/strong><\/p>\n\n\n\n<p><strong>Las inscripciones se encuentran abiertas. <\/strong>Toda la informaci\u00f3n sobre los contenidos, docentes y aranceles se encuentra disponible en <a href=\"https:\/\/flacso.us9.list-manage.com\/track\/click?u=134d007508b98bd433147e68e&amp;id=798f5849d6&amp;e=24c18897c9\" target=\"_blank\" rel=\"noreferrer noopener\">el sitio web.<\/a> Consultas:\u00a0<a href=\"mailto:desigualdades@flacso.org.ar\" target=\"_blank\" rel=\"noreferrer noopener\"><strong>desigualdades@flacso.org.ar<\/strong><\/a><\/p>\n\n\n\n<p><\/p>\n","protected":false},"excerpt":{"rendered":"<p>Inicio septiembre El curso es parte integrante del Diplomado Superior de Desigualdades y Pol\u00edticas P\u00fablicas Distributivas de la FLACSO, por tanto, acredita puntos para luego poder continuar con dicha trayectoria formativa. Duraci\u00f3n: 2 meses, 8 clases, 100% online, obtendr\u00e1s herramientas para robustecer el debate y tu formaci\u00f3n. Las inscripciones se encuentran abiertas. Toda la informaci\u00f3n &hellip; <\/p>\n<p><a class=\"more-link btn\" href=\"https:\/\/cebem.org\/?p=15670\">Seguir leyendo<\/a><\/p>\n","protected":false},"author":12,"featured_media":15674,"comment_status":"closed","ping_status":"closed","sticky":false,"template":"","format":"standard","meta":{"_jetpack_memberships_contains_paid_content":false,"footnotes":"","jetpack_publicize_message":"","jetpack_publicize_feature_enabled":true,"jetpack_social_post_already_shared":true,"jetpack_social_options":{"image_generator_settings":{"template":"highway","default_image_id":0,"font":"","enabled":false},"version":2}},"categories":[10,2098],"tags":[2289,409,2292,2293],"class_list":["post-15670","post","type-post","status-publish","format-standard","has-post-thumbnail","hentry","category-otros-cursos","category-seminario","tag-boletin-9-septiembre-2025","tag-flacso-argentina","tag-nuevas-prioridades-de-agenda-y-politicas-distributivas","tag-seminario-de-posgrado-2","item-wrap"],"jetpack_publicize_connections":[],"jetpack_featured_media_url":"https:\/\/i0.wp.com\/cebem.org\/wp-content\/uploads\/2025\/09\/Seminario-de-Posgrado-septiembre.png?fit=400%2C266&ssl=1","jetpack_sharing_enabled":true,"_links":{"self":[{"href":"https:\/\/cebem.org\/index.php?rest_route=\/wp\/v2\/posts\/15670","targetHints":{"allow":["GET"]}}],"collection":[{"href":"https:\/\/cebem.org\/index.php?rest_route=\/wp\/v2\/posts"}],"about":[{"href":"https:\/\/cebem.org\/index.php?rest_route=\/wp\/v2\/types\/post"}],"author":[{"embeddable":true,"href":"https:\/\/cebem.org\/index.php?rest_route=\/wp\/v2\/users\/12"}],"replies":[{"embeddable":true,"href":"https:\/\/cebem.org\/index.php?rest_route=%2Fwp%2Fv2%2Fcomments&post=15670"}],"version-history":[{"count":3,"href":"https:\/\/cebem.org\/index.php?rest_route=\/wp\/v2\/posts\/15670\/revisions"}],"predecessor-version":[{"id":15676,"href":"https:\/\/cebem.org\/index.php?rest_route=\/wp\/v2\/posts\/15670\/revisions\/15676"}],"wp:featuredmedia":[{"embeddable":true,"href":"https:\/\/cebem.org\/index.php?rest_route=\/wp\/v2\/media\/15674"}],"wp:attachment":[{"href":"https:\/\/cebem.org\/index.php?rest_route=%2Fwp%2Fv2%2Fmedia&parent=15670"}],"wp:term":[{"taxonomy":"category","embeddable":true,"href":"https:\/\/cebem.org\/index.php?rest_route=%2Fwp%2Fv2%2Fcategories&post=15670"},{"taxonomy":"post_tag","embeddable":true,"href":"https:\/\/cebem.org\/index.php?rest_route=%2Fwp%2Fv2%2Ftags&post=15670"}],"curies":[{"name":"wp","href":"https:\/\/api.w.org\/{rel}","templated":true}]}}