
{"id":15655,"date":"2025-09-03T17:31:16","date_gmt":"2025-09-03T21:31:16","guid":{"rendered":"https:\/\/cebem.org\/?p=15655"},"modified":"2025-09-03T17:31:18","modified_gmt":"2025-09-03T21:31:18","slug":"idrc-en-america-latina-y-el-caribe-boletin-de-septiembre-2025","status":"publish","type":"post","link":"https:\/\/cebem.org\/?p=15655","title":{"rendered":"IDRC en Am\u00e9rica Latina y el Caribe \u2013 Bolet\u00edn de Septiembre 2025."},"content":{"rendered":"\n<figure class=\"wp-block-image size-full\"><img data-recalc-dims=\"1\" fetchpriority=\"high\" decoding=\"async\" width=\"750\" height=\"311\" src=\"https:\/\/i0.wp.com\/cebem.org\/wp-content\/uploads\/2025\/09\/IDRC-AMERICA-LATINA-Y-EL-CARIBE.webp?resize=750%2C311&#038;ssl=1\" alt=\"\" class=\"wp-image-15659\" srcset=\"https:\/\/i0.wp.com\/cebem.org\/wp-content\/uploads\/2025\/09\/IDRC-AMERICA-LATINA-Y-EL-CARIBE.webp?w=750&amp;ssl=1 750w, https:\/\/i0.wp.com\/cebem.org\/wp-content\/uploads\/2025\/09\/IDRC-AMERICA-LATINA-Y-EL-CARIBE.webp?resize=300%2C124&amp;ssl=1 300w\" sizes=\"(max-width: 750px) 100vw, 750px\" \/><\/figure>\n\n\n\n<p>Le compartimos el Bolet\u00edn del IDRC CRDI de septiembre donde encontrara diferentes temas para la Regi\u00f3n, como ser diversas iniciativas que promueven avances en salud, protecci\u00f3n social, derechos territoriales y resiliencia clim\u00e1tica en Am\u00e9rica Latina y el Caribe.<\/p>\n\n\n\n<h4 class=\"wp-block-heading\"><strong>Salud y protecci\u00f3n social de las trabajadoras dom\u00e9sticas en el Per\u00fa<\/strong><\/h4>\n\n\n\n<p>Utilizando un enfoque de investigaci\u00f3n-acci\u00f3n participativa basada en la comunidad, el proyecto ANITA contribuy\u00f3 a la mejora de las pol\u00edticas de protecci\u00f3n social \u2026<\/p>\n\n\n\n<p><strong>Ver Video<\/strong>: <a href=\"https:\/\/idrc.us19.list-manage.com\/track\/click?u=787c4591eba6f6cfbfa04fbe1&amp;id=d255486082&amp;e=3cfcab47a7\" target=\"_blank\" rel=\"noreferrer noopener\">https:\/\/idrc.us19.list-manage.com\/track\/click?u=787c4591eba6f6cfbfa04fbe1&amp;id=d255486082&amp;e=3cfcab47a7<\/a><\/p>\n\n\n\n<h4 class=\"wp-block-heading\"><strong>Clima y cuidados<\/strong><\/h4>\n\n\n\n<p>Trece organizaciones fueron seleccionadas por la Iniciativa Clima y Cuidados en su primera convocatoria. En Brasil, el programa \u201c<a href=\"https:\/\/idrc.us19.list-manage.com\/track\/click?u=787c4591eba6f6cfbfa04fbe1&amp;id=9d3d7d1ff6&amp;e=3cfcab47a7\" target=\"_blank\" rel=\"noreferrer noopener\">Defensoras por Defensoras<\/a>\u201d<\/p>\n\n\n\n<p><strong>Lea mas: <a href=\"https:\/\/idrc.us19.list-manage.com\/track\/click?u=787c4591eba6f6cfbfa04fbe1&amp;id=3190887f09&amp;e=3cfcab47a7\" target=\"_blank\" rel=\"noreferrer noopener\">https:\/\/idrc.us19.list-manage.com\/track\/click?u=787c4591eba6f6cfbfa04fbe1&amp;id=3190887f09&amp;e=3cfcab47a7<\/a><\/strong><\/p>\n\n\n\n<h4 class=\"wp-block-heading\"><strong>Ma-Puca: Tecnolog\u00eda construida junto a pueblos ind\u00edgenas para defender sus derechos territoriales<\/strong>.<\/h4>\n\n\n\n<p>Ma-Puca es una aplicaci\u00f3n m\u00f3vil desarrollada junto a pueblos ind\u00edgenas como los Maleku, Gar\u00edfuna y Lenca de Costa Rica, Honduras y Guatemala\u2026.<\/p>\n\n\n\n<p><strong>Lea m\u00e1s:<\/strong> <a href=\"https:\/\/idrc.us19.list-manage.com\/track\/click?u=787c4591eba6f6cfbfa04fbe1&amp;id=4d5cd005cc&amp;e=3cfcab47a7\" target=\"_blank\" rel=\"noreferrer noopener\">https:\/\/idrc.us19.list-manage.com\/track\/click?u=787c4591eba6f6cfbfa04fbe1&amp;id=4d5cd005cc&amp;e=3cfcab47a7<\/a><\/p>\n\n\n\n<h4 class=\"wp-block-heading\"><strong>La salud y resiliencia de los pueblos amaz\u00f3nicos<\/strong>.<\/h4>\n\n\n\n<p>\u00bfC\u00f3mo responden las comunidades en las regiones amaz\u00f3nicas de Colombia, Ecuador y Per\u00fa a los cambios en sus modos de vida? \u2026<\/p>\n\n\n\n<p><strong>Lea m\u00e1s:<\/strong> <a href=\"https:\/\/idrc.us19.list-manage.com\/track\/click?u=787c4591eba6f6cfbfa04fbe1&amp;id=7aabe331ec&amp;e=3cfcab47a7\">https:\/\/idrc.us19.list-manage.com\/track\/click?u=787c4591eba6f6cfbfa04fbe1&amp;id=7aabe331ec&amp;e=3cfcab47a7<\/a><\/p>\n\n\n\n<h4 class=\"wp-block-heading\"><strong>Soluciones locales para mejorar la seguridad alimentaria<\/strong><\/h4>\n\n\n\n<p>Las pr\u00e1cticas agroalimentarias que desarrollan las comunidades ind\u00edgenas y campesinas en tres territorios rurales de M\u00e9xico, Guatemala y Bolivia.<\/p>\n\n\n\n<p><strong>Lea m\u00e1s<\/strong>: <a href=\"https:\/\/idrc.us19.list-manage.com\/track\/click?u=787c4591eba6f6cfbfa04fbe1&amp;id=b6d34671ae&amp;e=3cfcab47a7.\">https:\/\/idrc.us19.list-manage.com\/track\/click?u=787c4591eba6f6cfbfa04fbe1&amp;id=b6d34671ae&amp;e=3cfcab47a7.<\/a><\/p>\n\n\n\n<h4 class=\"wp-block-heading\"><strong>Aliados en el territorio: investigadores y l\u00edderes comunitarios crean soluciones transformadoras<\/strong>.<\/h4>\n\n\n\n<p>A trav\u00e9s de un trabajo colaborativo de co-creaci\u00f3n con comunidades campesinas e ind\u00edgenas Misak, Pasto y Ampiuile en Colombia.<\/p>\n\n\n\n<p><strong>Ver video<\/strong>: <a href=\"https:\/\/idrc.us19.list-manage.com\/track\/click?u=787c4591eba6f6cfbfa04fbe1&amp;id=6e318deca2&amp;e=3cfcab47a7\">https:\/\/idrc.us19.list-manage.com\/track\/click?u=787c4591eba6f6cfbfa04fbe1&amp;id=6e318deca2&amp;e=3cfcab47a7<\/a><\/p>\n\n\n\n<h3 class=\"wp-block-heading\"><strong>EVENTOS<\/strong><\/h3>\n\n\n\n<h4 class=\"wp-block-heading\"><strong>Encuentro+B Amaz\u00f4nia 2025<\/strong><\/h4>\n\n\n\n<p>Se llevar\u00e1 a cabo del 3 al 5 de septiembre en la ciudad de Bel\u00e9m do Par\u00e1, Brasil.<\/p>\n\n\n\n<p><strong>Informaci\u00f3n en el siguiente enlace<\/strong>: <a href=\"https:\/\/idrc.us19.list-manage.com\/track\/click?u=787c4591eba6f6cfbfa04fbe1&amp;id=c9e2a5c2a0&amp;e=3cfcab47a7\">https:\/\/idrc.us19.list-manage.com\/track\/click?u=787c4591eba6f6cfbfa04fbe1&amp;id=c9e2a5c2a0&amp;e=3cfcab47a7<\/a><\/p>\n\n\n\n<h3 class=\"wp-block-heading\"><strong>LLAMADOS Y SUBVENCIONES<\/strong><\/h3>\n\n\n\n<h4 class=\"wp-block-heading\"><strong>Segunda convocatoria del Fondo Regi\u00f3n Plateada<\/strong><\/h4>\n\n\n\n<p>Este fondo multilateral busca fortalecer los servicios de cuidado en Am\u00e9rica Latina y el Caribe, mejorar la atenci\u00f3n a largo plazo, prevenir la dependencia y empoderar a personas mayores de 60 a\u00f1os y sus cuidadores.<\/p>\n\n\n\n<p><strong>Fecha l\u00edmite: 7 de septiembre de 2025<\/strong><\/p>\n\n\n\n<h4 class=\"wp-block-heading\"><strong>Llamado a presentaci\u00f3n de propuestas:<\/strong><\/h4>\n\n\n\n<p><strong> CLIMAS Hub 2025<\/strong>  El Centro de Cambio Clim\u00e1tico y Salud para Am\u00e9rica Latina y el Caribe (ClimasHub) tiene abierto un llamado para presentaci\u00f3n de propuestas que respondan \u2026<\/p>\n\n\n\n<p>Fecha l\u00edmite: <strong>19 de septiembre de 2025<\/strong> (expresiones de inter\u00e9s) <\/p>\n\n\n\n<p><a href=\"https:\/\/idrc.us19.list-manage.com\/track\/click?u=787c4591eba6f6cfbfa04fbe1&amp;id=be2731a97c&amp;e=3cfcab47a7\">https:\/\/idrc.us19.list-manage.com\/track\/click?u=787c4591eba6f6cfbfa04fbe1&amp;id=be2731a97c&amp;e=3cfcab47a7<\/a><\/p>\n\n\n\n<h4 class=\"wp-block-heading\"><strong>Convocatoria de propuestas: Conectando la investigaci\u00f3n y el liderazgo ind\u00edgena en Canad\u00e1 y el Sur Global<\/strong><\/h4>\n\n\n\n<p>Esta convocatoria est\u00e1 dirigida a organizaciones ind\u00edgenas \u2026\u2026..<\/p>\n\n\n\n<p>Fecha l\u00edmite: <strong>23 de septiembre de 2025<\/strong><a href=\"https:\/\/idrc.us19.list-manage.com\/track\/click?u=787c4591eba6f6cfbfa04fbe1&amp;id=201388a9d8&amp;e=3cfcab47a7\"> https:\/\/idrc.us19.list-manage.com\/track\/click?u=787c4591eba6f6cfbfa04fbe1&amp;id=201388a9d8&amp;e=3cfcab47a7<\/a>.<\/p>\n\n\n\n<h4 class=\"wp-block-heading\">Comentarios sobre el Bolet\u00edn: Correo electr\u00f3nico <a href=\"mailto:lacro@idrc.ca\" target=\"_blank\" rel=\"noreferrer noopener\">lacro@idrc.ca<\/a><\/h4>\n\n\n\n<p><strong>Federico Burone<br>Director Regional<\/strong> &#8211; <strong>Oficina Regional para Am\u00e9rica Latina y el Caribe<\/strong><\/p>\n\n\n\n<p><\/p>\n","protected":false},"excerpt":{"rendered":"<p>Le compartimos el Bolet\u00edn del IDRC CRDI de septiembre donde encontrara diferentes temas para la Regi\u00f3n, como ser diversas iniciativas que promueven avances en salud, protecci\u00f3n social, derechos territoriales y resiliencia clim\u00e1tica en Am\u00e9rica Latina y el Caribe. Salud y protecci\u00f3n social de las trabajadoras dom\u00e9sticas en el Per\u00fa Utilizando un enfoque de investigaci\u00f3n-acci\u00f3n participativa &hellip; <\/p>\n<p><a class=\"more-link btn\" href=\"https:\/\/cebem.org\/?p=15655\">Seguir leyendo<\/a><\/p>\n","protected":false},"author":12,"featured_media":15668,"comment_status":"closed","ping_status":"closed","sticky":false,"template":"","format":"standard","meta":{"_jetpack_memberships_contains_paid_content":false,"footnotes":"","jetpack_publicize_message":"","jetpack_publicize_feature_enabled":true,"jetpack_social_post_already_shared":true,"jetpack_social_options":{"image_generator_settings":{"template":"highway","default_image_id":0,"font":"","enabled":false},"version":2}},"categories":[5,1],"tags":[2289,2291,2290],"class_list":["post-15655","post","type-post","status-publish","format-standard","has-post-thumbnail","hentry","category-boletin","category-noticias","tag-boletin-9-septiembre-2025","tag-boletin-de-septiembre-2025","tag-idrc-crdi-canada-america-latina","item-wrap"],"jetpack_publicize_connections":[],"jetpack_featured_media_url":"https:\/\/i0.wp.com\/cebem.org\/wp-content\/uploads\/2025\/09\/logos-3.jpg?fit=550%2C210&ssl=1","jetpack_sharing_enabled":true,"_links":{"self":[{"href":"https:\/\/cebem.org\/index.php?rest_route=\/wp\/v2\/posts\/15655","targetHints":{"allow":["GET"]}}],"collection":[{"href":"https:\/\/cebem.org\/index.php?rest_route=\/wp\/v2\/posts"}],"about":[{"href":"https:\/\/cebem.org\/index.php?rest_route=\/wp\/v2\/types\/post"}],"author":[{"embeddable":true,"href":"https:\/\/cebem.org\/index.php?rest_route=\/wp\/v2\/users\/12"}],"replies":[{"embeddable":true,"href":"https:\/\/cebem.org\/index.php?rest_route=%2Fwp%2Fv2%2Fcomments&post=15655"}],"version-history":[{"count":6,"href":"https:\/\/cebem.org\/index.php?rest_route=\/wp\/v2\/posts\/15655\/revisions"}],"predecessor-version":[{"id":15665,"href":"https:\/\/cebem.org\/index.php?rest_route=\/wp\/v2\/posts\/15655\/revisions\/15665"}],"wp:featuredmedia":[{"embeddable":true,"href":"https:\/\/cebem.org\/index.php?rest_route=\/wp\/v2\/media\/15668"}],"wp:attachment":[{"href":"https:\/\/cebem.org\/index.php?rest_route=%2Fwp%2Fv2%2Fmedia&parent=15655"}],"wp:term":[{"taxonomy":"category","embeddable":true,"href":"https:\/\/cebem.org\/index.php?rest_route=%2Fwp%2Fv2%2Fcategories&post=15655"},{"taxonomy":"post_tag","embeddable":true,"href":"https:\/\/cebem.org\/index.php?rest_route=%2Fwp%2Fv2%2Ftags&post=15655"}],"curies":[{"name":"wp","href":"https:\/\/api.w.org\/{rel}","templated":true}]}}