
{"id":15648,"date":"2025-08-29T16:17:53","date_gmt":"2025-08-29T20:17:53","guid":{"rendered":"https:\/\/cebem.org\/?p=15648"},"modified":"2025-08-29T16:17:55","modified_gmt":"2025-08-29T20:17:55","slug":"la-unidad-de-la-sostenibilidad","status":"publish","type":"post","link":"https:\/\/cebem.org\/?p=15648","title":{"rendered":"La Unidad de la Sostenibilidad:"},"content":{"rendered":"\n<h3 class=\"wp-block-heading has-text-align-center\"><strong>Integrando Estilos de Vida Sostenibles y Unidades de Producci\u00f3n Sostenibles<\/strong><\/h3>\n\n\n\n<p><strong>Por Lucio Mu\u00f1oz:<\/strong> Investigador Independientes en Estudios Comparativos Cualitativo, Vancouver, BC, Canad\u00e1 <strong>Correo:<\/strong> munoz@interchange.ubc.ca<\/p>\n\n\n<div class=\"wp-block-image\">\n<figure class=\"aligncenter size-full is-resized\"><img data-recalc-dims=\"1\" fetchpriority=\"high\" decoding=\"async\" width=\"291\" height=\"173\" src=\"https:\/\/i0.wp.com\/cebem.org\/wp-content\/uploads\/2025\/08\/ART33F1SPANISH.jpg?resize=291%2C173&#038;ssl=1\" alt=\"\" class=\"wp-image-15649\" style=\"object-fit:cover;width:389px;height:auto\"\/><\/figure>\n<\/div>\n\n\n<p><strong>Res\u00famen<\/strong>:<\/p>\n\n\n\n<p class=\"has-text-align-justify\">La sostenibilidad puede considerarse como sostenibilidad de componentes o como sostenibilidad en general, bas\u00e1ndose en marcos de subsistemas o sistemas. La sostenibilidad de subsistemas se refiere a la posibilidad de sostenibilidad espec\u00edfica de cada componente, mientras que la sostenibilidad de sistemas indica la presencia de un equilibrio \u00f3ptimo en todos los componentes que conforman el sistema simult\u00e1neamente, o la perspectiva de unificar las condiciones \u00f3ptimas. Los objetivos de este trabajo son demostrar, mediante m\u00e9todos comparativos cualitativos, que la integraci\u00f3n de estilos de vida sostenibles y unidades de producci\u00f3n sostenibles es clave para lograr la unidad de la sostenibilidad; y utilizar este marco para se\u00f1alar algunas implicaciones clave de esta integraci\u00f3n para la sostenibilidad. Finalmente, se presentan algunas conclusiones relevantes.<\/p>\n\n\n\n<div data-wp-interactive=\"core\/file\" class=\"wp-block-file\"><object data-wp-bind--hidden=\"!state.hasPdfPreview\" hidden class=\"wp-block-file__embed\" data=\"https:\/\/cebem.org\/wp-content\/uploads\/2025\/08\/ART33.pdf\" type=\"application\/pdf\" style=\"width:100%;height:772px\" aria-label=\"Incrustado de Descarga el art\u00edculo completo (ingles).\"><\/object><a id=\"wp-block-file--media-4437e322-3d1e-4218-b112-8cd77d0778b2\" href=\"https:\/\/cebem.org\/wp-content\/uploads\/2025\/08\/ART33.pdf\" target=\"_blank\" rel=\"noreferrer noopener\">Descarga el art\u00edculo completo (ingles)<\/a><a href=\"https:\/\/cebem.org\/wp-content\/uploads\/2025\/08\/ART33.pdf\" class=\"wp-block-file__button wp-element-button\" download aria-describedby=\"wp-block-file--media-4437e322-3d1e-4218-b112-8cd77d0778b2\">Descarga<\/a><\/div>\n","protected":false},"excerpt":{"rendered":"<p>Integrando Estilos de Vida Sostenibles y Unidades de Producci\u00f3n Sostenibles<\/p>\n","protected":false},"author":15,"featured_media":15649,"comment_status":"closed","ping_status":"closed","sticky":false,"template":"","format":"standard","meta":{"_jetpack_memberships_contains_paid_content":false,"footnotes":"","jetpack_publicize_message":"","jetpack_publicize_feature_enabled":true,"jetpack_social_post_already_shared":true,"jetpack_social_options":{"image_generator_settings":{"template":"highway","default_image_id":0,"font":"","enabled":false},"version":2}},"categories":[7],"tags":[1095,2289,74],"class_list":["post-15648","post","type-post","status-publish","format-standard","has-post-thumbnail","hentry","category-otras-publicaciones","tag-articulo-2","tag-boletin-9-septiembre-2025","tag-libro","item-wrap"],"jetpack_publicize_connections":[],"jetpack_featured_media_url":"https:\/\/i0.wp.com\/cebem.org\/wp-content\/uploads\/2025\/08\/ART33F1SPANISH.jpg?fit=291%2C173&ssl=1","jetpack_sharing_enabled":true,"_links":{"self":[{"href":"https:\/\/cebem.org\/index.php?rest_route=\/wp\/v2\/posts\/15648","targetHints":{"allow":["GET"]}}],"collection":[{"href":"https:\/\/cebem.org\/index.php?rest_route=\/wp\/v2\/posts"}],"about":[{"href":"https:\/\/cebem.org\/index.php?rest_route=\/wp\/v2\/types\/post"}],"author":[{"embeddable":true,"href":"https:\/\/cebem.org\/index.php?rest_route=\/wp\/v2\/users\/15"}],"replies":[{"embeddable":true,"href":"https:\/\/cebem.org\/index.php?rest_route=%2Fwp%2Fv2%2Fcomments&post=15648"}],"version-history":[{"count":2,"href":"https:\/\/cebem.org\/index.php?rest_route=\/wp\/v2\/posts\/15648\/revisions"}],"predecessor-version":[{"id":15652,"href":"https:\/\/cebem.org\/index.php?rest_route=\/wp\/v2\/posts\/15648\/revisions\/15652"}],"wp:featuredmedia":[{"embeddable":true,"href":"https:\/\/cebem.org\/index.php?rest_route=\/wp\/v2\/media\/15649"}],"wp:attachment":[{"href":"https:\/\/cebem.org\/index.php?rest_route=%2Fwp%2Fv2%2Fmedia&parent=15648"}],"wp:term":[{"taxonomy":"category","embeddable":true,"href":"https:\/\/cebem.org\/index.php?rest_route=%2Fwp%2Fv2%2Fcategories&post=15648"},{"taxonomy":"post_tag","embeddable":true,"href":"https:\/\/cebem.org\/index.php?rest_route=%2Fwp%2Fv2%2Ftags&post=15648"}],"curies":[{"name":"wp","href":"https:\/\/api.w.org\/{rel}","templated":true}]}}