
{"id":15643,"date":"2025-08-29T10:56:01","date_gmt":"2025-08-29T14:56:01","guid":{"rendered":"https:\/\/cebem.org\/?p=15643"},"modified":"2025-08-29T11:08:14","modified_gmt":"2025-08-29T15:08:14","slug":"lamentamos-el-sensible-fallecimiento-de-luis-huascar-cachin-antezana-juarez","status":"publish","type":"post","link":"https:\/\/cebem.org\/?p=15643","title":{"rendered":"Lamentamos el sensible fallecimiento de Luis Hu\u00e1scar \u201cCach\u00edn\u201d Antezana Ju\u00e1rez"},"content":{"rendered":"<div class=\"wp-block-image\">\n<figure class=\"aligncenter size-full is-resized\"><img data-recalc-dims=\"1\" fetchpriority=\"high\" decoding=\"async\" width=\"462\" height=\"600\" src=\"https:\/\/i0.wp.com\/cebem.org\/wp-content\/uploads\/2025\/08\/WhatsApp-Image-2025-08-29-at-9.50.26-AM.jpeg?resize=462%2C600&#038;ssl=1\" alt=\"\" class=\"wp-image-15644\" style=\"width:313px;height:auto\" srcset=\"https:\/\/i0.wp.com\/cebem.org\/wp-content\/uploads\/2025\/08\/WhatsApp-Image-2025-08-29-at-9.50.26-AM.jpeg?w=462&amp;ssl=1 462w, https:\/\/i0.wp.com\/cebem.org\/wp-content\/uploads\/2025\/08\/WhatsApp-Image-2025-08-29-at-9.50.26-AM.jpeg?resize=231%2C300&amp;ssl=1 231w\" sizes=\"(max-width: 462px) 100vw, 462px\" \/><\/figure>\n<\/div>\n\n\n<p>Luis Hu\u00e1scar \u201cCach\u00edn\u201d Antezana Ju\u00e1rez, escritor, fil\u00f3logo, ling\u00fcista, docente universitario y cr\u00edtico literario. El mundo universitario, y la sociedad boliviana despide a uno de sus intelectuales m\u00e1s influyentes, nos deja un legado imprescindible para comprender las particularidades y complejidades de la sociedad boliviana.<\/p>\n\n\n\n<p>Como Docente e Investigador de CEBEM, nos dej\u00f3 como aporte de su pensamiento el libro&nbsp;<strong>\u201cLa Diversidad Social en Zabaleta Mercado\u201d<\/strong>&nbsp;que es la base de estudio en todas las Universidades&nbsp;de&nbsp;Bolivia.<\/p>\n\n\n\n<p>Libro que lo puede encontrar en nuestra Biblioteca Virtual\u00a0<a href=\"https:\/\/cebem.org\/biblioteca\/uploads\/files\/6508ede7816885.86129327.pdf\" target=\"_blank\" rel=\"noreferrer noopener\"><strong>Descarga el Libro<\/strong><\/a><\/p>\n","protected":false},"excerpt":{"rendered":"<p>Luis Hu\u00e1scar \u201cCach\u00edn\u201d Antezana Ju\u00e1rez, escritor, fil\u00f3logo, ling\u00fcista, docente universitario y cr\u00edtico literario.<\/p>\n","protected":false},"author":15,"featured_media":15645,"comment_status":"closed","ping_status":"closed","sticky":false,"template":"","format":"standard","meta":{"_jetpack_memberships_contains_paid_content":false,"footnotes":"","jetpack_publicize_message":"","jetpack_publicize_feature_enabled":true,"jetpack_social_post_already_shared":true,"jetpack_social_options":{"image_generator_settings":{"template":"highway","default_image_id":0,"font":"","enabled":false},"version":2}},"categories":[9,1],"tags":[2277,2288,2287,2286,2285],"class_list":["post-15643","post","type-post","status-publish","format-standard","has-post-thumbnail","hentry","category-destacados","category-noticias","tag-boletin-8-agosto-2025-2","tag-diversidad-social-zabaleta-mercado","tag-investigador-cebem","tag-luis-antezana","tag-luis-huascar","item-wrap"],"jetpack_publicize_connections":[],"jetpack_featured_media_url":"https:\/\/i0.wp.com\/cebem.org\/wp-content\/uploads\/2025\/08\/portada-cachin.jpeg?fit=462%2C397&ssl=1","jetpack_sharing_enabled":true,"_links":{"self":[{"href":"https:\/\/cebem.org\/index.php?rest_route=\/wp\/v2\/posts\/15643","targetHints":{"allow":["GET"]}}],"collection":[{"href":"https:\/\/cebem.org\/index.php?rest_route=\/wp\/v2\/posts"}],"about":[{"href":"https:\/\/cebem.org\/index.php?rest_route=\/wp\/v2\/types\/post"}],"author":[{"embeddable":true,"href":"https:\/\/cebem.org\/index.php?rest_route=\/wp\/v2\/users\/15"}],"replies":[{"embeddable":true,"href":"https:\/\/cebem.org\/index.php?rest_route=%2Fwp%2Fv2%2Fcomments&post=15643"}],"version-history":[{"count":2,"href":"https:\/\/cebem.org\/index.php?rest_route=\/wp\/v2\/posts\/15643\/revisions"}],"predecessor-version":[{"id":15647,"href":"https:\/\/cebem.org\/index.php?rest_route=\/wp\/v2\/posts\/15643\/revisions\/15647"}],"wp:featuredmedia":[{"embeddable":true,"href":"https:\/\/cebem.org\/index.php?rest_route=\/wp\/v2\/media\/15645"}],"wp:attachment":[{"href":"https:\/\/cebem.org\/index.php?rest_route=%2Fwp%2Fv2%2Fmedia&parent=15643"}],"wp:term":[{"taxonomy":"category","embeddable":true,"href":"https:\/\/cebem.org\/index.php?rest_route=%2Fwp%2Fv2%2Fcategories&post=15643"},{"taxonomy":"post_tag","embeddable":true,"href":"https:\/\/cebem.org\/index.php?rest_route=%2Fwp%2Fv2%2Ftags&post=15643"}],"curies":[{"name":"wp","href":"https:\/\/api.w.org\/{rel}","templated":true}]}}