
{"id":15604,"date":"2025-08-01T11:55:54","date_gmt":"2025-08-01T15:55:54","guid":{"rendered":"https:\/\/cebem.org\/?p=15604"},"modified":"2025-08-01T11:55:55","modified_gmt":"2025-08-01T15:55:55","slug":"premio-anneke-levelt-sengers-para-mujeres-en-la-ciencia-en-las-americas-2025","status":"publish","type":"post","link":"https:\/\/cebem.org\/?p=15604","title":{"rendered":"Premio Anneke Levelt-Sengers para Mujeres en la Ciencia en las Am\u00e9ricas 2025."},"content":{"rendered":"<div class=\"wp-block-image\">\n<figure class=\"aligncenter size-full\"><img data-recalc-dims=\"1\" fetchpriority=\"high\" decoding=\"async\" width=\"511\" height=\"268\" src=\"https:\/\/i0.wp.com\/cebem.org\/wp-content\/uploads\/2025\/08\/Imagen1.jpg?resize=511%2C268&#038;ssl=1\" alt=\"\" class=\"wp-image-15609\" srcset=\"https:\/\/i0.wp.com\/cebem.org\/wp-content\/uploads\/2025\/08\/Imagen1.jpg?w=511&amp;ssl=1 511w, https:\/\/i0.wp.com\/cebem.org\/wp-content\/uploads\/2025\/08\/Imagen1.jpg?resize=300%2C157&amp;ssl=1 300w\" sizes=\"(max-width: 511px) 100vw, 511px\" \/><\/figure>\n<\/div>\n\n\n<p>A partir de la gesti\u00f3n 2012, la Academia Nacional de Ciencias (ANC) ha institucionalizado la entrega del premio y menci\u00f3n de honor \u201cMarie Curie\u201d a mujeres cient\u00edficas de Bolivia con el fin de incentivar la investigaci\u00f3n e innovaci\u00f3n cient\u00edfica del pa\u00eds realizada por mujeres profesionales de trayectoria. Las \u00e1reas cient\u00edficas son 1 Ciencias Exactas, F\u00edsicas y Naturales, 2 Ciencias Sociales y Humanas y 3 Medio Ambiente y Desarrollo Sostenible.<\/p>\n\n\n\n<p>La convocatoria incluye tres categor\u00edas: Producci\u00f3n cient\u00edfica, Descubrimiento cient\u00edfico e Innovaci\u00f3n cient\u00edfico-tecnol\u00f3gica.<br>Las postulaciones, que seg\u00fan las Bases del Premio no son personales, sino representadas por instituciones deben ser enviadas al correo electr\u00f3nico: manaremar@gmail.com, con copia a xcadimaf@gmail.com, como m\u00e1ximo hasta las 11:30 pm del viernes 22 de agosto de 2025.<\/p>\n\n\n\n<p>La Red Interamericana de Academias de Ciencias (IANAS) mediante el Programa Mujeres Por la Ciencia convoca a la sexta edici\u00f3n del Premio-Anneke-Levelt-Sengers Para J\u00f3venes Cient\u00edficas. Podr\u00e1n participar cient\u00edficas o ingenieras de: Bolivia, CAS (Caribe), Colombia, Costa Rica, Cuba, Rep\u00fablica Dominicana, Guatemala, Honduras, Nicaragua, Panam\u00e1, Per\u00fa, Rep\u00fablica Dominicana, Uruguay y Venezuela.<\/p>\n\n\n\n<p><strong>La convocatoria y bases para ambos premios se encuentran en el Sitio Web de la Academia Nacional de Ciencias: \u00a0<\/strong><a href=\"http:\/\/www.aciencias.org.bo\" target=\"_blank\" rel=\"noreferrer noopener\"><strong>www.aciencias.org.bo<\/strong><\/a><\/p>\n","protected":false},"excerpt":{"rendered":"<p>A partir de la gesti\u00f3n 2012, la Academia Nacional de Ciencias (ANC) ha institucionalizado la entrega del premio y menci\u00f3n de honor \u201cMarie Curie\u201d a mujeres cient\u00edficas de Bolivia con el fin de incentivar la investigaci\u00f3n e innovaci\u00f3n cient\u00edfica del pa\u00eds realizada por mujeres profesionales de trayectoria. Las \u00e1reas cient\u00edficas son 1 Ciencias Exactas, F\u00edsicas &hellip; <\/p>\n<p><a class=\"more-link btn\" href=\"https:\/\/cebem.org\/?p=15604\">Seguir leyendo<\/a><\/p>\n","protected":false},"author":12,"featured_media":15609,"comment_status":"closed","ping_status":"closed","sticky":false,"template":"","format":"standard","meta":{"_jetpack_memberships_contains_paid_content":false,"footnotes":"","jetpack_publicize_message":"","jetpack_publicize_feature_enabled":true,"jetpack_social_post_already_shared":true,"jetpack_social_options":{"image_generator_settings":{"template":"highway","default_image_id":0,"font":"","enabled":false},"version":2}},"categories":[8],"tags":[2275,2276,2274,85],"class_list":["post-15604","post","type-post","status-publish","format-standard","has-post-thumbnail","hentry","category-convocatorias","tag-6a-edicion-premio-anneke-levelt-sengers","tag-anc-ianas","tag-boletin-8-agosto-2025","tag-convocatoria","item-wrap"],"jetpack_publicize_connections":[],"jetpack_featured_media_url":"https:\/\/i0.wp.com\/cebem.org\/wp-content\/uploads\/2025\/08\/Imagen1.jpg?fit=511%2C268&ssl=1","jetpack_sharing_enabled":true,"_links":{"self":[{"href":"https:\/\/cebem.org\/index.php?rest_route=\/wp\/v2\/posts\/15604","targetHints":{"allow":["GET"]}}],"collection":[{"href":"https:\/\/cebem.org\/index.php?rest_route=\/wp\/v2\/posts"}],"about":[{"href":"https:\/\/cebem.org\/index.php?rest_route=\/wp\/v2\/types\/post"}],"author":[{"embeddable":true,"href":"https:\/\/cebem.org\/index.php?rest_route=\/wp\/v2\/users\/12"}],"replies":[{"embeddable":true,"href":"https:\/\/cebem.org\/index.php?rest_route=%2Fwp%2Fv2%2Fcomments&post=15604"}],"version-history":[{"count":4,"href":"https:\/\/cebem.org\/index.php?rest_route=\/wp\/v2\/posts\/15604\/revisions"}],"predecessor-version":[{"id":15611,"href":"https:\/\/cebem.org\/index.php?rest_route=\/wp\/v2\/posts\/15604\/revisions\/15611"}],"wp:featuredmedia":[{"embeddable":true,"href":"https:\/\/cebem.org\/index.php?rest_route=\/wp\/v2\/media\/15609"}],"wp:attachment":[{"href":"https:\/\/cebem.org\/index.php?rest_route=%2Fwp%2Fv2%2Fmedia&parent=15604"}],"wp:term":[{"taxonomy":"category","embeddable":true,"href":"https:\/\/cebem.org\/index.php?rest_route=%2Fwp%2Fv2%2Fcategories&post=15604"},{"taxonomy":"post_tag","embeddable":true,"href":"https:\/\/cebem.org\/index.php?rest_route=%2Fwp%2Fv2%2Ftags&post=15604"}],"curies":[{"name":"wp","href":"https:\/\/api.w.org\/{rel}","templated":true}]}}