
{"id":15559,"date":"2025-07-10T12:25:11","date_gmt":"2025-07-10T16:25:11","guid":{"rendered":"https:\/\/cebem.org\/?p=15559"},"modified":"2025-07-10T16:03:36","modified_gmt":"2025-07-10T20:03:36","slug":"idrc-en-america-latina-y-el-caribe-boletin-junio-2025","status":"publish","type":"post","link":"https:\/\/cebem.org\/?p=15559","title":{"rendered":"IDRC en Am\u00e9rica Latina y el Caribe &#8211; Bolet\u00edn junio 2025 ."},"content":{"rendered":"<div class=\"wp-block-image\">\n<figure class=\"aligncenter size-large is-resized\"><img data-recalc-dims=\"1\" fetchpriority=\"high\" decoding=\"async\" width=\"750\" height=\"311\" src=\"https:\/\/i0.wp.com\/cebem.org\/wp-content\/uploads\/2025\/03\/IDRC-AMERICA-LATINA-Y-EL-CARIBE.jpg?resize=750%2C311&#038;ssl=1\" alt=\"\" class=\"wp-image-15273\" style=\"width:508px;height:auto\" srcset=\"https:\/\/i0.wp.com\/cebem.org\/wp-content\/uploads\/2025\/03\/IDRC-AMERICA-LATINA-Y-EL-CARIBE.jpg?resize=1024%2C425&amp;ssl=1 1024w, https:\/\/i0.wp.com\/cebem.org\/wp-content\/uploads\/2025\/03\/IDRC-AMERICA-LATINA-Y-EL-CARIBE.jpg?resize=300%2C125&amp;ssl=1 300w, https:\/\/i0.wp.com\/cebem.org\/wp-content\/uploads\/2025\/03\/IDRC-AMERICA-LATINA-Y-EL-CARIBE.jpg?resize=768%2C319&amp;ssl=1 768w, https:\/\/i0.wp.com\/cebem.org\/wp-content\/uploads\/2025\/03\/IDRC-AMERICA-LATINA-Y-EL-CARIBE.jpg?resize=750%2C311&amp;ssl=1 750w, https:\/\/i0.wp.com\/cebem.org\/wp-content\/uploads\/2025\/03\/IDRC-AMERICA-LATINA-Y-EL-CARIBE.jpg?w=1200&amp;ssl=1 1200w\" sizes=\"(max-width: 750px) 100vw, 750px\" \/><\/figure>\n<\/div>\n\n\n<p>En este bolet\u00edn, presentamos ejemplos de algunas iniciativas y colaboraciones del IDRC que buscan transformar vidas y fortalecer la confianza entre Canad\u00e1 y el mundo. Desde nuestra experiencia integrando saberes, disciplinas, enfoques metodol\u00f3gicos y expectativas de diversos grupos sociales y actores, compartimos ejemplos de c\u00f3mo abordamos nuevos desaf\u00edos tecnol\u00f3gicos, financieros y de cambios globales altamente complejos, los cuales requieren respuestas integrales y buscan generar un impacto positivo a trav\u00e9s de acciones colectivas.<\/p>\n\n\n\n<h4 class=\"wp-block-heading has-text-align-left\"><strong><strong>Avances: educaci\u00f3n en primera infancia\u00a0<\/strong><\/strong><\/h4>\n\n\n\n<p class=\"has-text-align-left\">M\u00e1s de 80 l\u00edderes de la educaci\u00f3n se reunir\u00e1n en Guatemala para el Encuentro Regional KIX LAC 2025\u00a0con el objetivo de impulsar la educaci\u00f3n en la primera infancia. Este evento busca fomentar el intercambio de soluciones efectivas y ampliar la escala de innovaciones educativas, contribuyendo as\u00ed a pol\u00edticas p\u00fablicas m\u00e1s equitativas y sostenibles en toda la regi\u00f3n.<strong> <a href=\"https:\/\/www.gpekix.org\/es\/evento\/kix-lac-hub-encuentro-regional-2025\" target=\"_blank\" rel=\"noreferrer noopener\">Leer mas<\/a><\/strong>.<\/p>\n\n\n\n<h4 class=\"wp-block-heading has-text-align-left\"><strong>Nuevos desaf\u00edos: inteligencia artificial en educaci\u00f3n<\/strong><\/h4>\n\n\n\n<p class=\"has-text-align-left\">Un nuevo centro regional de inteligencia artificial re\u00fane expertos, instituciones educativas y centros de investigaci\u00f3n para impulsar el uso de soluciones de IA basadas en evidencia. Su objetivo es apoyar a docentes, estudiantes e instituciones en Am\u00e9rica Latina y el Caribe frente a los desaf\u00edos educativos. La iniciativa es una alianza entre Ceibal (Uruguay), el Banco Mundial, el BID y el IDRC. <a href=\"https:\/\/ceibal.edu.uy\/institucional\/eduia\/eduia-lab\/\" data-type=\"link\" data-id=\"https:\/\/ceibal.edu.uy\/institucional\/eduia\/eduia-lab\/\" target=\"_blank\" rel=\"noreferrer noopener\"><strong>Saber m\u00e1s<\/strong><\/a><\/p>\n\n\n\n<h4 class=\"wp-block-heading has-text-align-left\"><strong>Empresas con prop\u00f3sito: conocimientos y acci\u00f3n<\/strong><\/h4>\n\n\n\n<p>En un contexto de crisis global, un movimiento conformado por emprendedores, innovadores sociales e inversores busca impulsar un modelo empresarial que prioriza el bienestar social y ambiental junto con el econ\u00f3mico.\u00a0El IDRC apoya la alianza entre las empresas del Sistema B, agencias de inversi\u00f3n e innovaci\u00f3n en la generaci\u00f3n y uso de conocimientos para informar el desarrollo de leyes, formaci\u00f3n de profesionales y t\u00e9cnicos, y otras pol\u00edticas p\u00fablicas que respondan a las demandas de \u201cempresas con prop\u00f3sito\u201d o\u00a0de \u201ctriple impacto\u201d. <a href=\"https:\/\/idrc-crdi.ca\/es\/recursos\/perspectivas\/sentando-las-bases-para-que-las-empresas-persigan-el-bien-social-y-economico\" target=\"_blank\" rel=\"noreferrer noopener\"><strong>Lea m\u00e1s<\/strong><\/a><\/p>\n","protected":false},"excerpt":{"rendered":"<p>En este bolet\u00edn, presentamos ejemplos de algunas iniciativas y colaboraciones del IDRC que buscan transformar vidas y fortalecer la confianza entre Canad\u00e1 y el mundo. Desde nuestra experiencia integrando saberes, disciplinas, enfoques metodol\u00f3gicos y expectativas de diversos grupos sociales y actores, compartimos ejemplos de c\u00f3mo abordamos nuevos desaf\u00edos tecnol\u00f3gicos, financieros y de cambios globales altamente &hellip; <\/p>\n<p><a class=\"more-link btn\" href=\"https:\/\/cebem.org\/?p=15559\">Seguir leyendo<\/a><\/p>\n","protected":false},"author":15,"featured_media":15273,"comment_status":"closed","ping_status":"closed","sticky":false,"template":"","format":"standard","meta":{"_jetpack_memberships_contains_paid_content":false,"footnotes":"","jetpack_publicize_message":"","jetpack_publicize_feature_enabled":true,"jetpack_social_post_already_shared":true,"jetpack_social_options":{"image_generator_settings":{"template":"highway","default_image_id":0,"font":"","enabled":false},"version":2}},"categories":[5],"tags":[2195,2259,2194],"class_list":["post-15559","post","type-post","status-publish","format-standard","has-post-thumbnail","hentry","category-boletin","tag-america-latina-y-el-caribe","tag-boletin-7-julio-2025","tag-idrc-crdi-boletin-marzo-2025","item-wrap"],"jetpack_publicize_connections":[],"jetpack_featured_media_url":"https:\/\/i0.wp.com\/cebem.org\/wp-content\/uploads\/2025\/03\/IDRC-AMERICA-LATINA-Y-EL-CARIBE.jpg?fit=1200%2C498&ssl=1","jetpack_sharing_enabled":true,"_links":{"self":[{"href":"https:\/\/cebem.org\/index.php?rest_route=\/wp\/v2\/posts\/15559","targetHints":{"allow":["GET"]}}],"collection":[{"href":"https:\/\/cebem.org\/index.php?rest_route=\/wp\/v2\/posts"}],"about":[{"href":"https:\/\/cebem.org\/index.php?rest_route=\/wp\/v2\/types\/post"}],"author":[{"embeddable":true,"href":"https:\/\/cebem.org\/index.php?rest_route=\/wp\/v2\/users\/15"}],"replies":[{"embeddable":true,"href":"https:\/\/cebem.org\/index.php?rest_route=%2Fwp%2Fv2%2Fcomments&post=15559"}],"version-history":[{"count":1,"href":"https:\/\/cebem.org\/index.php?rest_route=\/wp\/v2\/posts\/15559\/revisions"}],"predecessor-version":[{"id":15560,"href":"https:\/\/cebem.org\/index.php?rest_route=\/wp\/v2\/posts\/15559\/revisions\/15560"}],"wp:featuredmedia":[{"embeddable":true,"href":"https:\/\/cebem.org\/index.php?rest_route=\/wp\/v2\/media\/15273"}],"wp:attachment":[{"href":"https:\/\/cebem.org\/index.php?rest_route=%2Fwp%2Fv2%2Fmedia&parent=15559"}],"wp:term":[{"taxonomy":"category","embeddable":true,"href":"https:\/\/cebem.org\/index.php?rest_route=%2Fwp%2Fv2%2Fcategories&post=15559"},{"taxonomy":"post_tag","embeddable":true,"href":"https:\/\/cebem.org\/index.php?rest_route=%2Fwp%2Fv2%2Ftags&post=15559"}],"curies":[{"name":"wp","href":"https:\/\/api.w.org\/{rel}","templated":true}]}}