
{"id":15550,"date":"2025-07-10T10:29:55","date_gmt":"2025-07-10T14:29:55","guid":{"rendered":"https:\/\/cebem.org\/?p=15550"},"modified":"2025-07-10T10:29:56","modified_gmt":"2025-07-10T14:29:56","slug":"la-diversidad-de-estilos-de-vida","status":"publish","type":"post","link":"https:\/\/cebem.org\/?p=15550","title":{"rendered":"La Diversidad de Estilos de Vida:"},"content":{"rendered":"\n<h3 class=\"wp-block-heading has-text-align-center\"><strong>\u00bfCumplen ellos con las Condiciones Suficientes y Necesarias para un Estilo de Vida Sostenible?<\/strong><\/h3>\n\n\n\n<p><strong>Por Lucio Mu\u00f1oz:<\/strong> Investigador Independientes en Estudios Comparativos Cualitativo, Vancouver, BC, Canad\u00e1 <strong>Correo:<\/strong> munoz@interchange.ubc.ca<\/p>\n\n\n<div class=\"wp-block-image\">\n<figure class=\"aligncenter size-full\"><img data-recalc-dims=\"1\" fetchpriority=\"high\" decoding=\"async\" width=\"371\" height=\"168\" src=\"https:\/\/i0.wp.com\/cebem.org\/wp-content\/uploads\/2025\/07\/ART26F1.jpg?resize=371%2C168&#038;ssl=1\" alt=\"\" class=\"wp-image-15551\" style=\"object-fit:cover\" srcset=\"https:\/\/i0.wp.com\/cebem.org\/wp-content\/uploads\/2025\/07\/ART26F1.jpg?w=371&amp;ssl=1 371w, https:\/\/i0.wp.com\/cebem.org\/wp-content\/uploads\/2025\/07\/ART26F1.jpg?resize=300%2C136&amp;ssl=1 300w\" sizes=\"(max-width: 371px) 100vw, 371px\" \/><\/figure>\n<\/div>\n\n\n<p><strong>Res\u00famen<\/strong>:<\/p>\n\n\n\n<p class=\"has-text-align-justify\">La necesidad de alcanzar estilos de vida sostenibles, tanto en pa\u00edses desarrollados como en desarrollo, se ha vuelto apremiante hoy en d\u00eda debido a la creciente preocupaci\u00f3n por los niveles actuales de degradaci\u00f3n ambiental y social. Los objetivos generales de este trabajo son utilizar herramientas comparativas cualitativas para identificar, con base en tres caracter\u00edsticas espec\u00edficas, todas las opciones de estilo de vida posibles; y, a partir de este marco, demostrar que ninguna de ellas cumple con las condiciones suficientes y necesarias para la existencia de estilos de vida sostenibles. Posteriormente, se presentan algunas conclusiones relevantes.<\/p>\n\n\n\n<div data-wp-interactive=\"core\/file\" class=\"wp-block-file\"><object data-wp-bind--hidden=\"!state.hasPdfPreview\" hidden class=\"wp-block-file__embed\" data=\"https:\/\/cebem.org\/wp-content\/uploads\/2025\/07\/ART26.pdf\" type=\"application\/pdf\" style=\"width:100%;height:772px\" aria-label=\"Incrustado de Descarga el art\u00edculo completo (ingles).\"><\/object><a id=\"wp-block-file--media-b43d2e25-a6f0-42d1-9980-0f38c72626dc\" href=\"https:\/\/cebem.org\/wp-content\/uploads\/2025\/07\/ART26.pdf\" target=\"_blank\" rel=\"noreferrer noopener\">Descarga el art\u00edculo completo (ingles)<\/a><a href=\"https:\/\/cebem.org\/wp-content\/uploads\/2025\/07\/ART26.pdf\" class=\"wp-block-file__button wp-element-button\" download aria-describedby=\"wp-block-file--media-b43d2e25-a6f0-42d1-9980-0f38c72626dc\">Descarga<\/a><\/div>\n","protected":false},"excerpt":{"rendered":"<p>\u00bfCumplen ellos con las Condiciones Suficientes y Necesarias para un Estilo de Vida Sostenible?<\/p>\n","protected":false},"author":15,"featured_media":15551,"comment_status":"closed","ping_status":"closed","sticky":false,"template":"","format":"standard","meta":{"_jetpack_memberships_contains_paid_content":false,"footnotes":"","jetpack_publicize_message":"","jetpack_publicize_feature_enabled":true,"jetpack_social_post_already_shared":true,"jetpack_social_options":{"image_generator_settings":{"template":"highway","default_image_id":0,"font":"","enabled":false},"version":2}},"categories":[7],"tags":[1095,2259,74],"class_list":["post-15550","post","type-post","status-publish","format-standard","has-post-thumbnail","hentry","category-otras-publicaciones","tag-articulo-2","tag-boletin-7-julio-2025","tag-libro","item-wrap"],"jetpack_publicize_connections":[],"jetpack_featured_media_url":"https:\/\/i0.wp.com\/cebem.org\/wp-content\/uploads\/2025\/07\/ART26F1.jpg?fit=371%2C168&ssl=1","jetpack_sharing_enabled":true,"_links":{"self":[{"href":"https:\/\/cebem.org\/index.php?rest_route=\/wp\/v2\/posts\/15550","targetHints":{"allow":["GET"]}}],"collection":[{"href":"https:\/\/cebem.org\/index.php?rest_route=\/wp\/v2\/posts"}],"about":[{"href":"https:\/\/cebem.org\/index.php?rest_route=\/wp\/v2\/types\/post"}],"author":[{"embeddable":true,"href":"https:\/\/cebem.org\/index.php?rest_route=\/wp\/v2\/users\/15"}],"replies":[{"embeddable":true,"href":"https:\/\/cebem.org\/index.php?rest_route=%2Fwp%2Fv2%2Fcomments&post=15550"}],"version-history":[{"count":1,"href":"https:\/\/cebem.org\/index.php?rest_route=\/wp\/v2\/posts\/15550\/revisions"}],"predecessor-version":[{"id":15553,"href":"https:\/\/cebem.org\/index.php?rest_route=\/wp\/v2\/posts\/15550\/revisions\/15553"}],"wp:featuredmedia":[{"embeddable":true,"href":"https:\/\/cebem.org\/index.php?rest_route=\/wp\/v2\/media\/15551"}],"wp:attachment":[{"href":"https:\/\/cebem.org\/index.php?rest_route=%2Fwp%2Fv2%2Fmedia&parent=15550"}],"wp:term":[{"taxonomy":"category","embeddable":true,"href":"https:\/\/cebem.org\/index.php?rest_route=%2Fwp%2Fv2%2Fcategories&post=15550"},{"taxonomy":"post_tag","embeddable":true,"href":"https:\/\/cebem.org\/index.php?rest_route=%2Fwp%2Fv2%2Ftags&post=15550"}],"curies":[{"name":"wp","href":"https:\/\/api.w.org\/{rel}","templated":true}]}}