
{"id":1540,"date":"2016-10-18T16:55:04","date_gmt":"2016-10-18T20:55:04","guid":{"rendered":"http:\/\/cebem.org\/?p=1540"},"modified":"2016-10-18T16:55:04","modified_gmt":"2016-10-18T20:55:04","slug":"un-colombiano-con-deseo-de-ayudar","status":"publish","type":"post","link":"https:\/\/cebem.org\/?p=1540","title":{"rendered":"Un Colombiano con deseo de ayudar"},"content":{"rendered":"<p>El presente es con el fin de expresar la voluntad de hacer parte de un grupo de trabajo, brindando los conocimientos y experiencias que he adquirido en mi vida laboral, profesional y como persona.<\/p>\n<p>Soy una persona solidaria, amable, respetuosa, profesional en administraci\u00f3n de empresas con una especializaci\u00f3n en gesti\u00f3n ambiental con gran inter\u00e9s en tener nuevas experiencias de aprendizajes, me gusta aprender las costumbres y culturas que nos rodean; de esta manera seguir creciendo como una persona que aporta al mejoramiento \u00a0contin\u00fao de nuestra sociedad.<\/p>\n<p>Estoy viajando por Sudam\u00e9rica, sal\u00ed hace 4 meses de mi pa\u00eds en los cuales he recorrido parte de Colombia ecuador, Per\u00fa y pr\u00f3ximamente Bolivia; \u00a0soy de Colombia y quiero utilizar mi tiempo en pro de buenas causas, como las de ustedes, no hay cosa m\u00e1s gratificante que el gracias sincero que un ser te da cuando le has ayudado de manera desinteresada en el momento preciso con amor, he trabajado en varias ocasiones en mi pa\u00eds con habitantes de calle, ni\u00f1os, adultos mayores, personas con problem\u00e1ticas de consumo de drogas, entre otras experiencias que me ha brindado la vida.<\/p>\n<p>Atte. Carlos Moreno<\/p>\n<p>Correo: <a href=\"mailto:carlospiracoca126@gmail.com\">carlospiracoca126@gmail.com<\/a><\/p>\n<p>WhatsApp: +51 944583457<\/p>\n","protected":false},"excerpt":{"rendered":"<p>El presente es con el fin de expresar la voluntad de hacer parte de un grupo de trabajo, brindando los conocimientos y experiencias que he adquirido en mi vida laboral, profesional y como persona. Soy una persona solidaria, amable, respetuosa, profesional en administraci\u00f3n de empresas con una especializaci\u00f3n en gesti\u00f3n ambiental con gran inter\u00e9s en &hellip; <\/p>\n<p><a class=\"more-link btn\" href=\"https:\/\/cebem.org\/?p=1540\">Seguir leyendo<\/a><\/p>\n","protected":false},"author":2,"featured_media":1541,"comment_status":"closed","ping_status":"closed","sticky":false,"template":"","format":"standard","meta":{"_jetpack_memberships_contains_paid_content":false,"footnotes":"","jetpack_publicize_message":"","jetpack_publicize_feature_enabled":true,"jetpack_social_post_already_shared":true,"jetpack_social_options":{"image_generator_settings":{"template":"highway","default_image_id":0,"font":"","enabled":false},"version":2}},"categories":[8],"tags":[111],"class_list":["post-1540","post","type-post","status-publish","format-standard","has-post-thumbnail","hentry","category-convocatorias","tag-boletin-8-septiembre-2016","item-wrap"],"jetpack_publicize_connections":[],"jetpack_featured_media_url":"https:\/\/i0.wp.com\/cebem.org\/wp-content\/uploads\/2016\/10\/ayuda-con-alcoholismo.jpg?fit=790%2C608&ssl=1","jetpack_sharing_enabled":true,"_links":{"self":[{"href":"https:\/\/cebem.org\/index.php?rest_route=\/wp\/v2\/posts\/1540","targetHints":{"allow":["GET"]}}],"collection":[{"href":"https:\/\/cebem.org\/index.php?rest_route=\/wp\/v2\/posts"}],"about":[{"href":"https:\/\/cebem.org\/index.php?rest_route=\/wp\/v2\/types\/post"}],"author":[{"embeddable":true,"href":"https:\/\/cebem.org\/index.php?rest_route=\/wp\/v2\/users\/2"}],"replies":[{"embeddable":true,"href":"https:\/\/cebem.org\/index.php?rest_route=%2Fwp%2Fv2%2Fcomments&post=1540"}],"version-history":[{"count":1,"href":"https:\/\/cebem.org\/index.php?rest_route=\/wp\/v2\/posts\/1540\/revisions"}],"predecessor-version":[{"id":1542,"href":"https:\/\/cebem.org\/index.php?rest_route=\/wp\/v2\/posts\/1540\/revisions\/1542"}],"wp:featuredmedia":[{"embeddable":true,"href":"https:\/\/cebem.org\/index.php?rest_route=\/wp\/v2\/media\/1541"}],"wp:attachment":[{"href":"https:\/\/cebem.org\/index.php?rest_route=%2Fwp%2Fv2%2Fmedia&parent=1540"}],"wp:term":[{"taxonomy":"category","embeddable":true,"href":"https:\/\/cebem.org\/index.php?rest_route=%2Fwp%2Fv2%2Fcategories&post=1540"},{"taxonomy":"post_tag","embeddable":true,"href":"https:\/\/cebem.org\/index.php?rest_route=%2Fwp%2Fv2%2Ftags&post=1540"}],"curies":[{"name":"wp","href":"https:\/\/api.w.org\/{rel}","templated":true}]}}