
{"id":15341,"date":"2025-04-07T11:33:32","date_gmt":"2025-04-07T15:33:32","guid":{"rendered":"https:\/\/cebem.org\/?p=15341"},"modified":"2025-04-07T11:53:23","modified_gmt":"2025-04-07T15:53:23","slug":"presentacion-de-la-revista-arqueoantropologicas-no-9-2024","status":"publish","type":"post","link":"https:\/\/cebem.org\/?p=15341","title":{"rendered":"Presentaci\u00f3n de la Revista Arqueoantropol\u00f3gicas No. 9 &#8211; 2024."},"content":{"rendered":"<div class=\"wp-block-image\">\n<figure class=\"aligncenter size-large is-resized\"><img data-recalc-dims=\"1\" fetchpriority=\"high\" decoding=\"async\" width=\"750\" height=\"500\" src=\"https:\/\/i0.wp.com\/cebem.org\/wp-content\/uploads\/2025\/04\/Presentacion-arqueoantropologicas-9-2024.jpeg?resize=750%2C500&#038;ssl=1\" alt=\"\" class=\"wp-image-15342\" style=\"width:560px;height:auto\" srcset=\"https:\/\/i0.wp.com\/cebem.org\/wp-content\/uploads\/2025\/04\/Presentacion-arqueoantropologicas-9-2024.jpeg?resize=1024%2C682&amp;ssl=1 1024w, https:\/\/i0.wp.com\/cebem.org\/wp-content\/uploads\/2025\/04\/Presentacion-arqueoantropologicas-9-2024.jpeg?resize=300%2C200&amp;ssl=1 300w, https:\/\/i0.wp.com\/cebem.org\/wp-content\/uploads\/2025\/04\/Presentacion-arqueoantropologicas-9-2024.jpeg?resize=768%2C512&amp;ssl=1 768w, https:\/\/i0.wp.com\/cebem.org\/wp-content\/uploads\/2025\/04\/Presentacion-arqueoantropologicas-9-2024.jpeg?resize=1536%2C1023&amp;ssl=1 1536w, https:\/\/i0.wp.com\/cebem.org\/wp-content\/uploads\/2025\/04\/Presentacion-arqueoantropologicas-9-2024.jpeg?resize=750%2C500&amp;ssl=1 750w, https:\/\/i0.wp.com\/cebem.org\/wp-content\/uploads\/2025\/04\/Presentacion-arqueoantropologicas-9-2024.jpeg?w=1600&amp;ssl=1 1600w\" sizes=\"(max-width: 750px) 100vw, 750px\" \/><\/figure>\n<\/div>\n\n\n<p>El Instituto de Investigaciones Antropol\u00f3gicas y Museo Arqueol\u00f3gico de la Universidad Mayor de San Sim\u00f3n INIAM -UMSS, tiene el agrado de anunciar la presentaci\u00f3n de la revista arqueoantropol\u00f3gicas N\u00ba 9, este jueves 10 de abril, a hrs. 10:00 a.m., en el Hall Central del Museo, calle Jord\u00e1n e199, esquina Nataniel Aguirre.<\/p>\n\n\n<div class=\"wp-block-image\">\n<figure class=\"aligncenter size-large is-resized\"><img data-recalc-dims=\"1\" decoding=\"async\" width=\"750\" height=\"516\" src=\"https:\/\/i0.wp.com\/cebem.org\/wp-content\/uploads\/2025\/04\/Invitacion-entrega-revista.jpeg?resize=750%2C516&#038;ssl=1\" alt=\"\" class=\"wp-image-15344\" style=\"width:505px;height:auto\" srcset=\"https:\/\/i0.wp.com\/cebem.org\/wp-content\/uploads\/2025\/04\/Invitacion-entrega-revista.jpeg?resize=1024%2C704&amp;ssl=1 1024w, https:\/\/i0.wp.com\/cebem.org\/wp-content\/uploads\/2025\/04\/Invitacion-entrega-revista.jpeg?resize=300%2C206&amp;ssl=1 300w, https:\/\/i0.wp.com\/cebem.org\/wp-content\/uploads\/2025\/04\/Invitacion-entrega-revista.jpeg?resize=768%2C528&amp;ssl=1 768w, https:\/\/i0.wp.com\/cebem.org\/wp-content\/uploads\/2025\/04\/Invitacion-entrega-revista.jpeg?resize=1536%2C1056&amp;ssl=1 1536w, https:\/\/i0.wp.com\/cebem.org\/wp-content\/uploads\/2025\/04\/Invitacion-entrega-revista.jpeg?resize=750%2C516&amp;ssl=1 750w, https:\/\/i0.wp.com\/cebem.org\/wp-content\/uploads\/2025\/04\/Invitacion-entrega-revista.jpeg?w=1600&amp;ssl=1 1600w\" sizes=\"(max-width: 750px) 100vw, 750px\" \/><\/figure>\n<\/div>\n\n\n<p>Se agradece su gentil concurrencia.<\/p>\n\n\n\n<p><\/p>\n\n\n\n<p><\/p>\n","protected":false},"excerpt":{"rendered":"<p>El Instituto de Investigaciones Antropol\u00f3gicas y Museo Arqueol\u00f3gico de la Universidad Mayor de San Sim\u00f3n INIAM -UMSS, tiene el agrado de anunciar la presentaci\u00f3n de la revista arqueoantropol\u00f3gicas N\u00ba 9, este jueves 10 de abril, a hrs. 10:00 a.m., en el Hall Central del Museo, calle Jord\u00e1n e199, esquina Nataniel Aguirre. Se agradece su gentil &hellip; <\/p>\n<p><a class=\"more-link btn\" href=\"https:\/\/cebem.org\/?p=15341\">Seguir leyendo<\/a><\/p>\n","protected":false},"author":12,"featured_media":15342,"comment_status":"closed","ping_status":"closed","sticky":false,"template":"","format":"standard","meta":{"_jetpack_memberships_contains_paid_content":false,"footnotes":"","jetpack_publicize_message":"","jetpack_publicize_feature_enabled":true,"jetpack_social_post_already_shared":true,"jetpack_social_options":{"image_generator_settings":{"template":"highway","default_image_id":0,"font":"","enabled":false},"version":2}},"categories":[1],"tags":[2209,2201,2210,2208],"class_list":["post-15341","post","type-post","status-publish","format-standard","has-post-thumbnail","hentry","category-noticias","tag-arqueoantropologicas-no-9","tag-boletin-4-abril-2025-2","tag-iniam-umss-2","tag-presentacion-de-la-revista","item-wrap"],"jetpack_publicize_connections":[],"jetpack_featured_media_url":"https:\/\/i0.wp.com\/cebem.org\/wp-content\/uploads\/2025\/04\/Presentacion-arqueoantropologicas-9-2024.jpeg?fit=1600%2C1066&ssl=1","jetpack_sharing_enabled":true,"_links":{"self":[{"href":"https:\/\/cebem.org\/index.php?rest_route=\/wp\/v2\/posts\/15341","targetHints":{"allow":["GET"]}}],"collection":[{"href":"https:\/\/cebem.org\/index.php?rest_route=\/wp\/v2\/posts"}],"about":[{"href":"https:\/\/cebem.org\/index.php?rest_route=\/wp\/v2\/types\/post"}],"author":[{"embeddable":true,"href":"https:\/\/cebem.org\/index.php?rest_route=\/wp\/v2\/users\/12"}],"replies":[{"embeddable":true,"href":"https:\/\/cebem.org\/index.php?rest_route=%2Fwp%2Fv2%2Fcomments&post=15341"}],"version-history":[{"count":4,"href":"https:\/\/cebem.org\/index.php?rest_route=\/wp\/v2\/posts\/15341\/revisions"}],"predecessor-version":[{"id":15352,"href":"https:\/\/cebem.org\/index.php?rest_route=\/wp\/v2\/posts\/15341\/revisions\/15352"}],"wp:featuredmedia":[{"embeddable":true,"href":"https:\/\/cebem.org\/index.php?rest_route=\/wp\/v2\/media\/15342"}],"wp:attachment":[{"href":"https:\/\/cebem.org\/index.php?rest_route=%2Fwp%2Fv2%2Fmedia&parent=15341"}],"wp:term":[{"taxonomy":"category","embeddable":true,"href":"https:\/\/cebem.org\/index.php?rest_route=%2Fwp%2Fv2%2Fcategories&post=15341"},{"taxonomy":"post_tag","embeddable":true,"href":"https:\/\/cebem.org\/index.php?rest_route=%2Fwp%2Fv2%2Ftags&post=15341"}],"curies":[{"name":"wp","href":"https:\/\/api.w.org\/{rel}","templated":true}]}}