
{"id":15265,"date":"2025-02-28T10:27:18","date_gmt":"2025-02-28T14:27:18","guid":{"rendered":"https:\/\/cebem.org\/?p=15265"},"modified":"2025-02-28T10:27:19","modified_gmt":"2025-02-28T14:27:19","slug":"gestion-investigacion-y-usos-pedagogicos-de-archivos-en-la-era-digital-2025","status":"publish","type":"post","link":"https:\/\/cebem.org\/?p=15265","title":{"rendered":"Gesti\u00f3n, investigaci\u00f3n y usos pedag\u00f3gicos de archivos en la era digital 2025."},"content":{"rendered":"<div class=\"wp-block-image\">\n<figure class=\"aligncenter size-full\"><img data-recalc-dims=\"1\" fetchpriority=\"high\" decoding=\"async\" width=\"526\" height=\"526\" src=\"https:\/\/i0.wp.com\/cebem.org\/wp-content\/uploads\/2025\/02\/Flacso-Argentina-Diplomado.jpg?resize=526%2C526&#038;ssl=1\" alt=\"\" class=\"wp-image-15266\" srcset=\"https:\/\/i0.wp.com\/cebem.org\/wp-content\/uploads\/2025\/02\/Flacso-Argentina-Diplomado.jpg?w=526&amp;ssl=1 526w, https:\/\/i0.wp.com\/cebem.org\/wp-content\/uploads\/2025\/02\/Flacso-Argentina-Diplomado.jpg?resize=300%2C300&amp;ssl=1 300w, https:\/\/i0.wp.com\/cebem.org\/wp-content\/uploads\/2025\/02\/Flacso-Argentina-Diplomado.jpg?resize=150%2C150&amp;ssl=1 150w\" sizes=\"(max-width: 526px) 100vw, 526px\" \/><\/figure>\n<\/div>\n\n\n<p>Inscr\u00edbete en el diplomado 2025 del \u00e1rea de Comunicaci\u00f3n y Cultura FLACSO Argentina<\/p>\n\n\n\n<p>Se encuentran abiertas las inscripciones al ciclo 2025 del Diploma Superior Gesti\u00f3n, Investigaci\u00f3n y Usos Pedag\u00f3gicos de Archivos en la Era Digital.<\/p>\n\n\n\n<p>Este Diploma aborda los dilemas de los archivos en la era digital desde un enfoque conceptual y pr\u00e1ctico. Interroga a los archivos y el desaf\u00edo de la digitalizaci\u00f3n desde la historia, la filosof\u00eda; la archiv\u00edstica y la pedagog\u00eda; a la vez que se exploran usos de archivos de diversos formatos.<\/p>\n\n\n\n<div class=\"wp-block-group is-vertical is-layout-flex wp-container-core-group-is-layout-8cf370e7 wp-block-group-is-layout-flex\">\n<p>Modalidad virtual<\/p>\n\n\n\n<p>Coordinaci\u00f3n acad\u00e9mica: Dar\u00edo Pulfer, Patricia Ferrante<\/p>\n\n\n\n<p>Inicio: abril de 2025<\/p>\n\n\n\n<p>Consultas: archivosdigitales@flacso.org.ar <\/p>\n\n\n\n<p>M\u00e1s informaci\u00f3n: <a href=\"https:\/\/www.flacso.org.ar\/...\/gestion-investigacion-y...\/\" target=\"_blank\" rel=\"noreferrer noopener\">https:\/\/www.flacso.org.ar\/&#8230;\/gestion-investigacion-y&#8230;\/<\/a><\/p>\n<\/div>\n\n\n\n<p><a href=\"https:\/\/www.facebook.com\/flacsoarg?__cft__%5b0%5d=AZUjurCfcHBnpyB7T85IxZPnZjwP1Drdzw0HyCNTUZ8gR17snIMsT_Zyml0E4AqSeKQci0cXRhhgRnKY3sgHHHddMFeU8tihPR4UYiM9BUjYVvu6BeWPDbrMLDFjV6FMCiLI2KdDeT9Syip2zbYWXtgolSIdVhfCB-WDRLIgILuPfTf17J7vRuumZ32o2otrHYc&amp;__tn__=-%5dK-R\" target=\"_blank\" rel=\"noreferrer noopener\">FLACSO Argentina (sitio oficial)<\/a><\/p>\n\n\n\n<p><\/p>\n","protected":false},"excerpt":{"rendered":"<p>Inscr\u00edbete en el diplomado 2025 del \u00e1rea de Comunicaci\u00f3n y Cultura FLACSO Argentina Se encuentran abiertas las inscripciones al ciclo 2025 del Diploma Superior Gesti\u00f3n, Investigaci\u00f3n y Usos Pedag\u00f3gicos de Archivos en la Era Digital. Este Diploma aborda los dilemas de los archivos en la era digital desde un enfoque conceptual y pr\u00e1ctico. Interroga a &hellip; <\/p>\n<p><a class=\"more-link btn\" href=\"https:\/\/cebem.org\/?p=15265\">Seguir leyendo<\/a><\/p>\n","protected":false},"author":12,"featured_media":15266,"comment_status":"closed","ping_status":"closed","sticky":false,"template":"","format":"standard","meta":{"_jetpack_memberships_contains_paid_content":false,"footnotes":"","jetpack_publicize_message":"","jetpack_publicize_feature_enabled":true,"jetpack_social_post_already_shared":true,"jetpack_social_options":{"image_generator_settings":{"template":"highway","default_image_id":0,"font":"","enabled":false},"version":2}},"categories":[10],"tags":[2191,2192,409,2193],"class_list":["post-15265","post","type-post","status-publish","format-standard","has-post-thumbnail","hentry","category-otros-cursos","tag-boletin-febrero-2025","tag-diplomado-superior-2025","tag-flacso-argentina","tag-gestion-investigacion-usos-pedagogicos-de-archivos-en-la-era-digital","item-wrap"],"jetpack_publicize_connections":[],"jetpack_featured_media_url":"https:\/\/i0.wp.com\/cebem.org\/wp-content\/uploads\/2025\/02\/Flacso-Argentina-Diplomado.jpg?fit=526%2C526&ssl=1","jetpack_sharing_enabled":true,"_links":{"self":[{"href":"https:\/\/cebem.org\/index.php?rest_route=\/wp\/v2\/posts\/15265","targetHints":{"allow":["GET"]}}],"collection":[{"href":"https:\/\/cebem.org\/index.php?rest_route=\/wp\/v2\/posts"}],"about":[{"href":"https:\/\/cebem.org\/index.php?rest_route=\/wp\/v2\/types\/post"}],"author":[{"embeddable":true,"href":"https:\/\/cebem.org\/index.php?rest_route=\/wp\/v2\/users\/12"}],"replies":[{"embeddable":true,"href":"https:\/\/cebem.org\/index.php?rest_route=%2Fwp%2Fv2%2Fcomments&post=15265"}],"version-history":[{"count":1,"href":"https:\/\/cebem.org\/index.php?rest_route=\/wp\/v2\/posts\/15265\/revisions"}],"predecessor-version":[{"id":15267,"href":"https:\/\/cebem.org\/index.php?rest_route=\/wp\/v2\/posts\/15265\/revisions\/15267"}],"wp:featuredmedia":[{"embeddable":true,"href":"https:\/\/cebem.org\/index.php?rest_route=\/wp\/v2\/media\/15266"}],"wp:attachment":[{"href":"https:\/\/cebem.org\/index.php?rest_route=%2Fwp%2Fv2%2Fmedia&parent=15265"}],"wp:term":[{"taxonomy":"category","embeddable":true,"href":"https:\/\/cebem.org\/index.php?rest_route=%2Fwp%2Fv2%2Fcategories&post=15265"},{"taxonomy":"post_tag","embeddable":true,"href":"https:\/\/cebem.org\/index.php?rest_route=%2Fwp%2Fv2%2Ftags&post=15265"}],"curies":[{"name":"wp","href":"https:\/\/api.w.org\/{rel}","templated":true}]}}