
{"id":15213,"date":"2025-01-29T11:53:00","date_gmt":"2025-01-29T15:53:00","guid":{"rendered":"https:\/\/cebem.org\/?p=15213"},"modified":"2025-01-29T11:53:03","modified_gmt":"2025-01-29T15:53:03","slug":"convocatoria-para-postulacion-de-manuscritos-en-la-revista-ciudades-estados-y-politica-volumen-12-2025","status":"publish","type":"post","link":"https:\/\/cebem.org\/?p=15213","title":{"rendered":"Convocatoria para postulaci\u00f3n de manuscritos en la Revista Ciudades, Estados y Pol\u00edtica, Volumen 12 (2025)."},"content":{"rendered":"<div class=\"wp-block-image\">\n<figure class=\"aligncenter size-full is-resized\"><img data-recalc-dims=\"1\" fetchpriority=\"high\" decoding=\"async\" width=\"750\" height=\"750\" src=\"https:\/\/i0.wp.com\/cebem.org\/wp-content\/uploads\/2025\/01\/Convocatoria1-1.jpg?resize=750%2C750&#038;ssl=1\" alt=\"\" class=\"wp-image-15218\" style=\"width:597px;height:auto\" srcset=\"https:\/\/i0.wp.com\/cebem.org\/wp-content\/uploads\/2025\/01\/Convocatoria1-1.jpg?w=840&amp;ssl=1 840w, https:\/\/i0.wp.com\/cebem.org\/wp-content\/uploads\/2025\/01\/Convocatoria1-1.jpg?resize=300%2C300&amp;ssl=1 300w, https:\/\/i0.wp.com\/cebem.org\/wp-content\/uploads\/2025\/01\/Convocatoria1-1.jpg?resize=150%2C150&amp;ssl=1 150w, https:\/\/i0.wp.com\/cebem.org\/wp-content\/uploads\/2025\/01\/Convocatoria1-1.jpg?resize=768%2C768&amp;ssl=1 768w, https:\/\/i0.wp.com\/cebem.org\/wp-content\/uploads\/2025\/01\/Convocatoria1-1.jpg?resize=750%2C750&amp;ssl=1 750w\" sizes=\"(max-width: 750px) 100vw, 750px\" \/><\/figure>\n<\/div>\n\n\n<p>En el marco de los 20 a\u00f1os del Instituto de Estudios Urbanos (IEU) de la Universidad Nacional de Colombia, la Revista Ciudades, Estados y Pol\u00edtica invita a participar en la convocatoria de recepci\u00f3n de manuscritos para el volumen 12-2025. Fecha l\u00edmite: 3 de marzo 2025.<\/p>\n\n\n\n<p>Invitamos a la comunidad acad\u00e9mica a participar con manuscritos in\u00e9ditos de investigaci\u00f3n, reflexi\u00f3n y revisi\u00f3n bibliogr\u00e1fica de tema libre, preferiblemente trabajados en los \u00faltimos tres a\u00f1os, que aporten al debate sobre los fen\u00f3menos urbanos: las relaciones entre ciudades y Estados, la conformaci\u00f3n pol\u00edtica de la ciudadan\u00eda, el an\u00e1lisis territorial y las transformaciones f\u00edsicas, econ\u00f3micas, culturales y sociales de las \u00e1reas urbanas.<\/p>\n\n\n\n<p>Los par\u00e1metros generales se encuentran disponibles para su consulta, en el siguiente enlace:\u00a0<a href=\"https:\/\/revistas.unal.edu.co\/index.php\/revcep\u00a0\">https:\/\/revistas.unal.edu.co\/index.php\/revcep\u00a0<\/a><\/p>\n\n\n\n<p>Para tener en cuenta:<\/p>\n\n\n\n<ul class=\"wp-block-list\">\n<li>La Revista Ciudades, Estados y Pol\u00edtica recibe manuscritos bajo la modalidad de tema libre, \u00fanicamente a trav\u00e9s del\u00a0<a href=\"https:\/\/revistas.unal.edu.co\/index.php\/revcep\/index\" target=\"_blank\" rel=\"noreferrer noopener\">Portal de Revista UN.<\/a><\/li>\n\n\n\n<li>En nuestro sitio web podr\u00e1 consultar las\u00a0<a href=\"https:\/\/revistas.unal.edu.co\/index.php\/revcep\/about\" target=\"_blank\" rel=\"noreferrer noopener\">directrices para autores<\/a>, el\u00a0<a href=\"https:\/\/revistas.unal.edu.co\/index.php\/revcep\/about\/submissions#formato\" target=\"_blank\" rel=\"noreferrer noopener\">formato, extensi\u00f3n y estructura del art\u00edculo<\/a>, el\u00a0<a href=\"https:\/\/revistas.unal.edu.co\/public\/journals\/83\/public\/Manual_para_la_construcci%C3%B3n_de_art%C3%ADculos.pdf\" target=\"_blank\" rel=\"noreferrer noopener\">Manual para la construcci\u00f3n de art\u00edculos<\/a>, el\u00a0<a href=\"https:\/\/revistas.unal.edu.co\/index.php\/revcep\/about\/submissions#Instrucciones\" target=\"_blank\" rel=\"noreferrer noopener\">procedimiento de env\u00edo<\/a>\u00a0y el\u00a0<a href=\"https:\/\/revistas.unal.edu.co\/index.php\/revcep\/about\/submissions#pares\" target=\"_blank\" rel=\"noreferrer noopener\">proceso de revisi\u00f3n de manuscritos<\/a>.<\/li>\n\n\n\n<li>Ante cualquier inquietud, podr\u00e1 comunicarse con nosotros a trav\u00e9s del correo electr\u00f3nico:\u00a0<a href=\"mailto:revcep_bog@unal.edu.co\">revcep_bog@unal.edu.co<\/a><\/li>\n<\/ul>\n\n\n\n<p><\/p>\n\n\n\n<p>&#x200d;Instituto de Estudios Urbanos. Universidad Nacional de Colombia Calle 44 N\u00ba 45 &#8211; 67. Bloque C, m\u00f3dulo 6. Piso 7, 8 y 9. &#8211; Bogot\u00e1, Colombia.<br>Tel\u00e9fono: (57) 1 316 5000 Ext.:10854 &#8211; 10855 &#8211; 10857 &#8211; 10858<\/p>\n\n\n\n<p><br><\/p>\n\n\n\n<p><\/p>\n","protected":false},"excerpt":{"rendered":"<p>En el marco de los 20 a\u00f1os del Instituto de Estudios Urbanos (IEU) de la Universidad Nacional de Colombia, la Revista Ciudades, Estados y Pol\u00edtica invita a participar en la convocatoria de recepci\u00f3n de manuscritos para el volumen 12-2025. Fecha l\u00edmite: 3 de marzo 2025. Invitamos a la comunidad acad\u00e9mica a participar con manuscritos in\u00e9ditos &hellip; <\/p>\n<p><a class=\"more-link btn\" href=\"https:\/\/cebem.org\/?p=15213\">Seguir leyendo<\/a><\/p>\n","protected":false},"author":12,"featured_media":15218,"comment_status":"closed","ping_status":"closed","sticky":false,"template":"","format":"standard","meta":{"_jetpack_memberships_contains_paid_content":false,"footnotes":"","jetpack_publicize_message":"","jetpack_publicize_feature_enabled":true,"jetpack_social_post_already_shared":true,"jetpack_social_options":{"image_generator_settings":{"template":"highway","default_image_id":0,"font":"","enabled":false},"version":2}},"categories":[8],"tags":[2180,2189,2185,2188],"class_list":["post-15213","post","type-post","status-publish","format-standard","has-post-thumbnail","hentry","category-convocatorias","tag-boletin-2-febrero-2025-2","tag-convocatoria-postulacion-de-manuscritos-volumen-12-2025","tag-ieuuniversidad-de-colombia","tag-rev-ciudades-estados-politica","item-wrap"],"jetpack_publicize_connections":[],"jetpack_featured_media_url":"https:\/\/i0.wp.com\/cebem.org\/wp-content\/uploads\/2025\/01\/Convocatoria1-1.jpg?fit=840%2C840&ssl=1","jetpack_sharing_enabled":true,"_links":{"self":[{"href":"https:\/\/cebem.org\/index.php?rest_route=\/wp\/v2\/posts\/15213","targetHints":{"allow":["GET"]}}],"collection":[{"href":"https:\/\/cebem.org\/index.php?rest_route=\/wp\/v2\/posts"}],"about":[{"href":"https:\/\/cebem.org\/index.php?rest_route=\/wp\/v2\/types\/post"}],"author":[{"embeddable":true,"href":"https:\/\/cebem.org\/index.php?rest_route=\/wp\/v2\/users\/12"}],"replies":[{"embeddable":true,"href":"https:\/\/cebem.org\/index.php?rest_route=%2Fwp%2Fv2%2Fcomments&post=15213"}],"version-history":[{"count":3,"href":"https:\/\/cebem.org\/index.php?rest_route=\/wp\/v2\/posts\/15213\/revisions"}],"predecessor-version":[{"id":15238,"href":"https:\/\/cebem.org\/index.php?rest_route=\/wp\/v2\/posts\/15213\/revisions\/15238"}],"wp:featuredmedia":[{"embeddable":true,"href":"https:\/\/cebem.org\/index.php?rest_route=\/wp\/v2\/media\/15218"}],"wp:attachment":[{"href":"https:\/\/cebem.org\/index.php?rest_route=%2Fwp%2Fv2%2Fmedia&parent=15213"}],"wp:term":[{"taxonomy":"category","embeddable":true,"href":"https:\/\/cebem.org\/index.php?rest_route=%2Fwp%2Fv2%2Fcategories&post=15213"},{"taxonomy":"post_tag","embeddable":true,"href":"https:\/\/cebem.org\/index.php?rest_route=%2Fwp%2Fv2%2Ftags&post=15213"}],"curies":[{"name":"wp","href":"https:\/\/api.w.org\/{rel}","templated":true}]}}