
{"id":15039,"date":"2024-11-08T12:42:09","date_gmt":"2024-11-08T16:42:09","guid":{"rendered":"https:\/\/cebem.org\/?p=15039"},"modified":"2024-11-08T12:42:10","modified_gmt":"2024-11-08T16:42:10","slug":"doctorado-en-ciencias-sociales-modalidad-intensiva","status":"publish","type":"post","link":"https:\/\/cebem.org\/?p=15039","title":{"rendered":"Doctorado en Ciencias Sociales &#8211; Modalidad Intensiva"},"content":{"rendered":"\n<p><\/p>\n\n\n<div class=\"wp-block-image\">\n<figure class=\"aligncenter size-full is-resized\"><img data-recalc-dims=\"1\" fetchpriority=\"high\" decoding=\"async\" width=\"750\" height=\"385\" src=\"https:\/\/i0.wp.com\/cebem.org\/wp-content\/uploads\/2024\/11\/Screenshot-2024-11-08-at-12-21-42-Doctorado-en-Ciencias-Sociales-Modalidad-intensiva-%E2%80%94-Facultad-de-Humanidades-y-Ciencias-de-la-Educacion.png?resize=750%2C385&#038;ssl=1\" alt=\"\" class=\"wp-image-15040\" style=\"object-fit:cover;width:665px;height:auto\" srcset=\"https:\/\/i0.wp.com\/cebem.org\/wp-content\/uploads\/2024\/11\/Screenshot-2024-11-08-at-12-21-42-Doctorado-en-Ciencias-Sociales-Modalidad-intensiva-%E2%80%94-Facultad-de-Humanidades-y-Ciencias-de-la-Educacion.png?w=786&amp;ssl=1 786w, https:\/\/i0.wp.com\/cebem.org\/wp-content\/uploads\/2024\/11\/Screenshot-2024-11-08-at-12-21-42-Doctorado-en-Ciencias-Sociales-Modalidad-intensiva-%E2%80%94-Facultad-de-Humanidades-y-Ciencias-de-la-Educacion.png?resize=300%2C154&amp;ssl=1 300w, https:\/\/i0.wp.com\/cebem.org\/wp-content\/uploads\/2024\/11\/Screenshot-2024-11-08-at-12-21-42-Doctorado-en-Ciencias-Sociales-Modalidad-intensiva-%E2%80%94-Facultad-de-Humanidades-y-Ciencias-de-la-Educacion.png?resize=768%2C395&amp;ssl=1 768w, https:\/\/i0.wp.com\/cebem.org\/wp-content\/uploads\/2024\/11\/Screenshot-2024-11-08-at-12-21-42-Doctorado-en-Ciencias-Sociales-Modalidad-intensiva-%E2%80%94-Facultad-de-Humanidades-y-Ciencias-de-la-Educacion.png?resize=750%2C385&amp;ssl=1 750w\" sizes=\"(max-width: 750px) 100vw, 750px\" \/><\/figure>\n<\/div>\n\n\n<p class=\"has-large-font-size\">Convocatoria a inscripci\u00f3n | Ampliaci\u00f3n 30 de noviembre de 2024<\/p>\n\n\n\n<p>El Doctorado en Ciencias Sociales de la FaHCE-UNLP abre la convocatoria a inscripciones para la&nbsp;<strong>modalidad intensiva destinada a no residentes en Argentina.<\/strong><\/p>\n\n\n\n<p>Posgrado de excelencia. Acreditado con la m\u00e1xima calificaci\u00f3n por la CONEAU: \u201cA\u201d. Resoluci\u00f3n Nro. 407\/2023<\/p>\n\n\n\n<p>Duraci\u00f3n: 2 a\u00f1os y medio de cursos + elaboraci\u00f3n de tesis.<\/p>\n\n\n\n<p>Cupos limitados.<\/p>\n\n\n\n<p><strong>Informes, inscripci\u00f3n y aranceles: dcsintensivo@fahce.unlp.edu.ar<\/strong><\/p>\n\n\n\n<p><em>Los\/las alumnos\/as deben viajar al menos 5 veces a la ciudad de La Plata (cinco encuentros presenciales de 15 d\u00edas de duraci\u00f3n, uno por semestre).<\/em><\/p>\n\n\n\n<div class=\"wp-block-buttons is-content-justification-center is-layout-flex wp-container-core-buttons-is-layout-16018d1d wp-block-buttons-is-layout-flex\">\n<div class=\"wp-block-button has-custom-width wp-block-button__width-50\"><a class=\"wp-block-button__link wp-element-button\" href=\"https:\/\/www.fahce.unlp.edu.ar\/facultad\/secretarias-y-prosecretarias\/posgrado\/doctorado\/doctorado-ciencias-sociales-intensiva\/noticias\/convocatoria-a-inscripcion-cohorte-2024-modalidad-intensiva\" target=\"_blank\" rel=\"noopener noreferrer\">M\u00c1S INFORMACI\u00d3N<\/a><\/div>\n<\/div>\n\n\n\n<p><\/p>\n","protected":false},"excerpt":{"rendered":"<p>El Doctorado en Ciencias Sociales de la FaHCE-UNLP abre la convocatoria a inscripciones para la modalidad intensiva destinada a no residentes en Argentina.<\/p>\n<p>Posgrado de excelencia. Acreditado con la m\u00e1xima calificaci\u00f3n por la CONEAU: \u201cA\u201d. Resoluci\u00f3n Nro. 407\/2023<\/p>\n","protected":false},"author":17,"featured_media":15040,"comment_status":"closed","ping_status":"closed","sticky":false,"template":"","format":"standard","meta":{"_jetpack_memberships_contains_paid_content":false,"footnotes":"","jetpack_publicize_message":"","jetpack_publicize_feature_enabled":true,"jetpack_social_post_already_shared":true,"jetpack_social_options":{"image_generator_settings":{"template":"highway","default_image_id":0,"font":"","enabled":false},"version":2}},"categories":[10],"tags":[72,101,47],"class_list":["post-15039","post","type-post","status-publish","format-standard","has-post-thumbnail","hentry","category-otros-cursos","tag-argentina","tag-ciencias-sociales","tag-doctorado","item-wrap"],"jetpack_publicize_connections":[],"jetpack_featured_media_url":"https:\/\/i0.wp.com\/cebem.org\/wp-content\/uploads\/2024\/11\/Screenshot-2024-11-08-at-12-21-42-Doctorado-en-Ciencias-Sociales-Modalidad-intensiva-%E2%80%94-Facultad-de-Humanidades-y-Ciencias-de-la-Educacion.png?fit=786%2C404&ssl=1","jetpack_sharing_enabled":true,"_links":{"self":[{"href":"https:\/\/cebem.org\/index.php?rest_route=\/wp\/v2\/posts\/15039","targetHints":{"allow":["GET"]}}],"collection":[{"href":"https:\/\/cebem.org\/index.php?rest_route=\/wp\/v2\/posts"}],"about":[{"href":"https:\/\/cebem.org\/index.php?rest_route=\/wp\/v2\/types\/post"}],"author":[{"embeddable":true,"href":"https:\/\/cebem.org\/index.php?rest_route=\/wp\/v2\/users\/17"}],"replies":[{"embeddable":true,"href":"https:\/\/cebem.org\/index.php?rest_route=%2Fwp%2Fv2%2Fcomments&post=15039"}],"version-history":[{"count":2,"href":"https:\/\/cebem.org\/index.php?rest_route=\/wp\/v2\/posts\/15039\/revisions"}],"predecessor-version":[{"id":15042,"href":"https:\/\/cebem.org\/index.php?rest_route=\/wp\/v2\/posts\/15039\/revisions\/15042"}],"wp:featuredmedia":[{"embeddable":true,"href":"https:\/\/cebem.org\/index.php?rest_route=\/wp\/v2\/media\/15040"}],"wp:attachment":[{"href":"https:\/\/cebem.org\/index.php?rest_route=%2Fwp%2Fv2%2Fmedia&parent=15039"}],"wp:term":[{"taxonomy":"category","embeddable":true,"href":"https:\/\/cebem.org\/index.php?rest_route=%2Fwp%2Fv2%2Fcategories&post=15039"},{"taxonomy":"post_tag","embeddable":true,"href":"https:\/\/cebem.org\/index.php?rest_route=%2Fwp%2Fv2%2Ftags&post=15039"}],"curies":[{"name":"wp","href":"https:\/\/api.w.org\/{rel}","templated":true}]}}