
{"id":15036,"date":"2024-11-08T11:25:29","date_gmt":"2024-11-08T15:25:29","guid":{"rendered":"https:\/\/cebem.org\/?p=15036"},"modified":"2024-11-08T11:25:31","modified_gmt":"2024-11-08T15:25:31","slug":"se-llevo-a-cabo-el-conversatorio-sobre-incidencia-territorial-de-los-resultados-del-censo","status":"publish","type":"post","link":"https:\/\/cebem.org\/?p=15036","title":{"rendered":"Se llevo a cabo el conversatorio sobre incidencia territorial de los resultados del CENSO"},"content":{"rendered":"\n<p>El pasado mi\u00e9rcoles 23 de octubre de 2024, se llevo a cabo la sesi\u00f3n del conversatorio <em>\u00ab<\/em>Incidencia territorial de los resultados del CENSO\u00bb, expositor: Fabi\u00e1n Yaksic<\/p>\n\n\n\n<p>Se tuvo la presencia de miembros de la red de la ruta del censo como tambi\u00e9n el publico en general ya que se transmiti\u00f3 por facebook live a trav\u00e9s de la pagina de <strong><a href=\"https:\/\/www.facebook.com\/LaRutadelCenso2022\" target=\"_blank\" rel=\"noreferrer noopener\">La Ruta del Censo<\/a><\/strong>.<\/p>\n\n\n\n<p>Se debati\u00f3 y se brindo opiniones espec\u00edficamente sobre la tem\u00e1tica.<\/p>\n\n\n\n<p>Agradecemos la participaci\u00f3n de todos los participantes y estaremos continuando con estas capacitaciones mas adelante.<\/p>\n\n\n\n<iframe src=\"https:\/\/www.facebook.com\/plugins\/video.php?height=314&#038;href=https%3A%2F%2Fwww.facebook.com%2FLaRutadelCenso2022%2Fvideos%2F1062163188536177%2F&#038;show_text=false&#038;width=560&#038;t=0\" width=\"560\" height=\"314\" style=\"border:none;overflow:hidden\" scrolling=\"no\" frameborder=\"0\" allowfullscreen=\"true\" allow=\"autoplay; clipboard-write; encrypted-media; picture-in-picture; web-share\" allowFullScreen=\"true\"><\/iframe>\n","protected":false},"excerpt":{"rendered":"<p>El pasado mi\u00e9rcoles 23 de octubre de 2024, se llevo a cabo la sesi\u00f3n del conversatorio \u00abIncidencia territorial de los resultados del CENSO\u00bb, expositor: Fabi\u00e1n Yaksic<\/p>\n","protected":false},"author":15,"featured_media":15037,"comment_status":"closed","ping_status":"closed","sticky":false,"template":"","format":"standard","meta":{"_jetpack_memberships_contains_paid_content":false,"footnotes":"","jetpack_publicize_message":"","jetpack_publicize_feature_enabled":false,"jetpack_social_post_already_shared":false,"jetpack_social_options":{"image_generator_settings":{"template":"highway","enabled":false},"version":2}},"categories":[1785,1955,1543],"tags":[1892,93,1831],"class_list":["post-15036","post","type-post","status-publish","format-standard","has-post-thumbnail","hentry","category-capacitaciones-censo","category-conversatorios-semininarios-talleres","category-rutacenso","tag-censo-2024","tag-conversatorio","tag-la-ruta-del-censo","item-wrap"],"jetpack_publicize_connections":[],"jetpack_featured_media_url":"https:\/\/i0.wp.com\/cebem.org\/wp-content\/uploads\/2024\/11\/CONVERSATORIO-23-10-24.png?fit=1343%2C837&ssl=1","jetpack_sharing_enabled":true,"_links":{"self":[{"href":"https:\/\/cebem.org\/index.php?rest_route=\/wp\/v2\/posts\/15036","targetHints":{"allow":["GET"]}}],"collection":[{"href":"https:\/\/cebem.org\/index.php?rest_route=\/wp\/v2\/posts"}],"about":[{"href":"https:\/\/cebem.org\/index.php?rest_route=\/wp\/v2\/types\/post"}],"author":[{"embeddable":true,"href":"https:\/\/cebem.org\/index.php?rest_route=\/wp\/v2\/users\/15"}],"replies":[{"embeddable":true,"href":"https:\/\/cebem.org\/index.php?rest_route=%2Fwp%2Fv2%2Fcomments&post=15036"}],"version-history":[{"count":1,"href":"https:\/\/cebem.org\/index.php?rest_route=\/wp\/v2\/posts\/15036\/revisions"}],"predecessor-version":[{"id":15038,"href":"https:\/\/cebem.org\/index.php?rest_route=\/wp\/v2\/posts\/15036\/revisions\/15038"}],"wp:featuredmedia":[{"embeddable":true,"href":"https:\/\/cebem.org\/index.php?rest_route=\/wp\/v2\/media\/15037"}],"wp:attachment":[{"href":"https:\/\/cebem.org\/index.php?rest_route=%2Fwp%2Fv2%2Fmedia&parent=15036"}],"wp:term":[{"taxonomy":"category","embeddable":true,"href":"https:\/\/cebem.org\/index.php?rest_route=%2Fwp%2Fv2%2Fcategories&post=15036"},{"taxonomy":"post_tag","embeddable":true,"href":"https:\/\/cebem.org\/index.php?rest_route=%2Fwp%2Fv2%2Ftags&post=15036"}],"curies":[{"name":"wp","href":"https:\/\/api.w.org\/{rel}","templated":true}]}}