
{"id":15024,"date":"2024-11-06T12:18:03","date_gmt":"2024-11-06T16:18:03","guid":{"rendered":"https:\/\/cebem.org\/?p=15024"},"modified":"2024-11-06T12:18:04","modified_gmt":"2024-11-06T16:18:04","slug":"encuentro-internacional-transiciones-urbanas-y-economias-populares-como-habitar-diferente","status":"publish","type":"post","link":"https:\/\/cebem.org\/?p=15024","title":{"rendered":"Encuentro internacional:\u00a0Transiciones urbanas y econom\u00edas populares: \u00bfC\u00f3mo habitar diferente?"},"content":{"rendered":"<div class=\"wp-block-image\">\n<figure class=\"aligncenter size-full is-resized\"><img data-recalc-dims=\"1\" fetchpriority=\"high\" decoding=\"async\" width=\"750\" height=\"422\" src=\"https:\/\/i0.wp.com\/cebem.org\/wp-content\/uploads\/2024\/11\/Transiciones-urbanas_economias-populares_bolivia_nov24-1536x864-1.jpeg?resize=750%2C422&#038;ssl=1\" alt=\"\" class=\"wp-image-15026\" style=\"width:741px;height:auto\" srcset=\"https:\/\/i0.wp.com\/cebem.org\/wp-content\/uploads\/2024\/11\/Transiciones-urbanas_economias-populares_bolivia_nov24-1536x864-1.jpeg?w=1536&amp;ssl=1 1536w, https:\/\/i0.wp.com\/cebem.org\/wp-content\/uploads\/2024\/11\/Transiciones-urbanas_economias-populares_bolivia_nov24-1536x864-1.jpeg?resize=300%2C169&amp;ssl=1 300w, https:\/\/i0.wp.com\/cebem.org\/wp-content\/uploads\/2024\/11\/Transiciones-urbanas_economias-populares_bolivia_nov24-1536x864-1.jpeg?resize=1024%2C576&amp;ssl=1 1024w, https:\/\/i0.wp.com\/cebem.org\/wp-content\/uploads\/2024\/11\/Transiciones-urbanas_economias-populares_bolivia_nov24-1536x864-1.jpeg?resize=768%2C432&amp;ssl=1 768w, https:\/\/i0.wp.com\/cebem.org\/wp-content\/uploads\/2024\/11\/Transiciones-urbanas_economias-populares_bolivia_nov24-1536x864-1.jpeg?resize=750%2C422&amp;ssl=1 750w\" sizes=\"(max-width: 750px) 100vw, 750px\" \/><\/figure>\n<\/div>\n\n\n<p class=\"has-text-align-left has-large-font-size\"><strong>8 de noviembre de 2024 | Modalidad presencial | La Paz, Bolivia<br>9:30 horas<br>Salon de Honor, Monoblock central de la UMSA<br>Av. Villaz\u00f3n Nro.1995<\/strong><\/p>\n\n\n\n<p class=\"has-text-align-left has-large-font-size\">Una iniciativa del Colectivo de Econom\u00edas Populares Urbanas, el Grupo de trabajo CLACSO Econom\u00edas Populares: mapeo te\u00f3rico y pr\u00e1ctico y CIDES-IDIS \/ UMSA<\/p>\n\n\n\n<p>Nos reunimos para construir y expandir preguntas que cruzan nuestras investigaciones, preocupaciones y anhelos. Queremos indagar c\u00f3mo las econom\u00edas populares desarrollan una creatividad pol\u00edtica e institucional y reconfiguran la disputa por lo com\u00fan en instituciones emergentes posibles, a la vez que improbables. Y a\u00fan m\u00e1s a fondo: c\u00f3mo se enfrentan estos marcos a la acumulaci\u00f3n capitalista, la desposesi\u00f3n y la violencia m\u00faltiple en los territorios. \u00bfQu\u00e9 tipo de fronteras, resonancias, colaboraciones y formas de cooperaci\u00f3n se practican?<\/p>\n\n\n\n<p class=\"has-text-align-left has-regular-font-size\">Las econom\u00edas urbanas son territorios donde se enfrentan cotidianamente las crisis contempor\u00e1neas -el r\u00e9gimen anarcocapitalista en Argentina, las guerras del narcotr\u00e1fico en Ecuador, la fr\u00e1gil recuperaci\u00f3n izquierdista de la econom\u00eda social en Colombia, la disoluci\u00f3n de la vida econ\u00f3mica en la Inglaterra post-Brexit, las convulsiones de Oriente Pr\u00f3ximo. Y situadxs en el espacio que nos reunimos: \u00bfC\u00f3mo conforman las econom\u00edas populares urbanas en Bolivia las memorias colectivas, los imaginarios, las historias de lucha colectiva, las apropiaciones de discursos y experiencias globales y los intrincados detalles de los medios de vida y las pr\u00e1cticas culturales localizadas? \u00bfC\u00f3mo perciben lxs habitantes urbanxs el desentra\u00f1amiento y el retejido de m\u00faltiples tiempos y geograf\u00edas y c\u00f3mo se combinan los sentidos polirr\u00edtmicos generados por todo lo que podr\u00eda estar ocurriendo en el lugar y todo lo que ha ocurrido o podr\u00eda estar ocurriendo en lugares distantes? Finalmente, nos interesa entreverar temporalidades: \u00bfC\u00f3mo act\u00faa el futuro como modo de producci\u00f3n, como lucha incesante en busca de elementos comunes a expandir? \u00bfC\u00f3mo se hacen presentes los pasados en las formas de habitar el territorios? \u00bfC\u00f3mo comprendemos y activamos en las crisis del presente?<\/p>\n\n\n\n<p><strong>TALLERES \u2013 DERIVAS \u2013 PANELES<\/strong><\/p>\n\n\n\n<p><strong>Participan<\/strong><br>AbdouMaliq Simone | Ver\u00f3nica Gago | Cristina Cielo | Nico Tassi | Rupali Gupte | Prasad Devappa Shetty | Alfonso Hinojosa | Delia Colque | Connie Smith | Lana Salman | Chrystel Olouko\u00ef | Pr\u00edncipe Guma | Santiago Azzati | Felipe Magalh\u00e3es | Alioscia Castronovo | Natalia Hern\u00e1ndez Fajardo | Ana Mar\u00eda Morales Troya | Ana Julia Bustos | Marcia Moreno Benitez | Hern\u00e1n Pruden<\/p>\n\n\n\n<p><strong>Organizan<\/strong><br>Grupo de Trabajo CLACSO Econom\u00edas populares. Mapeo te\u00f3rico y pr\u00e1ctico<br>Colectivo de Econom\u00edas Populares Urbanas<br>CIDES-IDIS \/ UMSA<\/p>\n\n\n\n<div class=\"wp-block-buttons is-content-justification-center is-layout-flex wp-container-core-buttons-is-layout-16018d1d wp-block-buttons-is-layout-flex\">\n<div class=\"wp-block-button\"><a class=\"wp-block-button__link wp-element-button\" href=\"https:\/\/www.clacso.org\/actividad\/encuentro-internacional-transiciones-urbanas-y-economias-populares-como-habitar-diferente\/?fbclid=IwY2xjawGYUpJleHRuA2FlbQIxMAABHbQXct5JqIxxJmojmuDmEPlHh2GIoT1gYRuo1FkLeHngjob15A-amCBDjw_aem_4Tvk6WVVPnlTKZEyA9rogA\" target=\"_blank\" rel=\"noreferrer noopener\">M\u00c1S INFORMACI\u00d3N <\/a><\/div>\n<\/div>\n\n\n\n<p><\/p>\n","protected":false},"excerpt":{"rendered":"<p>Una iniciativa del Colectivo de Econom\u00edas Populares Urbanas, el Grupo de trabajo CLACSO Econom\u00edas Populares: mapeo te\u00f3rico y pr\u00e1ctico y CIDES-IDIS \/ UMSA<br \/>\n\u00abPara enfrentar las amenazas a la seguridad h\u00eddrica en las regiones metropolitanas de Bolivia\u201d<\/p>\n","protected":false},"author":17,"featured_media":15026,"comment_status":"closed","ping_status":"closed","sticky":false,"template":"","format":"standard","meta":{"_jetpack_memberships_contains_paid_content":false,"footnotes":"","jetpack_publicize_message":"","jetpack_publicize_feature_enabled":true,"jetpack_social_post_already_shared":true,"jetpack_social_options":{"image_generator_settings":{"template":"highway","default_image_id":0,"font":"","enabled":false},"version":2}},"categories":[34],"tags":[2170,217,2169],"class_list":["post-15024","post","type-post","status-publish","format-standard","has-post-thumbnail","hentry","category-eventos","tag-cides-umsa","tag-clacso","tag-encuentro-internacional","item-wrap"],"jetpack_publicize_connections":[],"jetpack_featured_media_url":"https:\/\/i0.wp.com\/cebem.org\/wp-content\/uploads\/2024\/11\/Transiciones-urbanas_economias-populares_bolivia_nov24-1536x864-1.jpeg?fit=1536%2C864&ssl=1","jetpack_sharing_enabled":true,"_links":{"self":[{"href":"https:\/\/cebem.org\/index.php?rest_route=\/wp\/v2\/posts\/15024","targetHints":{"allow":["GET"]}}],"collection":[{"href":"https:\/\/cebem.org\/index.php?rest_route=\/wp\/v2\/posts"}],"about":[{"href":"https:\/\/cebem.org\/index.php?rest_route=\/wp\/v2\/types\/post"}],"author":[{"embeddable":true,"href":"https:\/\/cebem.org\/index.php?rest_route=\/wp\/v2\/users\/17"}],"replies":[{"embeddable":true,"href":"https:\/\/cebem.org\/index.php?rest_route=%2Fwp%2Fv2%2Fcomments&post=15024"}],"version-history":[{"count":4,"href":"https:\/\/cebem.org\/index.php?rest_route=\/wp\/v2\/posts\/15024\/revisions"}],"predecessor-version":[{"id":15029,"href":"https:\/\/cebem.org\/index.php?rest_route=\/wp\/v2\/posts\/15024\/revisions\/15029"}],"wp:featuredmedia":[{"embeddable":true,"href":"https:\/\/cebem.org\/index.php?rest_route=\/wp\/v2\/media\/15026"}],"wp:attachment":[{"href":"https:\/\/cebem.org\/index.php?rest_route=%2Fwp%2Fv2%2Fmedia&parent=15024"}],"wp:term":[{"taxonomy":"category","embeddable":true,"href":"https:\/\/cebem.org\/index.php?rest_route=%2Fwp%2Fv2%2Fcategories&post=15024"},{"taxonomy":"post_tag","embeddable":true,"href":"https:\/\/cebem.org\/index.php?rest_route=%2Fwp%2Fv2%2Ftags&post=15024"}],"curies":[{"name":"wp","href":"https:\/\/api.w.org\/{rel}","templated":true}]}}