
{"id":1500,"date":"2016-10-06T11:29:21","date_gmt":"2016-10-06T15:29:21","guid":{"rendered":"http:\/\/cebem.org\/?p=1500"},"modified":"2016-10-06T11:29:21","modified_gmt":"2016-10-06T15:29:21","slug":"revista-academia-xxii-segunda-epoca-facultad-de-arquitectura-de-la-universidad-nacional-autonoma-de-mexico","status":"publish","type":"post","link":"https:\/\/cebem.org\/?p=1500","title":{"rendered":"Revista Academia XXII &#8211; Segunda epoca. Facultad de Arquitectura de la Universidad Nacional Aut\u00f3noma de M\u00e9xico"},"content":{"rendered":"<p><img data-recalc-dims=\"1\" decoding=\"async\" class=\"aligncenter size-medium wp-image-1506\" src=\"https:\/\/i0.wp.com\/cebem.org\/wp-content\/uploads\/2016\/10\/header-01_orig-300x160.jpg?resize=300%2C160\" alt=\"header-01_orig\" width=\"300\" height=\"160\" srcset=\"https:\/\/i0.wp.com\/cebem.org\/wp-content\/uploads\/2016\/10\/header-01_orig.jpg?resize=300%2C160&amp;ssl=1 300w, https:\/\/i0.wp.com\/cebem.org\/wp-content\/uploads\/2016\/10\/header-01_orig.jpg?resize=768%2C411&amp;ssl=1 768w, https:\/\/i0.wp.com\/cebem.org\/wp-content\/uploads\/2016\/10\/header-01_orig.jpg?resize=1024%2C547&amp;ssl=1 1024w, https:\/\/i0.wp.com\/cebem.org\/wp-content\/uploads\/2016\/10\/header-01_orig.jpg?resize=600%2C321&amp;ssl=1 600w, https:\/\/i0.wp.com\/cebem.org\/wp-content\/uploads\/2016\/10\/header-01_orig.jpg?w=1100&amp;ssl=1 1100w\" sizes=\"(max-width: 300px) 100vw, 300px\" \/><\/p>\n<p>Revista cient\u00edfica de investigaci\u00f3n con periodicidad semestral, es un espacio de escritura acad\u00e9mica que publica desde 2010 textos originales, in\u00e9ditos, actualizados y especializados dedicados a la reflexi\u00f3n y multi- dimensi\u00f3n te\u00f3rica y practica del dise\u00f1o del conocimiento en arquitectura, urbanismo, arquitectura de paisaje y dise\u00f1o industrial.<\/p>\n<p>Como plataforma para el registro de la investigaci\u00f3n acad\u00e9mica desarrollada en el centro de investigaciones, laboratorios y posgrados de la Facultad de Arquitectura, as\u00ed como en proyectos e instituciones externos nacionales e internacionales afines, persigue la mediaci\u00f3n entre estos saberes disciplinarios, el dise\u00f1o del conocimiento interdisciplinario acad\u00e9mico y los retos socio-ambientales del pensamiento y experiencia contempor\u00e1neos.<\/p>\n<h4><a href=\"http:\/\/arquitectura.unam.mx\/academia-xxii.html\" target=\"_blank\">M\u00e1s informaci\u00f3n<\/a><\/h4>\n","protected":false},"excerpt":{"rendered":"<p>Revista cient\u00edfica de investigaci\u00f3n con periodicidad semestral, es un espacio de escritura acad\u00e9mica que publica desde 2010 textos originales, in\u00e9ditos, actualizados y especializados dedicados a la reflexi\u00f3n y multi- dimensi\u00f3n te\u00f3rica y practica del dise\u00f1o del conocimiento en arquitectura, urbanismo, arquitectura de paisaje y dise\u00f1o industrial. Como plataforma para el registro de la investigaci\u00f3n acad\u00e9mica &hellip; <\/p>\n<p><a class=\"more-link btn\" href=\"https:\/\/cebem.org\/?p=1500\">Seguir leyendo<\/a><\/p>\n","protected":false},"author":2,"featured_media":1506,"comment_status":"closed","ping_status":"closed","sticky":false,"template":"","format":"standard","meta":{"_jetpack_memberships_contains_paid_content":false,"footnotes":"","jetpack_publicize_message":"","jetpack_publicize_feature_enabled":true,"jetpack_social_post_already_shared":true,"jetpack_social_options":{"image_generator_settings":{"template":"highway","default_image_id":0,"font":"","enabled":false},"version":2}},"categories":[7],"tags":[111,18],"class_list":["post-1500","post","type-post","status-publish","format-standard","has-post-thumbnail","hentry","category-otras-publicaciones","tag-boletin-8-septiembre-2016","tag-revista","item-wrap"],"jetpack_publicize_connections":[],"jetpack_featured_media_url":"https:\/\/i0.wp.com\/cebem.org\/wp-content\/uploads\/2016\/10\/header-01_orig.jpg?fit=1100%2C588&ssl=1","jetpack_sharing_enabled":true,"_links":{"self":[{"href":"https:\/\/cebem.org\/index.php?rest_route=\/wp\/v2\/posts\/1500","targetHints":{"allow":["GET"]}}],"collection":[{"href":"https:\/\/cebem.org\/index.php?rest_route=\/wp\/v2\/posts"}],"about":[{"href":"https:\/\/cebem.org\/index.php?rest_route=\/wp\/v2\/types\/post"}],"author":[{"embeddable":true,"href":"https:\/\/cebem.org\/index.php?rest_route=\/wp\/v2\/users\/2"}],"replies":[{"embeddable":true,"href":"https:\/\/cebem.org\/index.php?rest_route=%2Fwp%2Fv2%2Fcomments&post=1500"}],"version-history":[{"count":1,"href":"https:\/\/cebem.org\/index.php?rest_route=\/wp\/v2\/posts\/1500\/revisions"}],"predecessor-version":[{"id":1507,"href":"https:\/\/cebem.org\/index.php?rest_route=\/wp\/v2\/posts\/1500\/revisions\/1507"}],"wp:featuredmedia":[{"embeddable":true,"href":"https:\/\/cebem.org\/index.php?rest_route=\/wp\/v2\/media\/1506"}],"wp:attachment":[{"href":"https:\/\/cebem.org\/index.php?rest_route=%2Fwp%2Fv2%2Fmedia&parent=1500"}],"wp:term":[{"taxonomy":"category","embeddable":true,"href":"https:\/\/cebem.org\/index.php?rest_route=%2Fwp%2Fv2%2Fcategories&post=1500"},{"taxonomy":"post_tag","embeddable":true,"href":"https:\/\/cebem.org\/index.php?rest_route=%2Fwp%2Fv2%2Ftags&post=1500"}],"curies":[{"name":"wp","href":"https:\/\/api.w.org\/{rel}","templated":true}]}}