
{"id":14987,"date":"2024-10-29T13:33:58","date_gmt":"2024-10-29T17:33:58","guid":{"rendered":"https:\/\/cebem.org\/?p=14987"},"modified":"2024-10-29T13:34:44","modified_gmt":"2024-10-29T17:34:44","slug":"xvi-foro-ministerial-para-el-desarrollo-espacio-para-discutir-sobre-el-poder-de-la-resiliencia-y-como-superar-los-desafios-del-desarrollo-en-america-latina-y-el-caribe","status":"publish","type":"post","link":"https:\/\/cebem.org\/?p=14987","title":{"rendered":"XVI Foro Ministerial para el Desarrollo: espacio para discutir sobre el poder de la resiliencia y c\u00f3mo superar los desaf\u00edos del desarrollo en Am\u00e9rica Latina y el Caribe"},"content":{"rendered":"<div class=\"wp-block-image\">\n<figure class=\"aligncenter size-full is-resized\"><img data-recalc-dims=\"1\" fetchpriority=\"high\" decoding=\"async\" width=\"750\" height=\"428\" src=\"https:\/\/i0.wp.com\/cebem.org\/wp-content\/uploads\/2024\/10\/resiliencia_en_accion-x-fb_0.jpg?resize=750%2C428&#038;ssl=1\" alt=\"\" class=\"wp-image-14988\" style=\"width:717px;height:auto\" srcset=\"https:\/\/i0.wp.com\/cebem.org\/wp-content\/uploads\/2024\/10\/resiliencia_en_accion-x-fb_0.jpg?w=1467&amp;ssl=1 1467w, https:\/\/i0.wp.com\/cebem.org\/wp-content\/uploads\/2024\/10\/resiliencia_en_accion-x-fb_0.jpg?resize=300%2C171&amp;ssl=1 300w, https:\/\/i0.wp.com\/cebem.org\/wp-content\/uploads\/2024\/10\/resiliencia_en_accion-x-fb_0.jpg?resize=1024%2C584&amp;ssl=1 1024w, https:\/\/i0.wp.com\/cebem.org\/wp-content\/uploads\/2024\/10\/resiliencia_en_accion-x-fb_0.jpg?resize=768%2C438&amp;ssl=1 768w, https:\/\/i0.wp.com\/cebem.org\/wp-content\/uploads\/2024\/10\/resiliencia_en_accion-x-fb_0.jpg?resize=750%2C428&amp;ssl=1 750w\" sizes=\"(max-width: 750px) 100vw, 750px\" \/><\/figure>\n<\/div>\n\n\n<p class=\"has-large-font-size\">El Foro es coorganizado y auspiciado por el Gobierno de Barbados con el apoyo del PNUD en Am\u00e9rica Latina y el Caribe y la CEPAL.<\/p>\n\n\n\n<p>El\u00a0XVI Foro Ministerial para el Desarrollo en Am\u00e9rica Latina y el Caribe \u00a0discutir\u00e1 c\u00f3mo la regi\u00f3n puede avanzar y proteger los logros sociales en el contexto de choques m\u00e1s frecuentes e intensos.<\/p>\n\n\n\n<p>Esta reuni\u00f3n se basa en las discusiones iniciadas en el XIII Foro Ministerial en Antigua y Barbuda en 2021, que trat\u00f3 sobre desastres y sistemas de protecci\u00f3n social en el contexto de crisis prolongadas.<\/p>\n\n\n\n<p>El Foro es coorganizado y auspiciado por el Gobierno de Barbados con el apoyo del Programa de las Naciones Unidas para el Desarrollo (PNUD) en Am\u00e9rica Latina y el Caribe y la Comisi\u00f3n Econ\u00f3mica para Am\u00e9rica Latina y el Caribe (CEPAL).<\/p>\n\n\n\n<p>En el marco del Foro, se llevar\u00e1 a cabo la Sexta Reuni\u00f3n de la Mesa Directiva de la Conferencia Regional sobre Desarrollo Social en Am\u00e9rica Latina y el Caribe, uno de los \u00f3rganos subsidiarios de la CEPAL.<\/p>\n\n\n\n<p><strong>Fecha:<\/strong> 30 de octubre &#8211; 1 de noviembre de 2024<br><strong>Lugar:<\/strong> Wyndham Grand Barbados, Sam Lord\u2019s Castle<\/p>\n\n\n\n<div class=\"wp-block-buttons is-content-justification-center is-layout-flex wp-container-core-buttons-is-layout-16018d1d wp-block-buttons-is-layout-flex\">\n<div class=\"wp-block-button\"><a class=\"wp-block-button__link wp-element-button\" href=\"https:\/\/www.cepal.org\/es\/noticias\/xvi-foro-ministerial-desarrollo-espacio-discutir-poder-la-resiliencia-como-superar-desafios\" target=\"_blank\" rel=\"noreferrer noopener\">SABER M\u00c1S<\/a><\/div>\n<\/div>\n","protected":false},"excerpt":{"rendered":"<p>El XVI Foro Ministerial para el Desarrollo en Am\u00e9rica Latina y el Caribe  discutir\u00e1 c\u00f3mo la regi\u00f3n puede avanzar y proteger los logros sociales en el contexto de choques m\u00e1s frecuentes e intensos.<\/p>\n<p>Esta reuni\u00f3n se basa en las discusiones iniciadas en el XIII Foro Ministerial en Antigua y Barbuda en 2021, que trat\u00f3 sobre desastres y sistemas de protecci\u00f3n social en el contexto de crisis prolongadas.<\/p>\n","protected":false},"author":17,"featured_media":14988,"comment_status":"closed","ping_status":"closed","sticky":false,"template":"","format":"standard","meta":{"_jetpack_memberships_contains_paid_content":false,"footnotes":"","jetpack_publicize_message":"","jetpack_publicize_feature_enabled":true,"jetpack_social_post_already_shared":true,"jetpack_social_options":{"image_generator_settings":{"template":"highway","default_image_id":0,"font":"","enabled":false},"version":2}},"categories":[1],"tags":[185,39,1068],"class_list":["post-14987","post","type-post","status-publish","format-standard","has-post-thumbnail","hentry","category-noticias","tag-cepal","tag-foro","tag-pnud","item-wrap"],"jetpack_publicize_connections":[],"jetpack_featured_media_url":"https:\/\/i0.wp.com\/cebem.org\/wp-content\/uploads\/2024\/10\/resiliencia_en_accion-x-fb_0.jpg?fit=1467%2C837&ssl=1","jetpack_sharing_enabled":true,"_links":{"self":[{"href":"https:\/\/cebem.org\/index.php?rest_route=\/wp\/v2\/posts\/14987","targetHints":{"allow":["GET"]}}],"collection":[{"href":"https:\/\/cebem.org\/index.php?rest_route=\/wp\/v2\/posts"}],"about":[{"href":"https:\/\/cebem.org\/index.php?rest_route=\/wp\/v2\/types\/post"}],"author":[{"embeddable":true,"href":"https:\/\/cebem.org\/index.php?rest_route=\/wp\/v2\/users\/17"}],"replies":[{"embeddable":true,"href":"https:\/\/cebem.org\/index.php?rest_route=%2Fwp%2Fv2%2Fcomments&post=14987"}],"version-history":[{"count":1,"href":"https:\/\/cebem.org\/index.php?rest_route=\/wp\/v2\/posts\/14987\/revisions"}],"predecessor-version":[{"id":14989,"href":"https:\/\/cebem.org\/index.php?rest_route=\/wp\/v2\/posts\/14987\/revisions\/14989"}],"wp:featuredmedia":[{"embeddable":true,"href":"https:\/\/cebem.org\/index.php?rest_route=\/wp\/v2\/media\/14988"}],"wp:attachment":[{"href":"https:\/\/cebem.org\/index.php?rest_route=%2Fwp%2Fv2%2Fmedia&parent=14987"}],"wp:term":[{"taxonomy":"category","embeddable":true,"href":"https:\/\/cebem.org\/index.php?rest_route=%2Fwp%2Fv2%2Fcategories&post=14987"},{"taxonomy":"post_tag","embeddable":true,"href":"https:\/\/cebem.org\/index.php?rest_route=%2Fwp%2Fv2%2Ftags&post=14987"}],"curies":[{"name":"wp","href":"https:\/\/api.w.org\/{rel}","templated":true}]}}