
{"id":14975,"date":"2024-10-24T11:37:32","date_gmt":"2024-10-24T15:37:32","guid":{"rendered":"https:\/\/cebem.org\/?p=14975"},"modified":"2024-10-24T11:37:33","modified_gmt":"2024-10-24T15:37:33","slug":"investigacion-y-sistematizacion-del-conocimiento-indigena-para-la-educacion-intercultural-bilingue-aportes-desde-las-milpas-educativas","status":"publish","type":"post","link":"https:\/\/cebem.org\/?p=14975","title":{"rendered":"Investigaci\u00f3n y sistematizaci\u00f3n del conocimiento ind\u00edgena para la educaci\u00f3n intercultural biling\u00fce: aportes desde las milpas educativas"},"content":{"rendered":"<div class=\"wp-block-image\">\n<figure class=\"aligncenter size-full is-resized\"><img data-recalc-dims=\"1\" fetchpriority=\"high\" decoding=\"async\" width=\"750\" height=\"750\" src=\"https:\/\/i0.wp.com\/cebem.org\/wp-content\/uploads\/2024\/10\/InstagramCatedraLuzElenaGalvan-SIE-CIESAS-StefanoSartorello.jpg?resize=750%2C750&#038;ssl=1\" alt=\"\" class=\"wp-image-14976\" style=\"width:653px;height:auto\" srcset=\"https:\/\/i0.wp.com\/cebem.org\/wp-content\/uploads\/2024\/10\/InstagramCatedraLuzElenaGalvan-SIE-CIESAS-StefanoSartorello.jpg?w=1080&amp;ssl=1 1080w, https:\/\/i0.wp.com\/cebem.org\/wp-content\/uploads\/2024\/10\/InstagramCatedraLuzElenaGalvan-SIE-CIESAS-StefanoSartorello.jpg?resize=300%2C300&amp;ssl=1 300w, https:\/\/i0.wp.com\/cebem.org\/wp-content\/uploads\/2024\/10\/InstagramCatedraLuzElenaGalvan-SIE-CIESAS-StefanoSartorello.jpg?resize=1024%2C1024&amp;ssl=1 1024w, https:\/\/i0.wp.com\/cebem.org\/wp-content\/uploads\/2024\/10\/InstagramCatedraLuzElenaGalvan-SIE-CIESAS-StefanoSartorello.jpg?resize=150%2C150&amp;ssl=1 150w, https:\/\/i0.wp.com\/cebem.org\/wp-content\/uploads\/2024\/10\/InstagramCatedraLuzElenaGalvan-SIE-CIESAS-StefanoSartorello.jpg?resize=768%2C768&amp;ssl=1 768w, https:\/\/i0.wp.com\/cebem.org\/wp-content\/uploads\/2024\/10\/InstagramCatedraLuzElenaGalvan-SIE-CIESAS-StefanoSartorello.jpg?resize=750%2C750&amp;ssl=1 750w\" sizes=\"(max-width: 750px) 100vw, 750px\" \/><\/figure>\n<\/div>\n\n\n<p class=\"has-text-align-left has-large-font-size\">El Seminario Interdisciplinario en Educaci\u00f3n invita a la sesi\u00f3n <strong>\u00abInvestigaci\u00f3n y sistematizaci\u00f3n del conocimiento ind\u00edgena para la educaci\u00f3n intercultural biling\u00fce: aportes desde las milpas educativas\u00bb<\/strong> con: Dr. Stefano Sartorello Inide de la Uia, comenta Dr. Daniel Quilaqueo Rapim\u00e1n, Universidad Cat\u00f3lica de Temuco<\/p>\n\n\n\n<p><strong>Fecha:<\/strong> 4 de noviembre de 2024 &#8211; 15hrs <\/p>\n\n\n\n<p><strong>Hora:<\/strong> 17:00 hrs (Hora de la CDMX)<\/p>\n\n\n\n<div class=\"wp-block-buttons is-content-justification-center is-layout-flex wp-container-core-buttons-is-layout-16018d1d wp-block-buttons-is-layout-flex\">\n<div class=\"wp-block-button\"><a class=\"wp-block-button__link wp-element-button\" href=\"https:\/\/occidente.ciesas.edu.mx\/event\/investigacion-y-sistematizacion-del-conocimiento-indigena-para-la-educacion-intercultural-bilingue-aportes-desde-las-milpas-educativas\/\" target=\"_blank\" rel=\"noreferrer noopener\">M\u00c1S INFORMACI\u00d3N <\/a><\/div>\n<\/div>\n\n\n\n<p><\/p>\n","protected":false},"excerpt":{"rendered":"<p>El Seminario Interdisciplinario en Educaci\u00f3n invita a la sesi\u00f3n Investigaci\u00f3n y sistematizaci\u00f3n del conocimiento ind\u00edgena para la educaci\u00f3n intercultural biling\u00fce: aportes desde las milpas educativas.<\/p>\n","protected":false},"author":17,"featured_media":14976,"comment_status":"closed","ping_status":"closed","sticky":false,"template":"","format":"standard","meta":{"_jetpack_memberships_contains_paid_content":false,"footnotes":"","jetpack_publicize_message":"","jetpack_publicize_feature_enabled":true,"jetpack_social_post_already_shared":true,"jetpack_social_options":{"image_generator_settings":{"template":"highway","default_image_id":0,"font":"","enabled":false},"version":2}},"categories":[34],"tags":[59,2161],"class_list":["post-14975","post","type-post","status-publish","format-standard","has-post-thumbnail","hentry","category-eventos","tag-mexico","tag-transmision","item-wrap"],"jetpack_publicize_connections":[],"jetpack_featured_media_url":"https:\/\/i0.wp.com\/cebem.org\/wp-content\/uploads\/2024\/10\/InstagramCatedraLuzElenaGalvan-SIE-CIESAS-StefanoSartorello.jpg?fit=1080%2C1080&ssl=1","jetpack_sharing_enabled":true,"_links":{"self":[{"href":"https:\/\/cebem.org\/index.php?rest_route=\/wp\/v2\/posts\/14975","targetHints":{"allow":["GET"]}}],"collection":[{"href":"https:\/\/cebem.org\/index.php?rest_route=\/wp\/v2\/posts"}],"about":[{"href":"https:\/\/cebem.org\/index.php?rest_route=\/wp\/v2\/types\/post"}],"author":[{"embeddable":true,"href":"https:\/\/cebem.org\/index.php?rest_route=\/wp\/v2\/users\/17"}],"replies":[{"embeddable":true,"href":"https:\/\/cebem.org\/index.php?rest_route=%2Fwp%2Fv2%2Fcomments&post=14975"}],"version-history":[{"count":2,"href":"https:\/\/cebem.org\/index.php?rest_route=\/wp\/v2\/posts\/14975\/revisions"}],"predecessor-version":[{"id":14978,"href":"https:\/\/cebem.org\/index.php?rest_route=\/wp\/v2\/posts\/14975\/revisions\/14978"}],"wp:featuredmedia":[{"embeddable":true,"href":"https:\/\/cebem.org\/index.php?rest_route=\/wp\/v2\/media\/14976"}],"wp:attachment":[{"href":"https:\/\/cebem.org\/index.php?rest_route=%2Fwp%2Fv2%2Fmedia&parent=14975"}],"wp:term":[{"taxonomy":"category","embeddable":true,"href":"https:\/\/cebem.org\/index.php?rest_route=%2Fwp%2Fv2%2Fcategories&post=14975"},{"taxonomy":"post_tag","embeddable":true,"href":"https:\/\/cebem.org\/index.php?rest_route=%2Fwp%2Fv2%2Ftags&post=14975"}],"curies":[{"name":"wp","href":"https:\/\/api.w.org\/{rel}","templated":true}]}}