
{"id":14904,"date":"2024-10-10T11:44:09","date_gmt":"2024-10-10T15:44:09","guid":{"rendered":"https:\/\/cebem.org\/?p=14904"},"modified":"2024-10-10T11:44:10","modified_gmt":"2024-10-10T15:44:10","slug":"en-tiempos-de-crueldad-el-isauro-amor-tiza-y-libertad","status":"publish","type":"post","link":"https:\/\/cebem.org\/?p=14904","title":{"rendered":"En tiempos de crueldad: el \u201cIsauro\u201d, amor, tiza y libertad"},"content":{"rendered":"<div class=\"wp-block-image\">\n<figure class=\"aligncenter size-full is-resized\"><img data-recalc-dims=\"1\" fetchpriority=\"high\" decoding=\"async\" width=\"640\" height=\"640\" src=\"https:\/\/i0.wp.com\/cebem.org\/wp-content\/uploads\/2024\/10\/Conversacion-Reyes-Redondo_Isauro.jpg?resize=640%2C640&#038;ssl=1\" alt=\"\" class=\"wp-image-14905\" style=\"width:560px;height:auto\" srcset=\"https:\/\/i0.wp.com\/cebem.org\/wp-content\/uploads\/2024\/10\/Conversacion-Reyes-Redondo_Isauro.jpg?w=640&amp;ssl=1 640w, https:\/\/i0.wp.com\/cebem.org\/wp-content\/uploads\/2024\/10\/Conversacion-Reyes-Redondo_Isauro.jpg?resize=300%2C300&amp;ssl=1 300w, https:\/\/i0.wp.com\/cebem.org\/wp-content\/uploads\/2024\/10\/Conversacion-Reyes-Redondo_Isauro.jpg?resize=150%2C150&amp;ssl=1 150w\" sizes=\"(max-width: 640px) 100vw, 640px\" \/><\/figure>\n<\/div>\n\n\n<p class=\"has-large-font-size\"><em><strong>Conversaci\u00f3n entre Susana Reyes y Patricia Redondo<\/strong><\/em><\/p>\n\n\n\n<p><br><strong>Fecha:<\/strong> Mi\u00e9rcoles 16 de octubre de 2024 a las 18 hrs. (ARG)<\/p>\n\n\n\n<p><strong>Modalidad:<\/strong> A distancia (via zoom)<\/p>\n\n\n\n<p>El Diploma Superior en Infancia, Educaci\u00f3n y Pedagog\u00eda del Programa Pol\u00edticas, Lenguajes y Subjetividades en Educaci\u00f3n (PLySE) invita a la<strong> conversaci\u00f3n entre Susana Reyes y Patricia Redondo <\/strong>\u201cEn tiempos de crueldad: el \u201cIsauro\u201d, amor, tiza y libertad\u201d.<\/p>\n\n\n\n<p>En esta ocasi\u00f3n, en un tiempo marcado por la crueldad, nos proponemos habitar la ternura y conversar con la profesora, educadora popular y fundadora del \u201cCentro Educativo Isauro Arancibia\u201d conocido por todas y todos como: \u201cEl Isauro\u201d.<\/p>\n\n\n\n<p class=\"has-regular-font-size\"><strong>Actividad libre y gratuita<br>No requiere inscripci\u00f3n previa<\/strong><\/p>\n\n\n\n<div class=\"wp-block-buttons is-layout-flex wp-block-buttons-is-layout-flex\">\n<div class=\"wp-block-button\"><a class=\"wp-block-button__link wp-element-button\" href=\"https:\/\/www.flacso.org.ar\/conversatorio-en-tiempos-de-crueldad-el-isauro-amor-tiza-y-libertad\/\">Saber m\u00e1s<\/a><\/div>\n<\/div>\n","protected":false},"excerpt":{"rendered":"<p>El Diploma Superior en Infancia, Educaci\u00f3n y Pedagog\u00eda del Programa Pol\u00edticas, Lenguajes y Subjetividades en Educaci\u00f3n (PLySE) invita a la conversaci\u00f3n entre Susana Reyes y Patricia Redondo \u201cEn tiempos de crueldad: el \u201cIsauro\u201d, amor, tiza y libertad\u201d que se llevar\u00e1 a cabo el d\u00eda mi\u00e9rcoles 16 de octubre a las 18 hs. (ARG).<\/p>\n","protected":false},"author":17,"featured_media":14905,"comment_status":"closed","ping_status":"closed","sticky":false,"template":"","format":"standard","meta":{"_jetpack_memberships_contains_paid_content":false,"footnotes":"","jetpack_publicize_message":"","jetpack_publicize_feature_enabled":true,"jetpack_social_post_already_shared":true,"jetpack_social_options":{"image_generator_settings":{"template":"highway","default_image_id":0,"font":"","enabled":false},"version":2}},"categories":[34],"tags":[983,2149,1391],"class_list":["post-14904","post","type-post","status-publish","format-standard","has-post-thumbnail","hentry","category-eventos","tag-conversatorio-virtual","tag-flasco","tag-zoom","item-wrap"],"jetpack_publicize_connections":[],"jetpack_featured_media_url":"https:\/\/i0.wp.com\/cebem.org\/wp-content\/uploads\/2024\/10\/Conversacion-Reyes-Redondo_Isauro.jpg?fit=640%2C640&ssl=1","jetpack_sharing_enabled":true,"_links":{"self":[{"href":"https:\/\/cebem.org\/index.php?rest_route=\/wp\/v2\/posts\/14904","targetHints":{"allow":["GET"]}}],"collection":[{"href":"https:\/\/cebem.org\/index.php?rest_route=\/wp\/v2\/posts"}],"about":[{"href":"https:\/\/cebem.org\/index.php?rest_route=\/wp\/v2\/types\/post"}],"author":[{"embeddable":true,"href":"https:\/\/cebem.org\/index.php?rest_route=\/wp\/v2\/users\/17"}],"replies":[{"embeddable":true,"href":"https:\/\/cebem.org\/index.php?rest_route=%2Fwp%2Fv2%2Fcomments&post=14904"}],"version-history":[{"count":1,"href":"https:\/\/cebem.org\/index.php?rest_route=\/wp\/v2\/posts\/14904\/revisions"}],"predecessor-version":[{"id":14907,"href":"https:\/\/cebem.org\/index.php?rest_route=\/wp\/v2\/posts\/14904\/revisions\/14907"}],"wp:featuredmedia":[{"embeddable":true,"href":"https:\/\/cebem.org\/index.php?rest_route=\/wp\/v2\/media\/14905"}],"wp:attachment":[{"href":"https:\/\/cebem.org\/index.php?rest_route=%2Fwp%2Fv2%2Fmedia&parent=14904"}],"wp:term":[{"taxonomy":"category","embeddable":true,"href":"https:\/\/cebem.org\/index.php?rest_route=%2Fwp%2Fv2%2Fcategories&post=14904"},{"taxonomy":"post_tag","embeddable":true,"href":"https:\/\/cebem.org\/index.php?rest_route=%2Fwp%2Fv2%2Ftags&post=14904"}],"curies":[{"name":"wp","href":"https:\/\/api.w.org\/{rel}","templated":true}]}}