
{"id":148,"date":"2016-02-02T17:52:01","date_gmt":"2016-02-02T21:52:01","guid":{"rendered":"http:\/\/cebem.org\/?p=148"},"modified":"2016-05-31T18:39:04","modified_gmt":"2016-05-31T22:39:04","slug":"curso-virtual-agenda-local-21-1ra-version","status":"publish","type":"post","link":"https:\/\/cebem.org\/?p=148","title":{"rendered":"Curso Virtual: Agenda Local 21 (1ra Versi\u00f3n)"},"content":{"rendered":"<p><strong>POSTERGADO HASTA NUEVO AVISO<\/strong><\/p>\n<p><b>1. JUSTIFICACION<\/b><\/p>\n<p>La Agenda 21 Local es un instrumento de Gesti\u00f3n Ambiental susceptible de aplicar en la escala municipal. Definido como un proceso y como una herramienta de trabajo, encuentra su origen en la Conferencia de Naciones Unidas para el Medio Ambiente y Desarrollo de 1992 (Rio de Janeiro).<\/p>\n<p>A partir de su surgimiento, se han dise\u00f1ado por parte de distintos actores, diversas metodolog\u00edas que se han proyectado en vistas a su implantaci\u00f3n en la escala local.<\/p>\n<p>La Agenda 21 Local es un Plan de Desarrollo Sustentable, que parte de la formulaci\u00f3n de una \u201cvisi\u00f3n\u00bb, analiza los problemas ambientales locales y luego, establece los objetivos, metas y estrategias. Toma como l\u00ednea de base, los valores \u00e9ticos que sustentar\u00e1n todo el proceso y la participaci\u00f3n ciudadana en distintas escalas.<\/p>\n<p>El curso virtual busca que los participantes conozcan los componentes y etapas que hacen al desarrollo de las Agendas Locales 21.<\/p>\n<p><b>2. OBJETIVO GENERAL<\/b><\/p>\n<p>&#8211; Presentar la Agenda Local 21 como herramienta de Gesti\u00f3n Ambiental<\/p>\n<p><b>3. OBJETIVOS ESPECIFICOS<\/b><\/p>\n<p>&#8211; Ofrecer una perspectiva integral del proceso que involucra la gestaci\u00f3n de la Agenda Local 21<br \/>\n&#8211; Presentar los principales aportes te\u00f3ricos-conceptuales y metodol\u00f3gicos vinculados a la Agenda Local 21<br \/>\n&#8211; Analizar estudios de caso asociados a la aplicaci\u00f3n de Agenda Local 21<\/p>\n<p><b>4. CONTENIDOS GENERALES<\/b><\/p>\n<p><b>UNIDAD 1: LA VISI\u00d3N SIST\u00c9MICA DEL AMBIENTE<\/b><\/p>\n<p>&#8211; Hacia la concepci\u00f3n sist\u00e9mica de ambiente<br \/>\n&#8211; La relaci\u00f3n Sociedad Naturaleza<br \/>\n&#8211; El Ambiente como sistema complejo<br \/>\n&#8211; El an\u00e1lisis del ambiente<br \/>\n&#8211; Problema Ambiental<br \/>\n&#8211; Hacia la definici\u00f3n del Desarrollo sustentable<\/p>\n<p><b>UNIDAD 2: RESE\u00d1A HISTORICA DE LA AGENDA 21 LOCAL<\/b><\/p>\n<p>&#8211; La Agenda 21 Global.<br \/>\n&#8211; Estructura de la Agenda 21 Global.<br \/>\n&#8211; Rese\u00f1a Hist\u00f3rica de A21L.<br \/>\n&#8211; Antecedentes generales.<\/p>\n<p><b>UNIDAD 3: LA AGENDA 21 LOCAL<\/b><\/p>\n<p>&#8211; La Agenda Local 21.<br \/>\n&#8211; Definiciones de Agenda Local 21.<br \/>\n&#8211; Objetivos de la Agenda Local 21.<br \/>\n&#8211; Beneficios de la Agenda Local 21 en el orden municipal.<br \/>\n&#8211; Requisitos para la implantaci\u00f3n de AL21.<\/p>\n<p><b>UNIDAD 4: METODOLOGIA PARA EL DESARROLLO DE LA AGENDA 21 LOCAL<\/b><\/p>\n<p>&#8211; Aportes metodol\u00f3gicos a la Agenda 21 Local<br \/>\n&#8211; Modelos de Agenda 21 Local<br \/>\n&#8211; Etapas y fases para el Desarrollo de la Agenda 21 Local<\/p>\n<p><b>UNIDAD 5: ESTUDIOS DE CASO SOBRE LA AGENDA 21 LOCAL<\/b><\/p>\n<p>&#8211; Estudios de caso de la Agenda 21 Local: municipios que han puesto en marcha el modelo de Agenda 21 Local en Am\u00e9rica Latina y Espa\u00f1a<\/p>\n<p><b>UNIDAD 6: OTROS MODELOS DE AGENDA 21<\/b><\/p>\n<p>&#8211; La Agenda 21 Escolar<br \/>\n&#8211; La Agenda 21 del Turismo<\/p>\n<p><b>5. A QUI\u00c9NES EST\u00c1 DIRIGIDO.<\/b><\/p>\n<p>Profesionales de las ciencias sociales, economicas, naturales, exactas interesados en incluir la dimensi\u00f3n ambiental en sus actividades que se desempe\u00f1en en el ambito publico y privado, como tecnicos, gestores y docentes.<\/p>\n<p><b>6. METODOLOG\u00cdA<\/b><\/p>\n<p>El curso emplear\u00e1 principalmente tres formas de organizaci\u00f3n:<\/p>\n<p>1) Foros tem\u00e1ticos, los cuales ser\u00e1n habilitados para otorgar al estudiante un espacio virtual de discusi\u00f3n y opini\u00f3n cr\u00edtica, cuya moderaci\u00f3n estar\u00e1 a cargo del docente del curso<\/p>\n<p>2) Actividades evaluativas en el cuales se evaluar\u00e1 el grado de conocimiento y comprensi\u00f3n de los principales conceptos y asuntos discutidos en el curso.<\/p>\n<p><b>7. DOCENTE A CARGO<\/b><\/p>\n<p>Lorena G. Coria. Lic. en informaci\u00f3n Ambiental (UNLu-Argentina). Esp. En Educaci\u00f3n para el desarrollo sustentable (UNCo-Argentina). Esp. En Evaluaci\u00f3n de Impacto Ambiental (UPC-FUNIBER). Mg. en Desarrollo Local (UNIA-Espa\u00f1a). Consultora en temas de Gesti\u00f3n Ambiental, Desarrollo Local, Educaci\u00f3n Ambiental y Agenda 21 Local.<\/p>\n<p><b>8. DURACI\u00d3N<\/b><\/p>\n<p>La primera semana aprenderemos el Manejo del Campus Virtual, y las restantes 6 semanas estar\u00e1n dedicadas al desarrollo del curso.<\/p>\n<p><strong>9. EL COSTO LE DA DERECHO A:<\/strong><\/p>\n<ul>\n<li>Curso introductorio para el manejo del Campus Virtual CEBEM que orienta al participante sobre el estudio dentro el modelo pedag\u00f3gico virtual.<\/li>\n<li>Todo el material did\u00e1ctico (obligatorio y adicional) ofrecido en forma electr\u00f3nica (para descargar) a trav\u00e9s del Campus Virtual.<\/li>\n<li>Tutor\u00eda permanente con un alto nivel acad\u00e9mico durante la duraci\u00f3n del curso.<\/li>\n<li>Un certificado que acredita que aprob\u00f3 o participo en el curso.<\/li>\n<\/ul>\n<h5><em>Si te interesa el curso puedes Preinscribirte en el siguiente <a href=\"http:\/\/cebem.org\/campus\/preinscribir\/c004v01.php\" target=\"_blank\"><strong>ENLACE<\/strong><\/a>, esto no te compromete a nada.<\/em><\/h5>\n<p><strong>Costo:<\/strong> \u00a0 900 Bolivianos o su equivalente en d\u00f3lares(130 $us.)<\/p>\n<p><strong>Contacto:<\/strong> Beatriz Herrera <strong><a href=\"mailto:beatriz@cebem.org\">beatriz@cebem.org<\/a><\/strong><\/p>\n","protected":false},"excerpt":{"rendered":"<p>POSTERGADO HASTA NUEVO AVISO 1. JUSTIFICACION La Agenda 21 Local es un instrumento de Gesti\u00f3n Ambiental susceptible de aplicar en la escala municipal. Definido como un proceso y como una herramienta de trabajo, encuentra su origen en la Conferencia de Naciones Unidas para el Medio Ambiente y Desarrollo de 1992 (Rio de Janeiro). A partir &hellip; <\/p>\n<p><a class=\"more-link btn\" href=\"https:\/\/cebem.org\/?p=148\">Seguir leyendo<\/a><\/p>\n","protected":false},"author":2,"featured_media":150,"comment_status":"open","ping_status":"closed","sticky":false,"template":"","format":"standard","meta":{"_jetpack_memberships_contains_paid_content":false,"footnotes":"","jetpack_publicize_message":"","jetpack_publicize_feature_enabled":true,"jetpack_social_post_already_shared":true,"jetpack_social_options":{"image_generator_settings":{"template":"highway","default_image_id":0,"font":"","enabled":false},"version":2}},"categories":[4],"tags":[],"class_list":["post-148","post","type-post","status-publish","format-standard","has-post-thumbnail","hentry","category-cursos-culminados-cebem","item-wrap"],"jetpack_publicize_connections":[],"jetpack_featured_media_url":"https:\/\/i0.wp.com\/cebem.org\/wp-content\/uploads\/2016\/02\/agenda_local21.jpg?fit=800%2C800&ssl=1","jetpack_sharing_enabled":true,"_links":{"self":[{"href":"https:\/\/cebem.org\/index.php?rest_route=\/wp\/v2\/posts\/148","targetHints":{"allow":["GET"]}}],"collection":[{"href":"https:\/\/cebem.org\/index.php?rest_route=\/wp\/v2\/posts"}],"about":[{"href":"https:\/\/cebem.org\/index.php?rest_route=\/wp\/v2\/types\/post"}],"author":[{"embeddable":true,"href":"https:\/\/cebem.org\/index.php?rest_route=\/wp\/v2\/users\/2"}],"replies":[{"embeddable":true,"href":"https:\/\/cebem.org\/index.php?rest_route=%2Fwp%2Fv2%2Fcomments&post=148"}],"version-history":[{"count":5,"href":"https:\/\/cebem.org\/index.php?rest_route=\/wp\/v2\/posts\/148\/revisions"}],"predecessor-version":[{"id":984,"href":"https:\/\/cebem.org\/index.php?rest_route=\/wp\/v2\/posts\/148\/revisions\/984"}],"wp:featuredmedia":[{"embeddable":true,"href":"https:\/\/cebem.org\/index.php?rest_route=\/wp\/v2\/media\/150"}],"wp:attachment":[{"href":"https:\/\/cebem.org\/index.php?rest_route=%2Fwp%2Fv2%2Fmedia&parent=148"}],"wp:term":[{"taxonomy":"category","embeddable":true,"href":"https:\/\/cebem.org\/index.php?rest_route=%2Fwp%2Fv2%2Fcategories&post=148"},{"taxonomy":"post_tag","embeddable":true,"href":"https:\/\/cebem.org\/index.php?rest_route=%2Fwp%2Fv2%2Ftags&post=148"}],"curies":[{"name":"wp","href":"https:\/\/api.w.org\/{rel}","templated":true}]}}