
{"id":14734,"date":"2024-09-05T17:35:49","date_gmt":"2024-09-05T21:35:49","guid":{"rendered":"https:\/\/cebem.org\/?p=14734"},"modified":"2024-09-05T17:35:51","modified_gmt":"2024-09-05T21:35:51","slug":"seminario-taller-materialidades-urbanas-del-afecto","status":"publish","type":"post","link":"https:\/\/cebem.org\/?p=14734","title":{"rendered":"Seminario\/taller Materialidades urbanas del afecto"},"content":{"rendered":"<div class=\"wp-block-image\">\n<figure class=\"aligncenter size-full is-resized\"><img data-recalc-dims=\"1\" fetchpriority=\"high\" decoding=\"async\" width=\"750\" height=\"506\" src=\"https:\/\/i0.wp.com\/cebem.org\/wp-content\/uploads\/2024\/09\/flacso_06.jpg?resize=750%2C506&#038;ssl=1\" alt=\"\" class=\"wp-image-14735\" style=\"object-fit:cover;width:542px;height:auto\" srcset=\"https:\/\/i0.wp.com\/cebem.org\/wp-content\/uploads\/2024\/09\/flacso_06.jpg?w=768&amp;ssl=1 768w, https:\/\/i0.wp.com\/cebem.org\/wp-content\/uploads\/2024\/09\/flacso_06.jpg?resize=300%2C202&amp;ssl=1 300w, https:\/\/i0.wp.com\/cebem.org\/wp-content\/uploads\/2024\/09\/flacso_06.jpg?resize=750%2C506&amp;ssl=1 750w\" sizes=\"(max-width: 750px) 100vw, 750px\" \/><\/figure>\n<\/div>\n\n\n<p><strong>Modalidad a distancia<\/strong><br><strong>Inicio: <\/strong>10 de septiembre de 2024<br><strong>Cursada: <\/strong>martes 10, 17 y 24 de septiembre, 1 y 8 de octubre de 10 a 12 hs (hora Argentina).<br>Encuentros sincr\u00f3nicos, con posibilidad de acceder a la grabaci\u00f3n 48 hs despu\u00e9s de la clase.<\/p>\n\n\n\n<p><strong>Presentaci\u00f3n<\/strong><br>La complejidad creciente de la vida social urbana que puede observarse a partir de fen\u00f3menos como la escalada de violencias, las desigualdades sociales y la falta de oportunidades para muchos, la fragmentaci\u00f3n y segregaci\u00f3n de determinados grupos, ya sea por procesos de desplazamiento y desposesi\u00f3n o por gentrificaci\u00f3n, el uso privativo de los espacios p\u00fablicos, entre otras situaciones, da cuenta de la necesidad de abordajes transversales e interdisciplinarios para el estudio sobre lo urbano. As\u00ed, el surgimiento de los estudios culturales, especialmente a partir de la escuela de Birmingham (Williams, 1958; Hall, 1994), el inter\u00e9s desde las ciencias sociales por el estudio espacial y lo urbano (Lefebvre 1972, 1974; Harvey, 1977; Lind\u00f3n, Hiernaux y Aguiar, 2006), el paradigma constructivista (Berger y Luckman, 1968; Castoriadis, 1989) y la teor\u00eda de la complejidad (Morin, 2008) permitieron la aparici\u00f3n de varias l\u00edneas de reflexi\u00f3n sobre imaginarios urbanos que buscaron dar alguna respuesta a esta necesidad de abordajes m\u00e1s complejos.<\/p>\n\n\n\n<p><strong>M\u00c1S INFORMACI\u00d3N:<\/strong> <a href=\"https:\/\/www.flacso.org.ar\/formacion-academica\/contratos-en-propiedad-intelectual\/\" target=\"_blank\" rel=\"noreferrer noopener\">https:\/\/www.flacso.org.ar\/formacion-academica\/contratos-en-propiedad-intelectual\/<\/a><\/p>\n\n\n\n<div class=\"wp-block-buttons is-content-justification-center is-layout-flex wp-container-core-buttons-is-layout-16018d1d wp-block-buttons-is-layout-flex\">\n<div class=\"wp-block-button has-custom-width wp-block-button__width-50\"><a class=\"wp-block-button__link wp-element-button\" href=\"https:\/\/inscripcion.flacso.org.ar\/inscripcion_interesados_datpersonal.php?idpo=5102\" target=\"_blank\" rel=\"noreferrer noopener\">REGISTRO Y PAGO DE INSCRIPCI\u00d3N<\/a><\/div>\n<\/div>\n","protected":false},"excerpt":{"rendered":"<p>La complejidad creciente de la vida social urbana que puede observarse a partir de fen\u00f3menos como la escalada de violencias, las desigualdades sociales y la falta de oportunidades para <\/p>\n","protected":false},"author":15,"featured_media":14269,"comment_status":"closed","ping_status":"closed","sticky":false,"template":"","format":"standard","meta":{"_jetpack_memberships_contains_paid_content":false,"footnotes":"","jetpack_publicize_message":"","jetpack_publicize_feature_enabled":true,"jetpack_social_post_already_shared":true,"jetpack_social_options":{"image_generator_settings":{"template":"highway","default_image_id":0,"font":"","enabled":false},"version":2}},"categories":[10],"tags":[2122,38,409],"class_list":["post-14734","post","type-post","status-publish","format-standard","has-post-thumbnail","hentry","category-otros-cursos","tag-boletin-9-septiembre-2024","tag-curso","tag-flacso-argentina","item-wrap"],"jetpack_publicize_connections":[],"jetpack_featured_media_url":"https:\/\/i0.wp.com\/cebem.org\/wp-content\/uploads\/2024\/05\/flacso_04.jpg?fit=640%2C442&ssl=1","jetpack_sharing_enabled":true,"_links":{"self":[{"href":"https:\/\/cebem.org\/index.php?rest_route=\/wp\/v2\/posts\/14734","targetHints":{"allow":["GET"]}}],"collection":[{"href":"https:\/\/cebem.org\/index.php?rest_route=\/wp\/v2\/posts"}],"about":[{"href":"https:\/\/cebem.org\/index.php?rest_route=\/wp\/v2\/types\/post"}],"author":[{"embeddable":true,"href":"https:\/\/cebem.org\/index.php?rest_route=\/wp\/v2\/users\/15"}],"replies":[{"embeddable":true,"href":"https:\/\/cebem.org\/index.php?rest_route=%2Fwp%2Fv2%2Fcomments&post=14734"}],"version-history":[{"count":1,"href":"https:\/\/cebem.org\/index.php?rest_route=\/wp\/v2\/posts\/14734\/revisions"}],"predecessor-version":[{"id":14736,"href":"https:\/\/cebem.org\/index.php?rest_route=\/wp\/v2\/posts\/14734\/revisions\/14736"}],"wp:featuredmedia":[{"embeddable":true,"href":"https:\/\/cebem.org\/index.php?rest_route=\/wp\/v2\/media\/14269"}],"wp:attachment":[{"href":"https:\/\/cebem.org\/index.php?rest_route=%2Fwp%2Fv2%2Fmedia&parent=14734"}],"wp:term":[{"taxonomy":"category","embeddable":true,"href":"https:\/\/cebem.org\/index.php?rest_route=%2Fwp%2Fv2%2Fcategories&post=14734"},{"taxonomy":"post_tag","embeddable":true,"href":"https:\/\/cebem.org\/index.php?rest_route=%2Fwp%2Fv2%2Ftags&post=14734"}],"curies":[{"name":"wp","href":"https:\/\/api.w.org\/{rel}","templated":true}]}}