
{"id":14731,"date":"2024-09-05T16:58:28","date_gmt":"2024-09-05T20:58:28","guid":{"rendered":"https:\/\/cebem.org\/?p=14731"},"modified":"2024-09-05T16:58:29","modified_gmt":"2024-09-05T20:58:29","slug":"curso-de-posgrado-huella-de-carbano-y-agua-en-la-industria-alimentaria","status":"publish","type":"post","link":"https:\/\/cebem.org\/?p=14731","title":{"rendered":"Curso de Posgrado: Huella de Carbano y Agua, en la Industria Alimentaria"},"content":{"rendered":"<div class=\"wp-block-image\">\n<figure class=\"aligncenter size-full is-resized\"><img data-recalc-dims=\"1\" fetchpriority=\"high\" decoding=\"async\" width=\"607\" height=\"444\" src=\"https:\/\/i0.wp.com\/cebem.org\/wp-content\/uploads\/2024\/09\/mita_13-e1725569357535.jpg?resize=607%2C444&#038;ssl=1\" alt=\"\" class=\"wp-image-14732\" style=\"width:532px;height:auto\" srcset=\"https:\/\/i0.wp.com\/cebem.org\/wp-content\/uploads\/2024\/09\/mita_13-e1725569357535.jpg?w=607&amp;ssl=1 607w, https:\/\/i0.wp.com\/cebem.org\/wp-content\/uploads\/2024\/09\/mita_13-e1725569357535.jpg?resize=300%2C219&amp;ssl=1 300w\" sizes=\"(max-width: 607px) 100vw, 607px\" \/><\/figure>\n<\/div>\n\n\n<p>Capacitate a trav\u00e9s de esta jornada del PCyt-FAUBA, que otorga los conocimientos para comprender e implementar c\u00e1lculos de huella de carbono y agua, ademas de las herramientas para realizar programas de compensaci\u00f3n, mitigaci\u00f3n y adaptaci\u00f3n<\/p>\n\n\n\n<p><strong>Fecha: <\/strong>18 de septiembre de 2024<\/p>\n\n\n\n<p><strong>Modalidad:<\/strong> virtual (Zoom)<\/p>\n\n\n\n<p><strong>Docentes:<\/strong> Ing. Agr. Gustavo Montero y Dra. Mar\u00eda Florencia Ricard<\/p>\n\n\n\n<p><strong>Mayor Informaci\u00f3n:<\/strong> <a href=\"https:\/\/v3.esmsv.com\/campaign\/htmlversion?AdministratorID=134712&amp;CampaignID=1515&amp;StatisticID=1381&amp;MemberID=35022&amp;s=817e9ef3f40899646959646d5518d57c&amp;isDemo=0 \">https:\/\/v3.esmsv.com\/campaign\/htmlversion?AdministratorID=134712&amp;CampaignID=1515&amp;StatisticID=1381&amp;MemberID=35022&amp;s=817e9ef3f40899646959646d5518d57c&amp;isDemo=0 <\/a><\/p>\n","protected":false},"excerpt":{"rendered":"<p>Curso de Posgrado: Huella de Carbano y Agua, en la Industria Alimentaria<\/p>\n","protected":false},"author":15,"featured_media":14732,"comment_status":"closed","ping_status":"closed","sticky":false,"template":"","format":"standard","meta":{"_jetpack_memberships_contains_paid_content":false,"footnotes":"","jetpack_publicize_message":"","jetpack_publicize_feature_enabled":true,"jetpack_social_post_already_shared":true,"jetpack_social_options":{"image_generator_settings":{"template":"highway","default_image_id":0,"font":"","enabled":false},"version":2}},"categories":[10],"tags":[2122,38,2051,139],"class_list":["post-14731","post","type-post","status-publish","format-standard","has-post-thumbnail","hentry","category-otros-cursos","tag-boletin-9-septiembre-2024","tag-curso","tag-mita","tag-posgrado","item-wrap"],"jetpack_publicize_connections":[],"jetpack_featured_media_url":"https:\/\/i0.wp.com\/cebem.org\/wp-content\/uploads\/2024\/09\/mita_13-e1725569357535.jpg?fit=607%2C444&ssl=1","jetpack_sharing_enabled":true,"_links":{"self":[{"href":"https:\/\/cebem.org\/index.php?rest_route=\/wp\/v2\/posts\/14731","targetHints":{"allow":["GET"]}}],"collection":[{"href":"https:\/\/cebem.org\/index.php?rest_route=\/wp\/v2\/posts"}],"about":[{"href":"https:\/\/cebem.org\/index.php?rest_route=\/wp\/v2\/types\/post"}],"author":[{"embeddable":true,"href":"https:\/\/cebem.org\/index.php?rest_route=\/wp\/v2\/users\/15"}],"replies":[{"embeddable":true,"href":"https:\/\/cebem.org\/index.php?rest_route=%2Fwp%2Fv2%2Fcomments&post=14731"}],"version-history":[{"count":1,"href":"https:\/\/cebem.org\/index.php?rest_route=\/wp\/v2\/posts\/14731\/revisions"}],"predecessor-version":[{"id":14733,"href":"https:\/\/cebem.org\/index.php?rest_route=\/wp\/v2\/posts\/14731\/revisions\/14733"}],"wp:featuredmedia":[{"embeddable":true,"href":"https:\/\/cebem.org\/index.php?rest_route=\/wp\/v2\/media\/14732"}],"wp:attachment":[{"href":"https:\/\/cebem.org\/index.php?rest_route=%2Fwp%2Fv2%2Fmedia&parent=14731"}],"wp:term":[{"taxonomy":"category","embeddable":true,"href":"https:\/\/cebem.org\/index.php?rest_route=%2Fwp%2Fv2%2Fcategories&post=14731"},{"taxonomy":"post_tag","embeddable":true,"href":"https:\/\/cebem.org\/index.php?rest_route=%2Fwp%2Fv2%2Ftags&post=14731"}],"curies":[{"name":"wp","href":"https:\/\/api.w.org\/{rel}","templated":true}]}}