
{"id":14724,"date":"2024-09-05T11:51:38","date_gmt":"2024-09-05T15:51:38","guid":{"rendered":"https:\/\/cebem.org\/?p=14724"},"modified":"2024-09-10T16:18:08","modified_gmt":"2024-09-10T20:18:08","slug":"se-llevo-a-cabo-el-conversatorio-sobre-el-analisis-de-los-resultados-preliminares-del-censo-2024","status":"publish","type":"post","link":"https:\/\/cebem.org\/?p=14724","title":{"rendered":"Se llevo a cabo el conversatorio sobre el an\u00e1lisis de los resultados preliminares del Censo 2024"},"content":{"rendered":"\n<p>El d\u00eda mi\u00e9rcoles 4 de septiembre de 2024, se llevo a cabo la sesi\u00f3n del conversatorio \u00a0sobre <em>\u00ab<\/em> An\u00e1lisis del dato del Censo y posici\u00f3n de La Ruta del Censo sobre los resultados preliminares del Censo 2024\u00bb, expositores: Marco Ayala y Mario Galindo<\/p>\n\n\n\n<p>Se tuvo la presencia de miembros de la red de la ruta del censo como tambi\u00e9n el publico en general ya que se transmiti\u00f3 por facebook live a trav\u00e9s de la pagina de <strong><a href=\"https:\/\/www.facebook.com\/LaRutadelCenso2022\" target=\"_blank\" rel=\"noreferrer noopener\">La Ruta del Censo<\/a><\/strong>.<\/p>\n\n\n\n<p>Se debati\u00f3 y se brindo opiniones espec\u00edficamente sobre la tem\u00e1tica.<\/p>\n\n\n\n<p>Agradecemos la participaci\u00f3n de todos los participantes y estaremos continuando con estas capacitaciones mas adelante.<\/p>\n\n\n\n<figure class=\"wp-block-image size-large\"><img data-recalc-dims=\"1\" fetchpriority=\"high\" decoding=\"async\" width=\"750\" height=\"406\" src=\"https:\/\/i0.wp.com\/cebem.org\/wp-content\/uploads\/2024\/09\/CONVERSATORIO-04-09-2024.jpg?resize=750%2C406&#038;ssl=1\" alt=\"\" class=\"wp-image-14725\" srcset=\"https:\/\/i0.wp.com\/cebem.org\/wp-content\/uploads\/2024\/09\/CONVERSATORIO-04-09-2024.jpg?resize=1024%2C555&amp;ssl=1 1024w, https:\/\/i0.wp.com\/cebem.org\/wp-content\/uploads\/2024\/09\/CONVERSATORIO-04-09-2024.jpg?resize=300%2C163&amp;ssl=1 300w, https:\/\/i0.wp.com\/cebem.org\/wp-content\/uploads\/2024\/09\/CONVERSATORIO-04-09-2024.jpg?resize=768%2C416&amp;ssl=1 768w, https:\/\/i0.wp.com\/cebem.org\/wp-content\/uploads\/2024\/09\/CONVERSATORIO-04-09-2024.jpg?resize=750%2C406&amp;ssl=1 750w, https:\/\/i0.wp.com\/cebem.org\/wp-content\/uploads\/2024\/09\/CONVERSATORIO-04-09-2024.jpg?w=1187&amp;ssl=1 1187w\" sizes=\"(max-width: 750px) 100vw, 750px\" \/><\/figure>\n\n\n\n<div class=\"wp-block-columns is-layout-flex wp-container-core-columns-is-layout-9d6595d7 wp-block-columns-is-layout-flex\">\n<div class=\"wp-block-column is-layout-flow wp-block-column-is-layout-flow\" style=\"flex-basis:120px\">\n<figure class=\"wp-block-image size-full is-resized\"><img data-recalc-dims=\"1\" decoding=\"async\" width=\"200\" height=\"199\" src=\"https:\/\/i0.wp.com\/cebem.org\/wp-content\/uploads\/2022\/06\/logo-video.png?resize=200%2C199&#038;ssl=1\" alt=\"\" class=\"wp-image-10976\" style=\"width:87px;height:87px\" srcset=\"https:\/\/i0.wp.com\/cebem.org\/wp-content\/uploads\/2022\/06\/logo-video.png?w=200&amp;ssl=1 200w, https:\/\/i0.wp.com\/cebem.org\/wp-content\/uploads\/2022\/06\/logo-video.png?resize=150%2C150&amp;ssl=1 150w\" sizes=\"(max-width: 200px) 100vw, 200px\" \/><\/figure>\n<\/div>\n\n\n\n<div class=\"wp-block-column is-layout-flow wp-block-column-is-layout-flow\" style=\"flex-basis:66.66%\">\n<p>En el siguiente enlace compartimos el conversatorio<\/p>\n\n\n\n<p><a href=\"https:\/\/fb.watch\/rQKX9jtXXU\/\" target=\"_blank\" rel=\"noreferrer noopener\"><strong>https:\/\/www.youtube.com\/watch?v=bAn2D-Q5LH0<\/strong><\/a><\/p>\n<\/div>\n<\/div>\n","protected":false},"excerpt":{"rendered":"<p>El d\u00eda mi\u00e9rcoles 4 de septiembre de 2024, se llevo a cabo la sesi\u00f3n del conversatorio \u00a0sobre \u00ab An\u00e1lisis del dato del Censo y posici\u00f3n de La Ruta del Censo sobre los resultados preliminares del Censo 2024\u00bb, expositores: Marco Ayala y Mario Galindo<\/p>\n","protected":false},"author":15,"featured_media":14725,"comment_status":"closed","ping_status":"closed","sticky":false,"template":"","format":"standard","meta":{"_jetpack_memberships_contains_paid_content":false,"footnotes":"","jetpack_publicize_message":"","jetpack_publicize_feature_enabled":false,"jetpack_social_post_already_shared":false,"jetpack_social_options":{"image_generator_settings":{"template":"highway","enabled":false},"version":2}},"categories":[1785,1955,1543],"tags":[1892,93,1831,2120],"class_list":["post-14724","post","type-post","status-publish","format-standard","has-post-thumbnail","hentry","category-capacitaciones-censo","category-conversatorios-semininarios-talleres","category-rutacenso","tag-censo-2024","tag-conversatorio","tag-la-ruta-del-censo","tag-resultados-ine","item-wrap"],"jetpack_publicize_connections":[],"jetpack_featured_media_url":"https:\/\/i0.wp.com\/cebem.org\/wp-content\/uploads\/2024\/09\/CONVERSATORIO-04-09-2024.jpg?fit=1187%2C643&ssl=1","jetpack_sharing_enabled":true,"_links":{"self":[{"href":"https:\/\/cebem.org\/index.php?rest_route=\/wp\/v2\/posts\/14724","targetHints":{"allow":["GET"]}}],"collection":[{"href":"https:\/\/cebem.org\/index.php?rest_route=\/wp\/v2\/posts"}],"about":[{"href":"https:\/\/cebem.org\/index.php?rest_route=\/wp\/v2\/types\/post"}],"author":[{"embeddable":true,"href":"https:\/\/cebem.org\/index.php?rest_route=\/wp\/v2\/users\/15"}],"replies":[{"embeddable":true,"href":"https:\/\/cebem.org\/index.php?rest_route=%2Fwp%2Fv2%2Fcomments&post=14724"}],"version-history":[{"count":1,"href":"https:\/\/cebem.org\/index.php?rest_route=\/wp\/v2\/posts\/14724\/revisions"}],"predecessor-version":[{"id":14726,"href":"https:\/\/cebem.org\/index.php?rest_route=\/wp\/v2\/posts\/14724\/revisions\/14726"}],"wp:featuredmedia":[{"embeddable":true,"href":"https:\/\/cebem.org\/index.php?rest_route=\/wp\/v2\/media\/14725"}],"wp:attachment":[{"href":"https:\/\/cebem.org\/index.php?rest_route=%2Fwp%2Fv2%2Fmedia&parent=14724"}],"wp:term":[{"taxonomy":"category","embeddable":true,"href":"https:\/\/cebem.org\/index.php?rest_route=%2Fwp%2Fv2%2Fcategories&post=14724"},{"taxonomy":"post_tag","embeddable":true,"href":"https:\/\/cebem.org\/index.php?rest_route=%2Fwp%2Fv2%2Ftags&post=14724"}],"curies":[{"name":"wp","href":"https:\/\/api.w.org\/{rel}","templated":true}]}}