
{"id":14625,"date":"2024-08-20T15:55:30","date_gmt":"2024-08-20T19:55:30","guid":{"rendered":"https:\/\/cebem.org\/?p=14625"},"modified":"2024-08-20T15:55:31","modified_gmt":"2024-08-20T19:55:31","slug":"expansion-de-la-mineria-aurifera-en-comunidades-indigenas-de-la-amazonia-boliviana-el-caso-de-ixiamas","status":"publish","type":"post","link":"https:\/\/cebem.org\/?p=14625","title":{"rendered":"Expansi\u00f3n de la miner\u00eda aur\u00edfera en comunidades ind\u00edgenas de la Amazon\u00eda boliviana. El caso de Ixiamas"},"content":{"rendered":"<div class=\"wp-block-image\">\n<figure class=\"aligncenter size-full\"><img data-recalc-dims=\"1\" fetchpriority=\"high\" decoding=\"async\" width=\"350\" height=\"459\" src=\"https:\/\/i0.wp.com\/cebem.org\/wp-content\/uploads\/2024\/08\/Tapa-IPublicacion-del-CEDLA-caso-Ixiamas.jpg?resize=350%2C459&#038;ssl=1\" alt=\"\" class=\"wp-image-14626\" srcset=\"https:\/\/i0.wp.com\/cebem.org\/wp-content\/uploads\/2024\/08\/Tapa-IPublicacion-del-CEDLA-caso-Ixiamas.jpg?w=350&amp;ssl=1 350w, https:\/\/i0.wp.com\/cebem.org\/wp-content\/uploads\/2024\/08\/Tapa-IPublicacion-del-CEDLA-caso-Ixiamas.jpg?resize=229%2C300&amp;ssl=1 229w\" sizes=\"(max-width: 350px) 100vw, 350px\" \/><\/figure>\n<\/div>\n\n\n<p>Compartimos con Uds. La publicaci\u00f3n del Centro de Estudios para el Desarrollo Laboral y Agrario \u00abCEDLA\u00bb con el titulo  \u201cExpansi\u00f3n de la miner\u00eda aur\u00edfera en comunidades ind\u00edgenas de la Amazon\u00eda boliviana.\u00a0 El caso de Ixiamas\u201d<\/p>\n\n\n\n<div class=\"wp-block-group is-vertical is-layout-flex wp-container-core-group-is-layout-8cf370e7 wp-block-group-is-layout-flex\">\n<p>Autor: Alfredo J Zaconeta Torrico<\/p>\n\n\n\n<p>A\u00f1o: 2024<\/p>\n<\/div>\n\n\n\n<p>El presente estudio indaga acerca de la actividad minera en Ixiamas para dar a conocer qui\u00e9nes son los actores mineros&nbsp;presentes en la zona, qu\u00e9 rol tienen las comunidades ind\u00edgenas en un escenario marcado por la expansi\u00f3n de la miner\u00eda aur\u00edfera, y cu\u00e1les son las posiciones de la poblaci\u00f3n local en relaci\u00f3n con este fen\u00f3meno econ\u00f3mico.&nbsp;El objetivo final es contribuir a un di\u00e1logo y debate informado en torno a la miner\u00eda del oro en la Amazon\u00eda boliviana.<\/p>\n\n\n\n<h4 class=\"wp-block-heading\"><strong>Para descargar la publicaci\u00f3n haga clic <a href=\"http:\/\/listas.cedla.org\/lt.php?tid=eUQNVVNTDFFXXEhSBQoAFFdTUVsfDwNVAh0AClpQDVMACgsEVFhIXwIAVlQCXAMUWw0DUh8DVQcAHQxXCAEUVFdbW1cJWVFWB1tVGAIMUAhSUw1WH1UGBVMdAFEJVxQOUw4KHlVUAFQKAANSBwhRAQ\">aqu\u00ed<\/a> .<\/strong><\/h4>\n\n\n\n<p><\/p>\n\n\n\n<p><\/p>\n","protected":false},"excerpt":{"rendered":"<p>Compartimos con Uds. La publicaci\u00f3n del Centro de Estudios para el Desarrollo Laboral y Agrario \u00abCEDLA\u00bb con el titulo \u201cExpansi\u00f3n de la miner\u00eda aur\u00edfera en comunidades ind\u00edgenas de la Amazon\u00eda boliviana.\u00a0 El caso de Ixiamas\u201d Autor: Alfredo J Zaconeta Torrico A\u00f1o: 2024 El presente estudio indaga acerca de la actividad minera en Ixiamas para dar &hellip; <\/p>\n<p><a class=\"more-link btn\" href=\"https:\/\/cebem.org\/?p=14625\">Seguir leyendo<\/a><\/p>\n","protected":false},"author":12,"featured_media":14626,"comment_status":"closed","ping_status":"closed","sticky":false,"template":"","format":"standard","meta":{"_jetpack_memberships_contains_paid_content":false,"footnotes":"","jetpack_publicize_message":"","jetpack_publicize_feature_enabled":true,"jetpack_social_post_already_shared":true,"jetpack_social_options":{"image_generator_settings":{"template":"highway","default_image_id":0,"font":"","enabled":false},"version":2}},"categories":[7],"tags":[2109,2112,2111],"class_list":["post-14625","post","type-post","status-publish","format-standard","has-post-thumbnail","hentry","category-otras-publicaciones","tag-boletin-8-agosto-2024-2","tag-cedla-2024","tag-expansion-de-la-mineria-aurifera","item-wrap"],"jetpack_publicize_connections":[],"jetpack_featured_media_url":"https:\/\/i0.wp.com\/cebem.org\/wp-content\/uploads\/2024\/08\/Tapa-IPublicacion-del-CEDLA-caso-Ixiamas.jpg?fit=350%2C459&ssl=1","jetpack_sharing_enabled":true,"_links":{"self":[{"href":"https:\/\/cebem.org\/index.php?rest_route=\/wp\/v2\/posts\/14625","targetHints":{"allow":["GET"]}}],"collection":[{"href":"https:\/\/cebem.org\/index.php?rest_route=\/wp\/v2\/posts"}],"about":[{"href":"https:\/\/cebem.org\/index.php?rest_route=\/wp\/v2\/types\/post"}],"author":[{"embeddable":true,"href":"https:\/\/cebem.org\/index.php?rest_route=\/wp\/v2\/users\/12"}],"replies":[{"embeddable":true,"href":"https:\/\/cebem.org\/index.php?rest_route=%2Fwp%2Fv2%2Fcomments&post=14625"}],"version-history":[{"count":2,"href":"https:\/\/cebem.org\/index.php?rest_route=\/wp\/v2\/posts\/14625\/revisions"}],"predecessor-version":[{"id":14630,"href":"https:\/\/cebem.org\/index.php?rest_route=\/wp\/v2\/posts\/14625\/revisions\/14630"}],"wp:featuredmedia":[{"embeddable":true,"href":"https:\/\/cebem.org\/index.php?rest_route=\/wp\/v2\/media\/14626"}],"wp:attachment":[{"href":"https:\/\/cebem.org\/index.php?rest_route=%2Fwp%2Fv2%2Fmedia&parent=14625"}],"wp:term":[{"taxonomy":"category","embeddable":true,"href":"https:\/\/cebem.org\/index.php?rest_route=%2Fwp%2Fv2%2Fcategories&post=14625"},{"taxonomy":"post_tag","embeddable":true,"href":"https:\/\/cebem.org\/index.php?rest_route=%2Fwp%2Fv2%2Ftags&post=14625"}],"curies":[{"name":"wp","href":"https:\/\/api.w.org\/{rel}","templated":true}]}}