
{"id":14523,"date":"2024-07-10T11:40:27","date_gmt":"2024-07-10T15:40:27","guid":{"rendered":"https:\/\/cebem.org\/?p=14523"},"modified":"2024-07-10T11:40:28","modified_gmt":"2024-07-10T15:40:28","slug":"curso-de-posgrado-alimentos-funcionales","status":"publish","type":"post","link":"https:\/\/cebem.org\/?p=14523","title":{"rendered":"Curso de Posgrado: Alimentos Funcionales"},"content":{"rendered":"<div class=\"wp-block-image\">\n<figure class=\"aligncenter size-full is-resized\"><img data-recalc-dims=\"1\" fetchpriority=\"high\" decoding=\"async\" width=\"747\" height=\"656\" src=\"https:\/\/i0.wp.com\/cebem.org\/wp-content\/uploads\/2024\/07\/mita_10.jpg?resize=747%2C656&#038;ssl=1\" alt=\"\" class=\"wp-image-14524\" style=\"width:532px;height:auto\" srcset=\"https:\/\/i0.wp.com\/cebem.org\/wp-content\/uploads\/2024\/07\/mita_10.jpg?w=747&amp;ssl=1 747w, https:\/\/i0.wp.com\/cebem.org\/wp-content\/uploads\/2024\/07\/mita_10.jpg?resize=300%2C263&amp;ssl=1 300w, https:\/\/i0.wp.com\/cebem.org\/wp-content\/uploads\/2024\/07\/mita_10.jpg?resize=600%2C527&amp;ssl=1 600w\" sizes=\"(max-width: 747px) 100vw, 747px\" \/><\/figure>\n<\/div>\n\n\n<p>Especializate en esta tendencia en crecimiento permanente, a trav\u00e9s de este curso que proporciona conocimientos sobre caracter\u00edsticas, ingredientes y efectos de los alimentos funcionales, considerando fases de desarrollo y producci\u00f3n, regulaciones, tendencias de consumo, posicionamiento, promoci\u00f3n y legislaci\u00f3n<\/p>\n\n\n\n<p><strong>Fecha: <\/strong>12 y 13 de julio de 2024<\/p>\n\n\n\n<p><strong>Modalidad:<\/strong> virtual (Zoom)<\/p>\n\n\n\n<p><strong>Docentes:<\/strong> Dra. Letizia Bresciani, Dr. Jorge Reinheimer, Dr. Alfredo Calvelo, Bioq. Pablo Renzulli, Mgter. Angela Zuleta<\/p>\n\n\n\n<p><strong>Mayor Informaci\u00f3n:<\/strong> <a href=\"https:\/\/v3.esmsv.com\/campaign\/htmlversion?AdministratorID=134712&amp;CampaignID=1493&amp;StatisticID=1357&amp;MemberID=48708&amp;s=65bc80aba51ec462ad21881cdbe5dc55&amp;isDemo=0\">https:\/\/v3.esmsv.com\/campaign\/htmlversion?AdministratorID=134712&amp;CampaignID=1493&amp;StatisticID=1357&amp;MemberID=48708&amp;s=65bc80aba51ec462ad21881cdbe5dc55&amp;isDemo=0<\/a> <\/p>\n","protected":false},"excerpt":{"rendered":"<p>Curso de Posgrado: Alimentos Funcionales<\/p>\n","protected":false},"author":15,"featured_media":14524,"comment_status":"closed","ping_status":"closed","sticky":false,"template":"","format":"standard","meta":{"_jetpack_memberships_contains_paid_content":false,"footnotes":"","jetpack_publicize_message":"","jetpack_publicize_feature_enabled":true,"jetpack_social_post_already_shared":true,"jetpack_social_options":{"image_generator_settings":{"template":"highway","default_image_id":0,"font":"","enabled":false},"version":2}},"categories":[10],"tags":[2072,38,2051,139],"class_list":["post-14523","post","type-post","status-publish","format-standard","has-post-thumbnail","hentry","category-otros-cursos","tag-boletin-7-julio-2024","tag-curso","tag-mita","tag-posgrado","item-wrap"],"jetpack_publicize_connections":[],"jetpack_featured_media_url":"https:\/\/i0.wp.com\/cebem.org\/wp-content\/uploads\/2024\/07\/mita_10.jpg?fit=747%2C656&ssl=1","jetpack_sharing_enabled":true,"_links":{"self":[{"href":"https:\/\/cebem.org\/index.php?rest_route=\/wp\/v2\/posts\/14523","targetHints":{"allow":["GET"]}}],"collection":[{"href":"https:\/\/cebem.org\/index.php?rest_route=\/wp\/v2\/posts"}],"about":[{"href":"https:\/\/cebem.org\/index.php?rest_route=\/wp\/v2\/types\/post"}],"author":[{"embeddable":true,"href":"https:\/\/cebem.org\/index.php?rest_route=\/wp\/v2\/users\/15"}],"replies":[{"embeddable":true,"href":"https:\/\/cebem.org\/index.php?rest_route=%2Fwp%2Fv2%2Fcomments&post=14523"}],"version-history":[{"count":1,"href":"https:\/\/cebem.org\/index.php?rest_route=\/wp\/v2\/posts\/14523\/revisions"}],"predecessor-version":[{"id":14525,"href":"https:\/\/cebem.org\/index.php?rest_route=\/wp\/v2\/posts\/14523\/revisions\/14525"}],"wp:featuredmedia":[{"embeddable":true,"href":"https:\/\/cebem.org\/index.php?rest_route=\/wp\/v2\/media\/14524"}],"wp:attachment":[{"href":"https:\/\/cebem.org\/index.php?rest_route=%2Fwp%2Fv2%2Fmedia&parent=14523"}],"wp:term":[{"taxonomy":"category","embeddable":true,"href":"https:\/\/cebem.org\/index.php?rest_route=%2Fwp%2Fv2%2Fcategories&post=14523"},{"taxonomy":"post_tag","embeddable":true,"href":"https:\/\/cebem.org\/index.php?rest_route=%2Fwp%2Fv2%2Ftags&post=14523"}],"curies":[{"name":"wp","href":"https:\/\/api.w.org\/{rel}","templated":true}]}}