
{"id":14496,"date":"2024-07-09T15:49:54","date_gmt":"2024-07-09T19:49:54","guid":{"rendered":"https:\/\/cebem.org\/?p=14496"},"modified":"2024-07-10T17:12:27","modified_gmt":"2024-07-10T21:12:27","slug":"contribuciones-del-pdh-rene-antonio-mayorga","status":"publish","type":"post","link":"https:\/\/cebem.org\/?p=14496","title":{"rendered":"Contribuciones del PDh. Ren\u00e9 Antonio Mayorga"},"content":{"rendered":"\n<p>Compartimos las contribuciones de libros y art\u00edculos escritos  por el PDh. Rene Antonio Mayorga, realizadas a lo largo de su carrera profesional como soci\u00f3logo y polit\u00f3logo.<\/p>\n\n\n\t\t\t\t\t\t\t<h3 style=\"margin-bottom:20px ;display:block;width:100%;margin-top:10px\">Listado de Libros Dr. Ren\u00e9 <\/h3>\r\n\t\t\t\t\t\t\t\t<style>\r\n\t\t\t\t\r\n\t\t\t\t\t#tab_container_14497 {\r\n\toverflow:hidden;\r\n\tdisplay:block;\r\n\twidth:100%;\r\n\tborder:0px solid #ddd;\r\n\tmargin-bottom:30px;\r\n\t}\r\n\r\n#tab_container_14497 .tab-content{\r\n\tpadding:20px;\r\n\tborder: 1px solid #e6e6e6 !important;\r\n\tmargin-top: 0px;\r\n\tbackground-color:#ffffff !important;\r\n\tcolor: #000000 !important;\r\n\tfont-size:16px !important;\r\n\tfont-family: Open Sans !important;\r\n\t\r\n\t\tborder: 1px solid #e6e6e6 !important;\r\n\t}\r\n#tab_container_14497 .wpsm_nav-tabs {\r\n    border-bottom: 0px solid #ddd;\r\n}\r\n#tab_container_14497 .wpsm_nav-tabs > li.active > a, #tab_container_14497 .wpsm_nav-tabs > li.active > a:hover, #tab_container_14497 .wpsm_nav-tabs > li.active > a:focus {\r\n\tcolor: #000000 !important;\r\n\tcursor: default;\r\n\tbackground-color: #ffffff !important;\r\n\tborder: 1px solid #e6e6e6 !important;\r\n}\r\n\r\n#tab_container_14497 .wpsm_nav-tabs > li > a {\r\n    margin-right: 0px !important; \r\n    line-height: 1.42857143 !important;\r\n    border: 1px solid #d5d5d5 !important;\r\n    border-radius: 0px 0px 0 0 !important; \r\n\tbackground-color: #e8e8e8 !important;\r\n\tcolor: #000000 !important;\r\n\tpadding: 15px 18px 15px 18px !important;\r\n\ttext-decoration: none !important;\r\n\tfont-size: 14px !important;\r\n\ttext-align:center !important;\r\n\tfont-family: Open Sans !important;\r\n}\r\n#tab_container_14497 .wpsm_nav-tabs > li > a:focus {\r\noutline: 0px !important;\r\n}\r\n\r\n#tab_container_14497 .wpsm_nav-tabs > li > a:before {\r\n\tdisplay:none !important;\r\n}\r\n#tab_container_14497 .wpsm_nav-tabs > li > a:after {\r\n\tdisplay:none !important ;\r\n}\r\n#tab_container_14497 .wpsm_nav-tabs > li{\r\npadding:0px !important ;\r\nmargin:0px;\r\n}\r\n\r\n#tab_container_14497 .wpsm_nav-tabs > li > a:hover , #tab_container_14497 .wpsm_nav-tabs > li > a:focus {\r\n    color: #000000 !important;\r\n    background-color: #e8e8e8 !important;\r\n\tborder: 1px solid #d5d5d5 !important;\r\n\t\r\n}\r\n#tab_container_14497 .wpsm_nav-tabs > li > a .fa{\r\n\r\nmargin-right:5px !important;\r\n\r\nmargin-left:5px !important;\r\n\r\n\r\n}\r\n\r\n\t\t#tab_container_14497 .wpsm_nav-tabs a{\r\n\t\t\tbackground-image: none;\r\n\t\t\tbackground-position: 0 0;\r\n\t\t\tbackground-repeat: repeat-x;\r\n\t\t}\r\n\t\t\t\r\n\r\n\r\n#tab_container_14497 .wpsm_nav-tabs > li {\r\n    float: left;\r\n    margin-bottom: -1px !important;\r\n\tmargin-right:0px !important; \r\n}\r\n\r\n\r\n#tab_container_14497 .tab-content{\r\noverflow:hidden !important;\r\n}\r\n\r\n\r\n@media (min-width: 769px) {\r\n\r\n\t#tab_container_14497 .wpsm_nav-tabs > li{\r\n\t\tfloat:left !important ;\r\n\t\t\t\tmargin-right:-1px !important;\r\n\t\t\t\t\t}\r\n\t#tab_container_14497 .wpsm_nav-tabs{\r\n\t\tfloat:none !important;\r\n\t\tmargin:0px !important;\r\n\t}\r\n\r\n\t#tab_container_14497 .wpsm_nav-tabs > li {\r\n\t\t\t\t\r\n\t}\r\n\t#tab_container_14497 .wpsm_nav{\r\n\t\t\t}\r\n\r\n}\r\n\r\n\r\n\r\n@media (max-width: 768px) {\r\n\t#tab_container_14497 .wpsm_nav-tabs > li {\r\n\t\t\t\t\r\n\t}\r\n\t#tab_container_14497 .wpsm_nav{\r\n\t\t\t}\r\n}\r\n\r\n\r\n\t.wpsm_nav-tabs li:before{\r\n\t\tdisplay:none !important;\r\n\t}\r\n\r\n\t@media (max-width: 768px) {\r\n\t\t\t\t\r\n\t\t\t\t.wpsm_nav-tabs{\r\n\t\t\tmargin-left:0px !important;\r\n\t\t\tmargin-right:0px !important; \r\n\t\t\t\r\n\t\t}\r\n\t\t\t\t#tab_container_14497 .wpsm_nav-tabs > li{\r\n\t\t\tfloat:none !important;\r\n\t\t}\r\n\t\t\t\r\n\t}\t\t\t\t<\/style>\r\n\t\t\t\t<div id=\"tab_container_14497\" >\r\n\t \r\n\t\t\t\t\t<ul class=\"wpsm_nav wpsm_nav-tabs\" role=\"tablist\" id=\"myTab_14497\">\r\n\t\t\t\t\t\t\t\r\n\t\t\t\t\t\t\t<li role=\"presentation\"  class=\"active\"  onclick=\"do_resize()\">\r\n\t\t\t\t\t\t\t\t<a href=\"#tabs_desc_14497_1\" aria-controls=\"tabs_desc_14497_1\" role=\"tab\" data-toggle=\"tab\">\r\n\t\t\t\t\t\t\t\t\t\r\n\t\t\t\t\t\t\t\t\t\t\t\t\t\t\t\t\t\t\t\t\t\t\t\t\t\t\t\t\t\t\t<i class=\"fa fa-book\"><\/i> \t\t\t\t\t\t\t\t\t\t\t\t\t\t\t\t\t\t\t\r\n\t\t\t\t\t\t\t\t\t\t\t\t\t\t\t\t\t\t\r\n\t\t\t\t\t\t\t\t\t<span>LBROS<\/span>\r\n\t\t\t\t\t\t\t\t\t\r\n\t\t\t\t\t\t\t\t\t\t\t\t\t\t\t\t\t\t\r\n\t\t\t\t\t\t\t\t\t\t\t\t\t\t\t\t\t\t\t\t\r\n\t\t\t\t\t\t\t\t\t\r\n\t\t\t\t\t\t\t\t<\/a>\r\n\t\t\t\t\t\t\t<\/li>\r\n\t\t\t\t\t\t\t\r\n\t\t\t\t\t\t\t<li role=\"presentation\"  onclick=\"do_resize()\">\r\n\t\t\t\t\t\t\t\t<a href=\"#tabs_desc_14497_2\" aria-controls=\"tabs_desc_14497_2\" role=\"tab\" data-toggle=\"tab\">\r\n\t\t\t\t\t\t\t\t\t\r\n\t\t\t\t\t\t\t\t\t\t\t\t\t\t\t\t\t\t\t\t\t\t\t\t\t\t\t\t\t\t\t<i class=\"fa fa-book\"><\/i> \t\t\t\t\t\t\t\t\t\t\t\t\t\t\t\t\t\t\t\r\n\t\t\t\t\t\t\t\t\t\t\t\t\t\t\t\t\t\t\r\n\t\t\t\t\t\t\t\t\t<span>ART\u00cdCULOS EN LIBROS<\/span>\r\n\t\t\t\t\t\t\t\t\t\r\n\t\t\t\t\t\t\t\t\t\t\t\t\t\t\t\t\t\t\r\n\t\t\t\t\t\t\t\t\t\t\t\t\t\t\t\t\t\t\t\t\r\n\t\t\t\t\t\t\t\t\t\r\n\t\t\t\t\t\t\t\t<\/a>\r\n\t\t\t\t\t\t\t<\/li>\r\n\t\t\t\t\t\t\t\r\n\t\t\t\t\t\t\t<li role=\"presentation\"  onclick=\"do_resize()\">\r\n\t\t\t\t\t\t\t\t<a href=\"#tabs_desc_14497_3\" aria-controls=\"tabs_desc_14497_3\" role=\"tab\" data-toggle=\"tab\">\r\n\t\t\t\t\t\t\t\t\t\r\n\t\t\t\t\t\t\t\t\t\t\t\t\t\t\t\t\t\t\t\t\t\t\t\t\t\t\t\t\t\t\t<i class=\"fa fa-book\"><\/i> \t\t\t\t\t\t\t\t\t\t\t\t\t\t\t\t\t\t\t\r\n\t\t\t\t\t\t\t\t\t\t\t\t\t\t\t\t\t\t\r\n\t\t\t\t\t\t\t\t\t<span>ART\u00cdCULOS EN REVISTAS Y EVENTOS<\/span>\r\n\t\t\t\t\t\t\t\t\t\r\n\t\t\t\t\t\t\t\t\t\t\t\t\t\t\t\t\t\t\r\n\t\t\t\t\t\t\t\t\t\t\t\t\t\t\t\t\t\t\t\t\r\n\t\t\t\t\t\t\t\t\t\r\n\t\t\t\t\t\t\t\t<\/a>\r\n\t\t\t\t\t\t\t<\/li>\r\n\t\t\t\t\t\t\t\t\t\t\t <\/ul>\r\n\r\n\t\t\t\t\t  <!-- Tab panes -->\r\n\t\t\t\t\t  <div class=\"tab-content\" id=\"tab-content_14497\">\r\n\t\t\t\t\t\t\t\t\t\t\t\t <div role=\"tabpanel\" class=\"tab-pane  in active \" id=\"tabs_desc_14497_1\">\r\n\t\t\t\t\t\t\t\t<ul>\r\n \t<li><a href=\"https:\/\/cebem.org\/biblioteca\/uploads\/files\/6508e47494ed29.22636380.pdf\" target=\"_blank\" rel=\"noopener\">Democratizaci\u00f3n y modernizaci\u00f3n del Estado en Bolivia, 1991, Instituci\u00f3n CEBEM - Ver Libro<\/a><\/li>\r\n \t<li><a href=\"https:\/\/cebem.org\/biblioteca\/uploads\/files\/6508e64e223211.52757622.pdf\" target=\"_blank\" rel=\"noopener\">Desmontaje de la Democracia, 2001, Instituci\u00f3n CEBEM - Ver Libro<\/a><\/li>\r\n \t<li><a href=\"https:\/\/cebem.org\/biblioteca\/uploads\/files\/650cf8b1055bb3.52785489.pdf\" target=\"_blank\" rel=\"noopener\">Teor\u00eda como reflexi\u00f3n cr\u00edtica, 1979 y 1988, Instituci\u00f3n CEBEM<\/a><a href=\"https:\/\/cebem.org\/biblioteca\/uploads\/files\/650cf8b1055bb3.52785489.pdf\" target=\"_blank\" rel=\"noopener\"> - Ver Libro<\/a><\/li>\r\n \t<li><a href=\"https:\/\/cebem.org\/biblioteca\/uploads\/files\/650cf974cf6349.77948278.pdf\" target=\"_blank\" rel=\"noopener\">\u00bfDe la anomia pol\u00edtica al orden democr\u00e1tico?: democracia, Estado y movimiento sindical en Bolivia, 1991, Instituci\u00f3n CEBEM - Ver Libro<\/a><\/li>\r\n \t<li><a href=\"https:\/\/cebem.org\/biblioteca\/uploads\/files\/650d0e266c3191.41807212.pdf\" target=\"_blank\" rel=\"noopener\">Antipol\u00edtica y Neopopulismo, 1995, Instituci\u00f3n CEBEM - Ver Libro<\/a><\/li>\r\n \t<li><a href=\"https:\/\/cebem.org\/biblioteca\/uploads\/files\/6508ebe47e2693.29847879.pdf\" target=\"_blank\" rel=\"noopener\">La cuesti\u00f3n militar en cuesti\u00f3n. Democracia y Fuerzas Armadas, 1994, Instituci\u00f3n CEBEM - Ver Libro<\/a><\/li>\r\n \t<li><a href=\"https:\/\/biblioteca.clacso.edu.ar\/clacso\/gt\/20101028015326\/4mayorga.pdf\" target=\"_blank\" rel=\"noopener\">Presidencialismo parlamentarizado y procesos de decisi\u00f3n en Bolivia, 2001, Instituci\u00f3n CLACSO - Ver Libro<\/a><\/li>\r\n \t<li><a href=\"https:\/\/www.redalyc.org\/articulo.oa?id=40305704\" target=\"_blank\" rel=\"noopener\">La crisis del sistema de partidos pol\u00edticos en Bolivia: causas y consecuencias,2004, Instituci\u00f3n CENDES - Ver Libro<\/a><\/li>\r\n \t<li>Di\u00e1logo en espiral : dilemas de la sociedad contempor\u00e1nea, 1992, Instituci\u00f3n CEBEM<\/li>\r\n \t<li><a href=\"http:\/\/bibliotecas.uasb.edu.bo\/cgi-bin\/koha\/opac-detail.pl?biblionumber=3936\" target=\"_blank\" rel=\"noopener\">Democracia y gobernabilidad en Am\u00e9rica Latina, 1992<\/a><\/li>\r\n \t<li><a href=\"https:\/\/alertabibliografica.iep.org.pe\/cgi-bin\/koha\/opac-detail.pl?biblionumber=1707\" target=\"_blank\" rel=\"noopener\">Neopopulist actors and democracy in Latin America: a comparative analysis of Peru, Brazil and Bolivia, 1994<\/a><\/li>\r\n<\/ul>\t\t\t\t\t\t <\/div>\r\n\t\t\t\t\t\t\t\t\t\t\t\t <div role=\"tabpanel\" class=\"tab-pane \" id=\"tabs_desc_14497_2\">\r\n\t\t\t\t\t\t\t\t<ul>\r\n \t<li><a href=\"https:\/\/biblioteca.clacso.edu.ar\/clacso\/se\/20171201045139\/Imagenes_desconocidas.pdf\" target=\"_blank\" rel=\"noopener\">Im\u00e1genes desconocidas. La modernidad en la encrucijada postmoderna, 2017, Instituci\u00f3n CLACSO - Ver Libro<\/a><\/li>\r\n \t<li><a href=\"https:\/\/biblioteca.clacso.edu.ar\/clacso\/gt\/20101028013651\/lanzaro.pdf\" target=\"_blank\" rel=\"noopener\">Tipos de presidencialismo y coaliciones pol\u00edticas en Am\u00e9rica Latina, 2003, Instituci\u00f3n CLACSO - Ver Libro<\/a><\/li>\r\n \t<li><a href=\"https:\/\/biblioteca-repositorio.clacso.edu.ar\/handle\/CLACSO\/248395\" target=\"_blank\" rel=\"noopener\">\u00bfHacia un nuevo orden estatal en Am\u00e9rica Latina? (Vol. I), 1990, Instituci\u00f3n CLACSO<\/a><\/li>\r\n \t<li><a href=\"https:\/\/libreria.clacso.org\/publicacion.php?p=383&amp;c=20\" target=\"_blank\" rel=\"noopener\">Concertaci\u00f3n pol\u00edtico-social y democratizaci\u00f3n, 1987, Instituci\u00f3n CLACSO - Ver Libro<\/a><\/li>\r\n \t<li><a href=\"https:\/\/biblioteca-repositorio.clacso.edu.ar\/handle\/CLACSO\/248394\" target=\"_blank\" rel=\"noopener\">Democracia a la deriva: dilemas de la participaci\u00f3n y concertaci\u00f3n social en Bolivia, 1987, Instituci\u00f3n CLACSO - Ver Libro<\/a><\/li>\r\n \t<li><a href=\"https:\/\/libreria.clacso.org\/publicacion.php?p=605&amp;c=20\" target=\"_blank\" rel=\"noopener\">El sindicalismo latinoamericano en los ochenta, 1986, Instituci\u00f3n CLACSO - Ver Libro<\/a><\/li>\r\n \t<li><a href=\"https:\/\/www.acuedi.org\/ddata\/154.pdf\" target=\"_blank\" rel=\"noopener\">Gobernabilidad y reforma pol\u00edtica. La experiencia de Bolivia, 2009, INSTITUTO UNIVERSITARIO ORTEGA Y GASSET - Ver Libro\u00a0<\/a><\/li>\r\n \t<li><a href=\"https:\/\/repositorio.flacsoandes.edu.ec\/handle\/10469\/14277\" target=\"_blank\" rel=\"noopener\">Populismo autoritario y transici\u00f3n regresiva: la dictadura plebiscitaria en la regi\u00f3n andina, 2017, Instituci\u00f3n CELAEP - Ver Libro<\/a><\/li>\r\n \t<li><a href=\"https:\/\/estudiossociologicos.colmex.mx\/index.php\/es\/article\/view\/1338\/1338\" target=\"_blank\" rel=\"noopener\">Discurso y constituci\u00f3n de lo social. el enfoque lingu\u00edstico de Laclau, 1988, Instituci\u00f3n Universidad Latinoamericana - Ver Libro<\/a><\/li>\r\n \t<li><a href=\"https:\/\/biblio.flacsoandes.edu.ec\/libros\/8218-opac\" target=\"_blank\" rel=\"noopener\">Am\u00e9rica Latina : ideolog\u00eda y cultura, 1982, Instituci\u00f3n FLACSO - Ver Libro\u00a0<\/a><\/li>\r\n \t<li><a href=\"https:\/\/catalogosiidca.csuca.org\/Record\/CR.000192585\" target=\"_blank\" rel=\"noopener\">Integracion solidaria : Reconstitucion de los sistemas politicos latinoamericanos<\/a><\/li>\r\n \t<li><a href=\"https:\/\/www.te.gob.mx\/sites\/default\/files\/publicaciones\/file\/manual.pdf\" target=\"_blank\" rel=\"noopener\">Manual para el dise\u00f1o de sistemas electorales de IDEA Internacional<\/a><\/li>\r\n \t<li><a href=\"https:\/\/www.idea.int\/sites\/default\/files\/publications\/partidos-politicos-en-la-region-andina.pdf\" target=\"_blank\" rel=\"noopener\">Partidos pol\u00edticos en la Regi\u00f3n Andina : entre la crisis y el cambio, 2004, Instituci\u00f3n IDEA Internacional<\/a><\/li>\r\n \t<li><a href=\"https:\/\/books.google.es\/books?hl=es&amp;lr=&amp;id=zT6JjM51CksC&amp;oi=fnd&amp;pg=PA132&amp;dq=ren%C3%A9+antonio+mayorga&amp;ots=yM8ncuTCpc&amp;sig=P2YBpjjJYAxZ0bBc6CBQg1LOp7E#v=onepage&amp;q=ren%C3%A9%20antonio%20mayorga&amp;f=false\" target=\"_blank\" rel=\"noopener\">Outsiders and Neopopulism: The Road to Plebiscitary Democracy, Stanford University Press, 2006<\/a><\/li>\r\n \t<li><a href=\"https:\/\/books.google.es\/books?hl=es&amp;lr=&amp;id=lZqI15_yRU4C&amp;oi=fnd&amp;pg=PA149&amp;dq=ren%C3%A9+antonio+mayorga&amp;ots=_5o23LNawB&amp;sig=skshafQQyMYytRHD6xMFEqqQb0A#v=onepage&amp;q=ren%C3%A9%20antonio%20mayorga&amp;f=false\" target=\"_blank\" rel=\"noopener\">Bolivia's Democracy at the Crossroads, CAMBRIDGE UNIVERSITY PRESS, 2005<\/a><\/li>\r\n \t<li><a href=\"https:\/\/www.researchgate.net\/profile\/Alain-Musset\/publication\/281442057_Interventionnisme_liberalisme_et_mondialisation_l'Amerique_latine_dans_tous_ses_Etats\/links\/55e7270208ae65b638995102\/Interventionnisme-liberalisme-et-mondialisation-lAmerique-latine-dans-tous-ses-Etats.pdf\" target=\"_blank\" rel=\"noopener\">Les Mutations de L\u2019\u00e9tat Latino-Am\u00e9ricain Face \u00e0 la Mondialisation, 2001, Paris<\/a><\/li>\r\n<\/ul>\t\t\t\t\t\t <\/div>\r\n\t\t\t\t\t\t\t\t\t\t\t\t <div role=\"tabpanel\" class=\"tab-pane \" id=\"tabs_desc_14497_3\">\r\n\t\t\t\t\t\t\t\t<ul>\r\n \t<li><a href=\"http:\/\/www.cuadernospoliticos.unam.mx\/cuadernos\/contenido\/CP.20\/CP20.7.ReneMayorga.pdf\" target=\"_blank\" rel=\"noopener\">Dictadura militar y crisis del Estado. El caso boliviano (1971-1977), Cuadernos Pol\u00edticos, n\u00famero 20, M\u00e9xico, D.F., editorial Era1 1979 - Ver Art\u00edculo<\/a><\/li>\r\n \t<li><a href=\"https:\/\/repositorio.flacsoandes.edu.ec\/bitstream\/10469\/2179\/4\/RFLACSO-I16-13-Mayorga.pdf\" target=\"_blank\" rel=\"noopener\">Bolivia: metamorfosis del sistema de partidos, 2003, Instituci\u00f3n FLACSO - Ver Art\u00edculo<\/a><\/li>\r\n \t<li><a href=\"https:\/\/muse.jhu.edu\/pub\/1\/article\/16793\" target=\"_blank\" rel=\"noopener\">Articulo: Bolivia\u2019s Silent Revolution, Instituci\u00f3n Johns Hopkins University Press, 1997<\/a><\/li>\r\n \t<li><a href=\"https:\/\/www.jstor.org\/stable\/3540078\" target=\"_blank\" rel=\"noopener\">Problemas metodol\u00f3gicos de la dial\u00e9ctica y del an\u00e1lisis marxista del estado capitalista, 1979, Revista Mexicana de Sociolog\u00eda - Universidad Nacional Aut\u00f3noma de M\u00e9xico<\/a><\/li>\r\n \t<li><a href=\"https:\/\/www.jstor.org\/stable\/4624927\" target=\"_blank\" rel=\"noopener\">El racionalismo cr\u00edtico y la sociedad abierta (Comentarios en torno a la pol\u00e9mica de Karl Popper contra el marxismo, 1980, Revista Mexicana de Sociolog\u00eda - Universidad Nacional Aut\u00f3noma de M\u00e9xico<\/a><\/li>\r\n \t<li><a href=\"https:\/\/www.jstor.org\/stable\/4529799\" target=\"_blank\" rel=\"noopener\">Sociedad y poesia en \"Residencia en la tierra\" de Pablo Neruda, 1976, Centro de Estudios Literarios \"Antonio Cornejo Polar\"- CELACP<\/a><\/li>\r\n<\/ul>\t\t\t\t\t\t <\/div>\r\n\t\t\t\t\t\t\t\r\n\t\t\t\t\t <\/div>\r\n\t\t\t\t\t \r\n\t\t\t\t <\/div>\r\n <script>\r\n\t\tjQuery(function () {\r\n\t\t\tjQuery('#myTab_14497 a:first').tab('show')\r\n\t\t});\r\n\t\t\r\n\t\t\t\tjQuery(function(){\r\n\t\t\tvar b=\"fadeIn\";\r\n\t\t\tvar c;\r\n\t\t\tvar a;\r\n\t\t\td(jQuery(\"#myTab_14497 a\"),jQuery(\"#tab-content_14497\"));function d(e,f,g){\r\n\t\t\t\te.click(function(i){\r\n\t\t\t\t\ti.preventDefault();\r\n\t\t\t\t\tjQuery(this).tab(\"show\");\r\n\t\t\t\t\tvar h=jQuery(this).data(\"easein\");\r\n\t\t\t\t\tif(c){c.removeClass(a);}\r\n\t\t\t\t\tif(h){f.find(\"div.active\").addClass(\"animated \"+h);a=h;}\r\n\t\t\t\t\telse{if(g){f.find(\"div.active\").addClass(\"animated \"+g);a=g;}else{f.find(\"div.active\").addClass(\"animated \"+b);a=b;}}c=f.find(\"div.active\");\r\n\t\t\t\t});\r\n\t\t\t}\r\n\t\t});\r\n\t\t\r\n\r\n\t\tfunction do_resize(){\r\n\r\n\t\t\tvar width=jQuery( '.tab-content .tab-pane iframe' ).width();\r\n\t\t\tvar height=jQuery( '.tab-content .tab-pane iframe' ).height();\r\n\r\n\t\t\tvar toggleSize = true;\r\n\t\t\tjQuery('iframe').animate({\r\n\t\t\t    width: toggleSize ? width : 640,\r\n\t\t\t    height: toggleSize ? height : 360\r\n\t\t\t  }, 250);\r\n\r\n\t\t\t  toggleSize = !toggleSize;\r\n\t\t}\r\n\r\n\r\n\t<\/script>\r\n\t\t\t\t\r\n\t\t\t\n","protected":false},"excerpt":{"rendered":"<p>Compartimos las contribuciones de libros y art\u00edculos escritos por el PDh. Rene Antonio Mayorga, realizadas a lo largo de su carrera profesional como soci\u00f3logo y polit\u00f3logo.<\/p>\n","protected":false},"author":15,"featured_media":14418,"comment_status":"closed","ping_status":"closed","sticky":false,"template":"","format":"standard","meta":{"_jetpack_memberships_contains_paid_content":false,"footnotes":"","jetpack_publicize_message":"","jetpack_publicize_feature_enabled":false,"jetpack_social_post_already_shared":false,"jetpack_social_options":{"image_generator_settings":{"template":"highway","enabled":false},"version":2}},"categories":[2093,1],"tags":[2094,217,300,167],"class_list":["post-14496","post","type-post","status-publish","format-standard","has-post-thumbnail","hentry","category-contribuciones-rene-mayorga","category-noticias","tag-articulos-2","tag-clacso","tag-flacso","tag-libros","nodate","item-wrap"],"jetpack_publicize_connections":[],"jetpack_featured_media_url":"https:\/\/i0.wp.com\/cebem.org\/wp-content\/uploads\/2024\/07\/libro-pdhRene-1.jpg?fit=1313%2C773&ssl=1","jetpack_sharing_enabled":true,"_links":{"self":[{"href":"https:\/\/cebem.org\/index.php?rest_route=\/wp\/v2\/posts\/14496","targetHints":{"allow":["GET"]}}],"collection":[{"href":"https:\/\/cebem.org\/index.php?rest_route=\/wp\/v2\/posts"}],"about":[{"href":"https:\/\/cebem.org\/index.php?rest_route=\/wp\/v2\/types\/post"}],"author":[{"embeddable":true,"href":"https:\/\/cebem.org\/index.php?rest_route=\/wp\/v2\/users\/15"}],"replies":[{"embeddable":true,"href":"https:\/\/cebem.org\/index.php?rest_route=%2Fwp%2Fv2%2Fcomments&post=14496"}],"version-history":[{"count":6,"href":"https:\/\/cebem.org\/index.php?rest_route=\/wp\/v2\/posts\/14496\/revisions"}],"predecessor-version":[{"id":14535,"href":"https:\/\/cebem.org\/index.php?rest_route=\/wp\/v2\/posts\/14496\/revisions\/14535"}],"wp:featuredmedia":[{"embeddable":true,"href":"https:\/\/cebem.org\/index.php?rest_route=\/wp\/v2\/media\/14418"}],"wp:attachment":[{"href":"https:\/\/cebem.org\/index.php?rest_route=%2Fwp%2Fv2%2Fmedia&parent=14496"}],"wp:term":[{"taxonomy":"category","embeddable":true,"href":"https:\/\/cebem.org\/index.php?rest_route=%2Fwp%2Fv2%2Fcategories&post=14496"},{"taxonomy":"post_tag","embeddable":true,"href":"https:\/\/cebem.org\/index.php?rest_route=%2Fwp%2Fv2%2Ftags&post=14496"}],"curies":[{"name":"wp","href":"https:\/\/api.w.org\/{rel}","templated":true}]}}