
{"id":14472,"date":"2024-07-05T16:40:21","date_gmt":"2024-07-05T20:40:21","guid":{"rendered":"https:\/\/cebem.org\/?p=14472"},"modified":"2024-07-08T10:31:08","modified_gmt":"2024-07-08T14:31:08","slug":"se-fue-rene","status":"publish","type":"post","link":"https:\/\/cebem.org\/?p=14472","title":{"rendered":"Se fue Ren\u00e9 &#8230;"},"content":{"rendered":"\n<figure class=\"wp-block-image size-full\"><img data-recalc-dims=\"1\" fetchpriority=\"high\" decoding=\"async\" width=\"730\" height=\"190\" src=\"https:\/\/i0.wp.com\/cebem.org\/wp-content\/uploads\/2024\/07\/Articulo-escrito-por-Jose-M-Ormachea-1.jpg?resize=730%2C190&#038;ssl=1\" alt=\"\" class=\"wp-image-14493\" srcset=\"https:\/\/i0.wp.com\/cebem.org\/wp-content\/uploads\/2024\/07\/Articulo-escrito-por-Jose-M-Ormachea-1.jpg?w=730&amp;ssl=1 730w, https:\/\/i0.wp.com\/cebem.org\/wp-content\/uploads\/2024\/07\/Articulo-escrito-por-Jose-M-Ormachea-1.jpg?resize=300%2C78&amp;ssl=1 300w, https:\/\/i0.wp.com\/cebem.org\/wp-content\/uploads\/2024\/07\/Articulo-escrito-por-Jose-M-Ormachea-1.jpg?resize=600%2C156&amp;ssl=1 600w\" sizes=\"(max-width: 730px) 100vw, 730px\" \/><\/figure>\n\n\n\n<p><\/p>\n\n\n\n<p>Se fue el Ren\u00e9, pareja de mi mam\u00e1 durante casi 30 a\u00f1os. Fue como un padre para m\u00ed. Gracias a \u00e9l me empez\u00f3 a interesar la pol\u00edtica (se podr\u00eda decir que gracias a \u00e9l soy Diputado).<br>Fue uno de los mejores polit\u00f3logos de la historia de este pa\u00eds (sino el mejor, no exagero). Te llor\u00e9 a mares el viernes escuchando \u00abtan joven y tan viejo\u00bb, cover de Carlos Varela de la canci\u00f3n de Sabina.<br>Me dec\u00eda mi madre que esa canci\u00f3n era el mejor retrato de tu vida, yo tambi\u00e9n lo pienso, pues te fuiste en tus propios t\u00e9rminos, como tambi\u00e9n viviste en tus propios t\u00e9rminos (\u00ablike a Rolling Stone\u00bb).<br>Te voy a seguir llorando, pero sobre todo te voy a seguir leyendo, voy a seguir reflexionando sobre tus pensamientos, voy a seguir estudiando lo que me recomendabas que estudie y te voy a seguir citando.<br><\/p>\n\n\n\n<p>Te amo, Reneco.    <\/p>\n\n\n\n<p>Ver el sgte enlace: <a href=\"https:\/\/www.facebook.com\/photo?fbid=10161844816447042&amp;set=a.10151334965442042\" target=\"_blank\" rel=\"noreferrer noopener\">https:\/\/www.facebook.com\/photo?fbid=10161844816447042&amp;set=a.10151334965442042<\/a><\/p>\n\n\n\n<p><\/p>\n","protected":false},"excerpt":{"rendered":"<p>Se fue el Ren\u00e9, pareja de mi mam\u00e1 durante casi 30 a\u00f1os. Fue como un padre para m\u00ed. Gracias a \u00e9l me empez\u00f3 a interesar la pol\u00edtica (se podr\u00eda decir que gracias a \u00e9l soy Diputado).Fue uno de los mejores polit\u00f3logos de la historia de este pa\u00eds (sino el mejor, no exagero). Te llor\u00e9 a &hellip; <\/p>\n<p><a class=\"more-link btn\" href=\"https:\/\/cebem.org\/?p=14472\">Seguir leyendo<\/a><\/p>\n","protected":false},"author":12,"featured_media":14490,"comment_status":"closed","ping_status":"closed","sticky":false,"template":"","format":"standard","meta":{"_jetpack_memberships_contains_paid_content":false,"footnotes":"","jetpack_publicize_message":"","jetpack_publicize_feature_enabled":true,"jetpack_social_post_already_shared":true,"jetpack_social_options":{"image_generator_settings":{"template":"highway","default_image_id":0,"font":"","enabled":false},"version":2}},"categories":[2083],"tags":[2089,2090],"class_list":["post-14472","post","type-post","status-publish","format-standard","has-post-thumbnail","hentry","category-recordando-a-rene-mayorga","tag-articulo-escrito-por-jose-m-ormachea","tag-se-fue-rene-3","item-wrap"],"jetpack_publicize_connections":[],"jetpack_featured_media_url":"https:\/\/i0.wp.com\/cebem.org\/wp-content\/uploads\/2024\/07\/foto-hijo-002.jpg?fit=472%2C506&ssl=1","jetpack_sharing_enabled":true,"_links":{"self":[{"href":"https:\/\/cebem.org\/index.php?rest_route=\/wp\/v2\/posts\/14472","targetHints":{"allow":["GET"]}}],"collection":[{"href":"https:\/\/cebem.org\/index.php?rest_route=\/wp\/v2\/posts"}],"about":[{"href":"https:\/\/cebem.org\/index.php?rest_route=\/wp\/v2\/types\/post"}],"author":[{"embeddable":true,"href":"https:\/\/cebem.org\/index.php?rest_route=\/wp\/v2\/users\/12"}],"replies":[{"embeddable":true,"href":"https:\/\/cebem.org\/index.php?rest_route=%2Fwp%2Fv2%2Fcomments&post=14472"}],"version-history":[{"count":7,"href":"https:\/\/cebem.org\/index.php?rest_route=\/wp\/v2\/posts\/14472\/revisions"}],"predecessor-version":[{"id":14495,"href":"https:\/\/cebem.org\/index.php?rest_route=\/wp\/v2\/posts\/14472\/revisions\/14495"}],"wp:featuredmedia":[{"embeddable":true,"href":"https:\/\/cebem.org\/index.php?rest_route=\/wp\/v2\/media\/14490"}],"wp:attachment":[{"href":"https:\/\/cebem.org\/index.php?rest_route=%2Fwp%2Fv2%2Fmedia&parent=14472"}],"wp:term":[{"taxonomy":"category","embeddable":true,"href":"https:\/\/cebem.org\/index.php?rest_route=%2Fwp%2Fv2%2Fcategories&post=14472"},{"taxonomy":"post_tag","embeddable":true,"href":"https:\/\/cebem.org\/index.php?rest_route=%2Fwp%2Fv2%2Ftags&post=14472"}],"curies":[{"name":"wp","href":"https:\/\/api.w.org\/{rel}","templated":true}]}}