
{"id":14435,"date":"2024-07-04T10:58:02","date_gmt":"2024-07-04T14:58:02","guid":{"rendered":"https:\/\/cebem.org\/?p=14435"},"modified":"2024-07-04T10:58:03","modified_gmt":"2024-07-04T14:58:03","slug":"cepal-poblacion-desarrollo-y-derechos-en-america-latina-y-el-caribe","status":"publish","type":"post","link":"https:\/\/cebem.org\/?p=14435","title":{"rendered":"CEPAL: Poblaci\u00f3n, desarrollo y derechos en Am\u00e9rica Latina y el Caribe"},"content":{"rendered":"\n<p class=\"has-text-align-center\"><strong>Segundo informe regional sobre la implementaci\u00f3n del Consenso de Montevideo sobre Poblaci\u00f3n y Desarrollo<\/strong><\/p>\n\n\n\n<p><strong>AUTOR INSTITUCIONAL: <\/strong>NU. CEPAL<br><strong>EDITORIAL:<\/strong> CEPAL<br><strong>FECHA:<\/strong> julio 2024<\/p>\n\n\n\n<p>Once a\u00f1os despu\u00e9s de la aprobaci\u00f3n del Consenso de Montevideo sobre Poblaci\u00f3n y Desarrollo, y 30 a\u00f1os despu\u00e9s de la aprobaci\u00f3n del Programa de Acci\u00f3n de la Conferencia Internacional sobre la Poblaci\u00f3n y el Desarrollo, en El Cairo en 1994, este segundo informe regional sobre la implementaci\u00f3n del Consenso de Montevideo recoge los avances en la aplicaci\u00f3n de sus medidas prioritarias en Am\u00e9rica Latina y el Caribe entre 2018 y 2023, considerando las particularidades de cada pa\u00eds y la heterogeneidad existente en cuanto al grado de implementaci\u00f3n.&nbsp;<\/p>\n\n\n\n<p>Con el fin de favorecer el intercambio de buenas pr\u00e1cticas entre los pa\u00edses, el documento se basa en la recolecci\u00f3n, sistematizaci\u00f3n y an\u00e1lisis de un amplio conjunto de informaci\u00f3n y experiencias nacionales, que permiten elaborar conclusiones y recomendaciones desde una perspectiva regional. En el documento se presentan los avances y logros de Am\u00e9rica Latina y el Caribe en la implementaci\u00f3n del Consenso de Montevideo y se pone el foco en los grandes retos pendientes que la regi\u00f3n debe abordar en la agenda de poblaci\u00f3n y desarrollo a fin de progresar en la construcci\u00f3n de sociedades m\u00e1s democr\u00e1ticas, inclusivas y justas, sin dejar a nadie atr\u00e1s.<\/p>\n\n\n\n<div data-wp-interactive=\"core\/file\" class=\"wp-block-file\"><object data-wp-bind--hidden=\"!state.hasPdfPreview\" hidden class=\"wp-block-file__embed\" data=\"https:\/\/cebem.org\/wp-content\/uploads\/2024\/07\/CEPAL-PUB1.pdf\" type=\"application\/pdf\" style=\"width:100%;height:600px\" aria-label=\"Incrustado de Descarga del documento completo.\"><\/object><a id=\"wp-block-file--media-dc6c05ff-40e2-4994-b1c7-49727e07c971\" href=\"https:\/\/cebem.org\/wp-content\/uploads\/2024\/07\/CEPAL-PUB1.pdf\">Descarga del documento completo<\/a><a href=\"https:\/\/cebem.org\/wp-content\/uploads\/2024\/07\/CEPAL-PUB1.pdf\" class=\"wp-block-file__button wp-element-button\" download aria-describedby=\"wp-block-file--media-dc6c05ff-40e2-4994-b1c7-49727e07c971\">Descarga<\/a><\/div>\n","protected":false},"excerpt":{"rendered":"<p>Compartimos un documento de CEPAL sobre: \u00abPoblaci\u00f3n, desarrollo y derechos en Am\u00e9rica Latina y el Caribe\u00bb<\/p>\n","protected":false},"author":15,"featured_media":14438,"comment_status":"closed","ping_status":"closed","sticky":false,"template":"","format":"standard","meta":{"_jetpack_memberships_contains_paid_content":false,"footnotes":"","jetpack_publicize_message":"","jetpack_publicize_feature_enabled":false,"jetpack_social_post_already_shared":false,"jetpack_social_options":{"image_generator_settings":{"template":"highway","enabled":false},"version":2}},"categories":[1543,1954],"tags":[185,1831],"class_list":["post-14435","post","type-post","status-publish","format-standard","has-post-thumbnail","hentry","category-rutacenso","category-libros-publicados","tag-cepal","tag-la-ruta-del-censo","item-wrap"],"jetpack_publicize_connections":[],"jetpack_featured_media_url":"https:\/\/i0.wp.com\/cebem.org\/wp-content\/uploads\/2024\/07\/PORTADA-CEPAL1.pdf.jpg?fit=320%2C420&ssl=1","jetpack_sharing_enabled":true,"_links":{"self":[{"href":"https:\/\/cebem.org\/index.php?rest_route=\/wp\/v2\/posts\/14435","targetHints":{"allow":["GET"]}}],"collection":[{"href":"https:\/\/cebem.org\/index.php?rest_route=\/wp\/v2\/posts"}],"about":[{"href":"https:\/\/cebem.org\/index.php?rest_route=\/wp\/v2\/types\/post"}],"author":[{"embeddable":true,"href":"https:\/\/cebem.org\/index.php?rest_route=\/wp\/v2\/users\/15"}],"replies":[{"embeddable":true,"href":"https:\/\/cebem.org\/index.php?rest_route=%2Fwp%2Fv2%2Fcomments&post=14435"}],"version-history":[{"count":1,"href":"https:\/\/cebem.org\/index.php?rest_route=\/wp\/v2\/posts\/14435\/revisions"}],"predecessor-version":[{"id":14439,"href":"https:\/\/cebem.org\/index.php?rest_route=\/wp\/v2\/posts\/14435\/revisions\/14439"}],"wp:featuredmedia":[{"embeddable":true,"href":"https:\/\/cebem.org\/index.php?rest_route=\/wp\/v2\/media\/14438"}],"wp:attachment":[{"href":"https:\/\/cebem.org\/index.php?rest_route=%2Fwp%2Fv2%2Fmedia&parent=14435"}],"wp:term":[{"taxonomy":"category","embeddable":true,"href":"https:\/\/cebem.org\/index.php?rest_route=%2Fwp%2Fv2%2Fcategories&post=14435"},{"taxonomy":"post_tag","embeddable":true,"href":"https:\/\/cebem.org\/index.php?rest_route=%2Fwp%2Fv2%2Ftags&post=14435"}],"curies":[{"name":"wp","href":"https:\/\/api.w.org\/{rel}","templated":true}]}}