
{"id":14196,"date":"2024-04-04T16:05:10","date_gmt":"2024-04-04T20:05:10","guid":{"rendered":"https:\/\/cebem.org\/?p=14196"},"modified":"2024-04-04T16:05:12","modified_gmt":"2024-04-04T20:05:12","slug":"curso-de-posgrado-internacional-escrituras-creatividad-humana-y-comunicacion-2","status":"publish","type":"post","link":"https:\/\/cebem.org\/?p=14196","title":{"rendered":"Curso de Posgrado Internacional &#8211; Escrituras: creatividad humana y comunicaci\u00f3n"},"content":{"rendered":"<div class=\"wp-block-image\">\n<figure class=\"aligncenter size-full is-resized\"><img data-recalc-dims=\"1\" fetchpriority=\"high\" decoding=\"async\" width=\"650\" height=\"529\" src=\"https:\/\/i0.wp.com\/cebem.org\/wp-content\/uploads\/2024\/04\/flacso_02.jpg?resize=650%2C529&#038;ssl=1\" alt=\"\" class=\"wp-image-14197\" style=\"object-fit:cover;width:483px;height:auto\" srcset=\"https:\/\/i0.wp.com\/cebem.org\/wp-content\/uploads\/2024\/04\/flacso_02.jpg?w=650&amp;ssl=1 650w, https:\/\/i0.wp.com\/cebem.org\/wp-content\/uploads\/2024\/04\/flacso_02.jpg?resize=300%2C244&amp;ssl=1 300w, https:\/\/i0.wp.com\/cebem.org\/wp-content\/uploads\/2024\/04\/flacso_02.jpg?resize=600%2C488&amp;ssl=1 600w\" sizes=\"(max-width: 650px) 100vw, 650px\" \/><\/figure>\n<\/div>\n\n\n<ul class=\"wp-block-list\">\n<li><strong>Presentaci\u00f3n<\/strong><\/li>\n<\/ul>\n\n\n\n<p>La cuesti\u00f3n de la\u00a0<strong>creatividad humana<\/strong>\u00a0es una realidad que hoy m\u00e1s que nunca est\u00e1 saliendo a la superficie gracias a la visibilizaci\u00f3n que proporciona el uso de las redes sociales. El uso masivo de estas herramientas no es m\u00e1s que el correlato de la\u00a0<strong>capacidad para crear y la necesidad de transmitir y compartir<\/strong>\u00a0dicha capacidad creativa que el ser humano posee de forma inherente.<\/p>\n\n\n\n<ul class=\"wp-block-list\">\n<li>Equipo Docente<\/li>\n<\/ul>\n\n\n\n<ol class=\"wp-block-list\">\n<li>Angilletta, Florencia (Argentina)<\/li>\n\n\n\n<li>Serrano, Violeta (Argentina-Espa\u00f1a)<\/li>\n\n\n\n<li>Skliar, Carlos (Argentina)<\/li>\n\n\n\n<li>Trigo, Macarena (Argentina &#8211; Espa\u00f1a)<\/li>\n\n\n\n<li>Zani, Alex (Argentina)<\/li>\n<\/ol>\n\n\n\n<ul class=\"wp-block-list\">\n<li>Modalidad A distancia<\/li>\n<\/ul>\n\n\n\n<ul class=\"wp-block-list\">\n<li><strong>Calendario<\/strong> Inscripciones: hasta el 11 de enero de 2024<\/li>\n<\/ul>\n\n\n\n<ul class=\"wp-block-list\">\n<li><strong>Inicio Lectivo:<\/strong> 10 de abril de 2024.<\/li>\n<\/ul>\n\n\n\n<p><strong>M\u00c1S INFORMACI\u00d3N:<\/strong> <a href=\"https:\/\/www.flacso.org.ar\/formacion-academica\/escrituras-creatividad-humana-y-comunicacion\/inscripcion\/\" target=\"_blank\" rel=\"noreferrer noopener\">https:\/\/www.flacso.org.ar\/formacion-academica\/escrituras-creatividad-humana-y-comunicacion\/inscripcion\/<\/a><\/p>\n\n\n\n<div class=\"wp-block-buttons is-content-justification-center is-layout-flex wp-container-core-buttons-is-layout-16018d1d wp-block-buttons-is-layout-flex\">\n<div class=\"wp-block-button has-custom-width wp-block-button__width-50\"><a class=\"wp-block-button__link wp-element-button\" href=\"http:\/\/flacso.org.ar\/pagos\" target=\"_blank\" rel=\"noreferrer noopener\">REGISTRO Y PAGO DE INSCRIPCI\u00d3N<\/a><\/div>\n<\/div>\n","protected":false},"excerpt":{"rendered":"<p>El \u00c1rea Educaci\u00f3n &#038; \u00c1rea Comunicaci\u00f3n y Cultura de FLACSO\u2013Argentina apuestan por la innovaci\u00f3n acad\u00e9mica y presentan este Curso de Posgrado Internacional (modalidad virtual) con cooperaci\u00f3n entre Espa\u00f1a y Argentina.<\/p>\n","protected":false},"author":15,"featured_media":14197,"comment_status":"closed","ping_status":"closed","sticky":false,"template":"","format":"standard","meta":{"_jetpack_memberships_contains_paid_content":false,"footnotes":"","jetpack_publicize_message":"","jetpack_publicize_feature_enabled":true,"jetpack_social_post_already_shared":true,"jetpack_social_options":{"image_generator_settings":{"template":"highway","default_image_id":0,"font":"","enabled":false},"version":2}},"categories":[10],"tags":[2034,38,409],"class_list":["post-14196","post","type-post","status-publish","format-standard","has-post-thumbnail","hentry","category-otros-cursos","tag-boletin-4-abril-2024","tag-curso","tag-flacso-argentina","item-wrap"],"jetpack_publicize_connections":[],"jetpack_featured_media_url":"https:\/\/i0.wp.com\/cebem.org\/wp-content\/uploads\/2024\/04\/flacso_02.jpg?fit=650%2C529&ssl=1","jetpack_sharing_enabled":true,"_links":{"self":[{"href":"https:\/\/cebem.org\/index.php?rest_route=\/wp\/v2\/posts\/14196","targetHints":{"allow":["GET"]}}],"collection":[{"href":"https:\/\/cebem.org\/index.php?rest_route=\/wp\/v2\/posts"}],"about":[{"href":"https:\/\/cebem.org\/index.php?rest_route=\/wp\/v2\/types\/post"}],"author":[{"embeddable":true,"href":"https:\/\/cebem.org\/index.php?rest_route=\/wp\/v2\/users\/15"}],"replies":[{"embeddable":true,"href":"https:\/\/cebem.org\/index.php?rest_route=%2Fwp%2Fv2%2Fcomments&post=14196"}],"version-history":[{"count":1,"href":"https:\/\/cebem.org\/index.php?rest_route=\/wp\/v2\/posts\/14196\/revisions"}],"predecessor-version":[{"id":14198,"href":"https:\/\/cebem.org\/index.php?rest_route=\/wp\/v2\/posts\/14196\/revisions\/14198"}],"wp:featuredmedia":[{"embeddable":true,"href":"https:\/\/cebem.org\/index.php?rest_route=\/wp\/v2\/media\/14197"}],"wp:attachment":[{"href":"https:\/\/cebem.org\/index.php?rest_route=%2Fwp%2Fv2%2Fmedia&parent=14196"}],"wp:term":[{"taxonomy":"category","embeddable":true,"href":"https:\/\/cebem.org\/index.php?rest_route=%2Fwp%2Fv2%2Fcategories&post=14196"},{"taxonomy":"post_tag","embeddable":true,"href":"https:\/\/cebem.org\/index.php?rest_route=%2Fwp%2Fv2%2Ftags&post=14196"}],"curies":[{"name":"wp","href":"https:\/\/api.w.org\/{rel}","templated":true}]}}