
{"id":14072,"date":"2024-03-05T16:56:56","date_gmt":"2024-03-05T20:56:56","guid":{"rendered":"https:\/\/cebem.org\/?p=14072"},"modified":"2024-03-05T16:56:57","modified_gmt":"2024-03-05T20:56:57","slug":"seminario-gratuito-introduccion-a-la-gestion-ambiental-en-el-sector-alimentario","status":"publish","type":"post","link":"https:\/\/cebem.org\/?p=14072","title":{"rendered":"Seminario Gratuito: Introducci\u00f3n a la Gesti\u00f3n Ambiental en el Sector Alimentario"},"content":{"rendered":"<div class=\"wp-block-image\">\n<figure class=\"aligncenter size-full\"><img data-recalc-dims=\"1\" fetchpriority=\"high\" decoding=\"async\" width=\"596\" height=\"462\" src=\"https:\/\/i0.wp.com\/cebem.org\/wp-content\/uploads\/2024\/03\/mita_03.jpg?resize=596%2C462&#038;ssl=1\" alt=\"\" class=\"wp-image-14073\" srcset=\"https:\/\/i0.wp.com\/cebem.org\/wp-content\/uploads\/2024\/03\/mita_03.jpg?w=596&amp;ssl=1 596w, https:\/\/i0.wp.com\/cebem.org\/wp-content\/uploads\/2024\/03\/mita_03.jpg?resize=300%2C233&amp;ssl=1 300w\" sizes=\"(max-width: 596px) 100vw, 596px\" \/><\/figure>\n<\/div>\n\n\n<p>Los invitamos a esta conferencia gratuita que abarcara desde las t\u00e9cnicas de preparaci\u00f3n de oleogeles y la elecci\u00f3n de oleogelantes hasta la relaci\u00f3n composici\u00f3n &#8211; rendimiento y el impacto de los oleogeles en la vida \u00fatil de los productos alimenticios, sin dejar de lado las oportunidades que puede tener el uso de materias primas secundarias en el desarrollo sustentable de oleogeles comestibles<\/p>\n\n\n\n<p><strong>Disertantes:<\/strong> Lic. Ver\u00f3nica Giberti, Ing. Ingrid Moreno Triana, Lic. Melina Santomauro<\/p>\n\n\n\n<p><strong>Modalidad: <\/strong>100% online plataforma zoom<\/p>\n\n\n\n<p><strong>Fecha: <\/strong>6 de marzo<\/p>\n\n\n\n<p><strong>Hora: <\/strong>11:30 hora argentina (CUPOS LIMITADOS)<\/p>\n\n\n\n<p><strong>Informaci\u00f3n<\/strong>:<a href=\"https:\/\/v3.esmsv.com\/campaign\/htmlversion?AdministratorID=134712&amp;CampaignID=1028&amp;StatisticID=934&amp;MemberID=48708&amp;s=1310969363159ffff24b0c7430ed429c&amp;isDemo=0\"> <\/a><a href=\"https:\/\/v3.esmsv.com\/campaign\/htmlversion?AdministratorID=134712&amp;CampaignID=1365&amp;StatisticID=1246&amp;MemberID=48708&amp;s=fe47c4a067fe60ac3819dc902c7f0cfa&amp;isDemo=0\" target=\"_blank\" rel=\"noreferrer noopener\">https:\/\/v3.esmsv.com\/campaign\/htmlversion?AdministratorID=134712&amp;CampaignID=1365&amp;StatisticID=1246&amp;MemberID=48708&amp;s=fe47c4a067fe60ac3819dc902c7f0cfa&amp;isDemo=0<\/a><\/p>\n\n\n\n<div class=\"wp-block-columns is-layout-flex wp-container-core-columns-is-layout-9d6595d7 wp-block-columns-is-layout-flex\">\n<div class=\"wp-block-column is-layout-flow wp-block-column-is-layout-flow\">\n<div class=\"wp-block-buttons is-layout-flex wp-block-buttons-is-layout-flex\">\n<div class=\"wp-block-button aligncenter\"><a class=\"wp-block-button__link wp-element-button\" href=\"https:\/\/docs.google.com\/forms\/d\/e\/1FAIpQLSfP1juwGzyd1SLGz0-LvjRqKHWE7hJwEEkl7eaEseimnm8POA\/viewform\" target=\"_blank\" rel=\"noreferrer noopener\">Inscr\u00edbase aqu\u00ed <\/a><\/div>\n<\/div>\n<\/div>\n<\/div>\n","protected":false},"excerpt":{"rendered":"<p>Seminario Gratuito: Introducci\u00f3n a la Gesti\u00f3n Ambiental en el Sector Alimentario<\/p>\n","protected":false},"author":15,"featured_media":14073,"comment_status":"closed","ping_status":"closed","sticky":false,"template":"","format":"standard","meta":{"_jetpack_memberships_contains_paid_content":false,"footnotes":"","jetpack_publicize_message":"","jetpack_publicize_feature_enabled":true,"jetpack_social_post_already_shared":true,"jetpack_social_options":{"image_generator_settings":{"template":"highway","default_image_id":0,"font":"","enabled":false},"version":2}},"categories":[10],"tags":[2019,1855,19],"class_list":["post-14072","post","type-post","status-publish","format-standard","has-post-thumbnail","hentry","category-otros-cursos","tag-boletin-3-marzo-2024","tag-mita-pcyt","tag-seminario","item-wrap"],"jetpack_publicize_connections":[],"jetpack_featured_media_url":"https:\/\/i0.wp.com\/cebem.org\/wp-content\/uploads\/2024\/03\/mita_03.jpg?fit=596%2C462&ssl=1","jetpack_sharing_enabled":true,"_links":{"self":[{"href":"https:\/\/cebem.org\/index.php?rest_route=\/wp\/v2\/posts\/14072","targetHints":{"allow":["GET"]}}],"collection":[{"href":"https:\/\/cebem.org\/index.php?rest_route=\/wp\/v2\/posts"}],"about":[{"href":"https:\/\/cebem.org\/index.php?rest_route=\/wp\/v2\/types\/post"}],"author":[{"embeddable":true,"href":"https:\/\/cebem.org\/index.php?rest_route=\/wp\/v2\/users\/15"}],"replies":[{"embeddable":true,"href":"https:\/\/cebem.org\/index.php?rest_route=%2Fwp%2Fv2%2Fcomments&post=14072"}],"version-history":[{"count":1,"href":"https:\/\/cebem.org\/index.php?rest_route=\/wp\/v2\/posts\/14072\/revisions"}],"predecessor-version":[{"id":14074,"href":"https:\/\/cebem.org\/index.php?rest_route=\/wp\/v2\/posts\/14072\/revisions\/14074"}],"wp:featuredmedia":[{"embeddable":true,"href":"https:\/\/cebem.org\/index.php?rest_route=\/wp\/v2\/media\/14073"}],"wp:attachment":[{"href":"https:\/\/cebem.org\/index.php?rest_route=%2Fwp%2Fv2%2Fmedia&parent=14072"}],"wp:term":[{"taxonomy":"category","embeddable":true,"href":"https:\/\/cebem.org\/index.php?rest_route=%2Fwp%2Fv2%2Fcategories&post=14072"},{"taxonomy":"post_tag","embeddable":true,"href":"https:\/\/cebem.org\/index.php?rest_route=%2Fwp%2Fv2%2Ftags&post=14072"}],"curies":[{"name":"wp","href":"https:\/\/api.w.org\/{rel}","templated":true}]}}