
{"id":14068,"date":"2024-03-05T16:05:41","date_gmt":"2024-03-05T20:05:41","guid":{"rendered":"https:\/\/cebem.org\/?p=14068"},"modified":"2024-03-05T16:05:42","modified_gmt":"2024-03-05T20:05:42","slug":"pensamientos-sobre-sostenibilidad-189","status":"publish","type":"post","link":"https:\/\/cebem.org\/?p=14068","title":{"rendered":"Pensamientos sobre sostenibilidad 189:"},"content":{"rendered":"\n<h3 class=\"wp-block-heading has-text-align-center\"><strong><strong>\u00bfC\u00f3mo se puede se\u00f1alar la forma en que las amenazas del marxismo como el marxismo verde, el marxismo amarillo y el marxismo rojo penetran y cambian el modelo de capitalismo liberal conduciendo que a diferentes estructuras de la guerra fr\u00eda?<\/strong><\/strong><\/h3>\n\n\n\n<p><strong>Por Lucio Mu\u00f1oz:<\/strong> Investigador\/Consultor comparativo cualitativo independiente, Vancouver, BC, Canad\u00e1 <strong>Correo:<\/strong> munoz@interchange.ubc.ca<\/p>\n\n\n<div class=\"wp-block-image\">\n<figure class=\"aligncenter size-full is-resized\"><img data-recalc-dims=\"1\" fetchpriority=\"high\" decoding=\"async\" width=\"286\" height=\"443\" src=\"https:\/\/i0.wp.com\/cebem.org\/wp-content\/uploads\/2024\/03\/ART231f1SPANISH.jpg?resize=286%2C443&#038;ssl=1\" alt=\"\" class=\"wp-image-14069\" style=\"object-fit:cover;width:261px;height:auto\" srcset=\"https:\/\/i0.wp.com\/cebem.org\/wp-content\/uploads\/2024\/03\/ART231f1SPANISH.jpg?w=286&amp;ssl=1 286w, https:\/\/i0.wp.com\/cebem.org\/wp-content\/uploads\/2024\/03\/ART231f1SPANISH.jpg?resize=194%2C300&amp;ssl=1 194w\" sizes=\"(max-width: 286px) 100vw, 286px\" \/><\/figure>\n<\/div>\n\n\n<p><strong>Res\u00famen<\/strong>:<\/p>\n\n\n\n<p class=\"has-text-align-justify\">           Hay tres tipos posible de amenazas del marxismo al capitalismo liberal, que operan atacando brechas de sostenibilidad espec\u00edficas que afectan el funcionamiento del capitalismo liberal. Cuando cualquiera de estas amenazas conduce a un cambio de paradigma, el capitalismo liberal pasa a un modelo basado en la dictadura asociado con la internalizaci\u00f3n de brechas de sostenibilidad espec\u00edficas y con la externalizaci\u00f3n de los valores centrales del paradigma dominante anterior. Por ejemplo, el marxismo rojo hizo que el capitalismo liberal pasara de ser un modelo de libertad econ\u00f3mica sin igualdad a un modelo de igualdad social sin libertad, dejando atr\u00e1s los valores del capitalismo liberal. Cada tipo de modelo marxista conduce a un tipo diferente de estructura de guerra fr\u00eda una vez que se producen cambios de paradigma. Y esto lleva a las preguntas: \u00bfC\u00f3mo se puede se\u00f1alar la forma en que las amenazas del marxismo, como el marxismo verde, el marxismo amarillo y el marxismo rojo, penetran y cambian el modelo de capitalismo liberal conduciendo a diferentes estructuras de la guerra fr\u00eda? \u00bfCu\u00e1les son las implicaciones de esto? Uno de los objetivos de este art\u00edculo es proporcionar respuestas a esas preguntas.<\/p>\n\n\n\n<div data-wp-interactive=\"core\/file\" class=\"wp-block-file\"><object data-wp-bind--hidden=\"!state.hasPdfPreview\" hidden class=\"wp-block-file__embed\" data=\"https:\/\/cebem.org\/wp-content\/uploads\/2024\/03\/ART231.pdf\" type=\"application\/pdf\" style=\"width:100%;height:600px\" aria-label=\"Incrustado de Descarga  el art\u00edculo completo (ingles).\"><\/object><a id=\"wp-block-file--media-ec7f1d9f-ee0f-4d36-af10-2c8aa9ccb6c7\" href=\"https:\/\/cebem.org\/wp-content\/uploads\/2024\/03\/ART231.pdf\" target=\"_blank\" rel=\"noreferrer noopener\">Descarga  el art\u00edculo completo (ingles)<\/a><a href=\"https:\/\/cebem.org\/wp-content\/uploads\/2024\/03\/ART231.pdf\" class=\"wp-block-file__button wp-element-button\" download aria-describedby=\"wp-block-file--media-ec7f1d9f-ee0f-4d36-af10-2c8aa9ccb6c7\">Descarga<\/a><\/div>\n","protected":false},"excerpt":{"rendered":"<p>\u00bfC\u00f3mo se puede se\u00f1alar la forma en que las amenazas del marxismo como el marxismo verde, el marxismo amarillo y el marxismo rojo penetran y cambian el modelo de capitalismo liberal conduciendo que a diferentes estructuras de la guerra fr\u00eda?<\/p>\n","protected":false},"author":15,"featured_media":14069,"comment_status":"closed","ping_status":"closed","sticky":false,"template":"","format":"standard","meta":{"_jetpack_memberships_contains_paid_content":false,"footnotes":"","jetpack_publicize_message":"","jetpack_publicize_feature_enabled":true,"jetpack_social_post_already_shared":true,"jetpack_social_options":{"image_generator_settings":{"template":"highway","default_image_id":0,"font":"","enabled":false},"version":2}},"categories":[7],"tags":[1095,2019,74],"class_list":["post-14068","post","type-post","status-publish","format-standard","has-post-thumbnail","hentry","category-otras-publicaciones","tag-articulo-2","tag-boletin-3-marzo-2024","tag-libro","item-wrap"],"jetpack_publicize_connections":[],"jetpack_featured_media_url":"https:\/\/i0.wp.com\/cebem.org\/wp-content\/uploads\/2024\/03\/ART231f1SPANISH.jpg?fit=286%2C443&ssl=1","jetpack_sharing_enabled":true,"_links":{"self":[{"href":"https:\/\/cebem.org\/index.php?rest_route=\/wp\/v2\/posts\/14068","targetHints":{"allow":["GET"]}}],"collection":[{"href":"https:\/\/cebem.org\/index.php?rest_route=\/wp\/v2\/posts"}],"about":[{"href":"https:\/\/cebem.org\/index.php?rest_route=\/wp\/v2\/types\/post"}],"author":[{"embeddable":true,"href":"https:\/\/cebem.org\/index.php?rest_route=\/wp\/v2\/users\/15"}],"replies":[{"embeddable":true,"href":"https:\/\/cebem.org\/index.php?rest_route=%2Fwp%2Fv2%2Fcomments&post=14068"}],"version-history":[{"count":1,"href":"https:\/\/cebem.org\/index.php?rest_route=\/wp\/v2\/posts\/14068\/revisions"}],"predecessor-version":[{"id":14071,"href":"https:\/\/cebem.org\/index.php?rest_route=\/wp\/v2\/posts\/14068\/revisions\/14071"}],"wp:featuredmedia":[{"embeddable":true,"href":"https:\/\/cebem.org\/index.php?rest_route=\/wp\/v2\/media\/14069"}],"wp:attachment":[{"href":"https:\/\/cebem.org\/index.php?rest_route=%2Fwp%2Fv2%2Fmedia&parent=14068"}],"wp:term":[{"taxonomy":"category","embeddable":true,"href":"https:\/\/cebem.org\/index.php?rest_route=%2Fwp%2Fv2%2Fcategories&post=14068"},{"taxonomy":"post_tag","embeddable":true,"href":"https:\/\/cebem.org\/index.php?rest_route=%2Fwp%2Fv2%2Ftags&post=14068"}],"curies":[{"name":"wp","href":"https:\/\/api.w.org\/{rel}","templated":true}]}}