
{"id":13972,"date":"2024-02-05T11:49:30","date_gmt":"2024-02-05T15:49:30","guid":{"rendered":"https:\/\/cebem.org\/?p=13972"},"modified":"2024-02-05T11:49:33","modified_gmt":"2024-02-05T15:49:33","slug":"culturas-y-narrativas-para-la-infancia-y-la-juventud","status":"publish","type":"post","link":"https:\/\/cebem.org\/?p=13972","title":{"rendered":"Culturas y narrativas para la infancia y la juventud"},"content":{"rendered":"<div class=\"wp-block-image\">\n<figure class=\"aligncenter size-full\"><img data-recalc-dims=\"1\" fetchpriority=\"high\" decoding=\"async\" width=\"700\" height=\"465\" src=\"https:\/\/i0.wp.com\/cebem.org\/wp-content\/uploads\/2024\/02\/diploma-culturas-y-narrativa-2023-1.jpg?resize=700%2C465&#038;ssl=1\" alt=\"\" class=\"wp-image-13974\" srcset=\"https:\/\/i0.wp.com\/cebem.org\/wp-content\/uploads\/2024\/02\/diploma-culturas-y-narrativa-2023-1.jpg?w=700&amp;ssl=1 700w, https:\/\/i0.wp.com\/cebem.org\/wp-content\/uploads\/2024\/02\/diploma-culturas-y-narrativa-2023-1.jpg?resize=300%2C199&amp;ssl=1 300w, https:\/\/i0.wp.com\/cebem.org\/wp-content\/uploads\/2024\/02\/diploma-culturas-y-narrativa-2023-1.jpg?resize=600%2C399&amp;ssl=1 600w\" sizes=\"(max-width: 700px) 100vw, 700px\" \/><\/figure>\n<\/div>\n\n\n<p>El Diplomado Culturas y narrativas para la infancia y la juventud (8va cohorte 2024), organizado por la FLACSO Argentina. <\/p>\n\n\n\n<p>Propone una mirada sobre las experiencias, los consumos y las pr\u00e1cticas culturales de ni\u00f1as, ni\u00f1os y j\u00f3venes en el mundo contempor\u00e1neo.<\/p>\n\n\n\n<p class=\"has-text-align-justify\">El Diplomado se organiza en clases y espacios de producci\u00f3n e investigaci\u00f3n con docentes de diversas disciplinas que cruzan a las culturas infantiles y juveniles.<\/p>\n\n\n\n<h4 class=\"wp-block-heading\"><strong>Modalidad a distancia<\/strong><\/h4>\n\n\n\n<p>Inicio: 17 de abril de 2024<\/p>\n\n\n\n<p>Per\u00edodo lectivo: abril a diciembre de 2024. Duraci\u00f3n: 9 meses.<\/p>\n\n\n\n<p>Denominaci\u00f3n de la carrera: Diploma Superior en Culturas y Narrativas para la infancia y la juventud.<\/p>\n\n\n\n<p>T\u00edtulo que otorga: Diplomado Superior en Culturas y Narrativas para la infancia y la juventud (T\u00edtulo propio).<\/p>\n\n\n\n<p>Grado acad\u00e9mico: Posgrado. Modalidad a distancia<\/p>\n\n\n\n<p class=\"has-text-align-justify\">El Diploma Superior se desarrollara en la base de un campus virtual al que se ingresa a trav\u00e9s de una clave personal que se otorga a los alumnos\/as al inicio de las actividades. El campus dispone de diferentes recursos para la interacci\u00f3n de docentes y alumnos\/as.<\/p>\n\n\n\n<p>Coordinaci\u00f3n acad\u00e9mica: Patricia Ferrante y Natalia Sternschein<\/p>\n\n\n\n<p>Asesor\u00eda: Mariana Enr\u00edquez<\/p>\n\n\n\n<p>Idea y desarrollo del curso: Patricia Ferrante<\/p>\n\n\n\n<h4 class=\"wp-block-heading\">INFORMES<\/h4>\n\n\n\n<p>Coordinadora t\u00e9cnica: Eliana Recalde<\/p>\n\n\n\n<p>Consultas: narrativas@flacso.org.ar FLACSO<\/p>\n\n\n\n<p>Modalidad de pago: <a href=\"https:\/\/flacso.org.ar\/pagos\/\">https:\/\/flacso.org.ar\/pagos\/<\/a><\/p>\n\n\n\n<p>M\u00e1s informaci\u00f3n: <a href=\"https:\/\/www.flacso.org.ar\/wp-content\/uploads\/2023\/12\/Programa-Diploma-Superior-Culturas-y-narrativas-para-la-infancia-y-la-juventud-2024.pdf\" target=\"_blank\" rel=\"noreferrer noopener\">Programa-Diploma-Superior-Culturas-y-narrativas-para-la-infancia-y-la-juventud-2024.pdf (flacso.org.ar)<\/a><\/p>\n\n\n\n<h4 class=\"wp-block-heading\">FLACSO Argentina<\/h4>\n\n\n\n<p>Tucum\u00e1n 1966 (C1050AAN). Ciudad Aut\u00f3noma de Buenos Aires, Argentina.<\/p>\n","protected":false},"excerpt":{"rendered":"<p>El Diplomado Culturas y narrativas para la infancia y la juventud (8va cohorte 2024), organizado por la FLACSO Argentina. Propone una mirada sobre las experiencias, los consumos y las pr\u00e1cticas culturales de ni\u00f1as, ni\u00f1os y j\u00f3venes en el mundo contempor\u00e1neo. El Diplomado se organiza en clases y espacios de producci\u00f3n e investigaci\u00f3n con docentes de &hellip; <\/p>\n<p><a class=\"more-link btn\" href=\"https:\/\/cebem.org\/?p=13972\">Seguir leyendo<\/a><\/p>\n","protected":false},"author":12,"featured_media":13974,"comment_status":"closed","ping_status":"closed","sticky":false,"template":"","format":"standard","meta":{"_jetpack_memberships_contains_paid_content":false,"footnotes":"","jetpack_publicize_message":"","jetpack_publicize_feature_enabled":true,"jetpack_social_post_already_shared":true,"jetpack_social_options":{"image_generator_settings":{"template":"highway","default_image_id":0,"font":"","enabled":false},"version":2}},"categories":[10],"tags":[2005,2018,1169,409],"class_list":["post-13972","post","type-post","status-publish","format-standard","has-post-thumbnail","hentry","category-otros-cursos","tag-boletin-1-enero-2024-2","tag-culturas-y-narrativas-para-la-infancia-y-la-juventud","tag-diplomado-superior","tag-flacso-argentina","item-wrap"],"jetpack_publicize_connections":[],"jetpack_featured_media_url":"https:\/\/i0.wp.com\/cebem.org\/wp-content\/uploads\/2024\/02\/diploma-culturas-y-narrativa-2023-1.jpg?fit=700%2C465&ssl=1","jetpack_sharing_enabled":true,"_links":{"self":[{"href":"https:\/\/cebem.org\/index.php?rest_route=\/wp\/v2\/posts\/13972","targetHints":{"allow":["GET"]}}],"collection":[{"href":"https:\/\/cebem.org\/index.php?rest_route=\/wp\/v2\/posts"}],"about":[{"href":"https:\/\/cebem.org\/index.php?rest_route=\/wp\/v2\/types\/post"}],"author":[{"embeddable":true,"href":"https:\/\/cebem.org\/index.php?rest_route=\/wp\/v2\/users\/12"}],"replies":[{"embeddable":true,"href":"https:\/\/cebem.org\/index.php?rest_route=%2Fwp%2Fv2%2Fcomments&post=13972"}],"version-history":[{"count":4,"href":"https:\/\/cebem.org\/index.php?rest_route=\/wp\/v2\/posts\/13972\/revisions"}],"predecessor-version":[{"id":13978,"href":"https:\/\/cebem.org\/index.php?rest_route=\/wp\/v2\/posts\/13972\/revisions\/13978"}],"wp:featuredmedia":[{"embeddable":true,"href":"https:\/\/cebem.org\/index.php?rest_route=\/wp\/v2\/media\/13974"}],"wp:attachment":[{"href":"https:\/\/cebem.org\/index.php?rest_route=%2Fwp%2Fv2%2Fmedia&parent=13972"}],"wp:term":[{"taxonomy":"category","embeddable":true,"href":"https:\/\/cebem.org\/index.php?rest_route=%2Fwp%2Fv2%2Fcategories&post=13972"},{"taxonomy":"post_tag","embeddable":true,"href":"https:\/\/cebem.org\/index.php?rest_route=%2Fwp%2Fv2%2Ftags&post=13972"}],"curies":[{"name":"wp","href":"https:\/\/api.w.org\/{rel}","templated":true}]}}