
{"id":13738,"date":"2023-10-30T17:45:17","date_gmt":"2023-10-30T21:45:17","guid":{"rendered":"https:\/\/cebem.org\/?p=13738"},"modified":"2023-10-30T17:45:18","modified_gmt":"2023-10-30T21:45:18","slug":"postgrado-en-ecologia-tropical-del-instituto-de-ciencias-ambientales-y-ecologicas-de-la-universidad-de-los-andes","status":"publish","type":"post","link":"https:\/\/cebem.org\/?p=13738","title":{"rendered":"Postgrado en Ecolog\u00eda Tropical del Instituto de Ciencias Ambientales y Ecol\u00f3gicas de la Universidad de Los Andes"},"content":{"rendered":"\n<p>Postgrado en Ecolog\u00eda Tropical del Instituto de Ciencias Ambientales y Ecol\u00f3gicas de la Universidad de Los Andes, en Venezuela. El presente mensaje tiene por objeto enviarles la informaci\u00f3n referente a la oferta<br>del Curso Ecosistemas y Agroecosistemas I.<\/p>\n\n\n\n<p>Ecolog\u00eda de Ecosistemas y Agroecosistemas I, es un curso de formaci\u00f3n avanzada, presencial y\/o a distancia, seg\u00fan elecci\u00f3n del participante. El contenido forma parte del curso que de manera regular se imparte en<br>la escolaridad del programa de Maestr\u00eda en Ecolog\u00eda Tropical, pero en este caso puede ser tomado de manera individual como curso acreditado por el Consejo de Estudios de Postgrado de la Universidad de Los Andes (Venezuela), no conducente a grado. Las inscripciones est\u00e1n abiertas hasta el 08 de noviembre y la duraci\u00f3n ser\u00e1 del 13 al 27 de noviembre.<\/p>\n\n\n\n<div data-wp-interactive=\"core\/file\" class=\"wp-block-file\"><object data-wp-bind--hidden=\"!state.hasPdfPreview\" hidden class=\"wp-block-file__embed\" data=\"https:\/\/cebem.org\/wp-content\/uploads\/2023\/10\/1Programa-Ecosistemas-y-Agroecosistemas-I-nac.pdf\" type=\"application\/pdf\" style=\"width:100%;height:600px\" aria-label=\"Incrustado de Programa Ecosistemas y Agroecosistemas.\"><\/object><a id=\"wp-block-file--media-d01b1d93-02eb-4c88-9300-d42d81df540a\" href=\"https:\/\/cebem.org\/wp-content\/uploads\/2023\/10\/1Programa-Ecosistemas-y-Agroecosistemas-I-nac.pdf\" target=\"_blank\" rel=\"noreferrer noopener\">Programa Ecosistemas y Agroecosistemas<\/a><a href=\"https:\/\/cebem.org\/wp-content\/uploads\/2023\/10\/1Programa-Ecosistemas-y-Agroecosistemas-I-nac.pdf\" class=\"wp-block-file__button wp-element-button\" download aria-describedby=\"wp-block-file--media-d01b1d93-02eb-4c88-9300-d42d81df540a\">Descarga<\/a><\/div>\n","protected":false},"excerpt":{"rendered":"<p>Postgrado en Ecolog\u00eda Tropical del Instituto de Ciencias Ambientales y Ecol\u00f3gicas de la Universidad de Los Andes, inscripci\u00f3n hasta el 8 de noviembre<\/p>\n","protected":false},"author":15,"featured_media":13740,"comment_status":"closed","ping_status":"closed","sticky":false,"template":"","format":"standard","meta":{"_jetpack_memberships_contains_paid_content":false,"footnotes":"","jetpack_publicize_message":"","jetpack_publicize_feature_enabled":true,"jetpack_social_post_already_shared":true,"jetpack_social_options":{"image_generator_settings":{"template":"highway","default_image_id":0,"font":"","enabled":false},"version":2}},"categories":[1,10],"tags":[1993,1991,1992],"class_list":["post-13738","post","type-post","status-publish","format-standard","has-post-thumbnail","hentry","category-noticias","category-otros-cursos","tag-boletin-11-noviembre-2023","tag-ecosistemas-y-agroecosistemas","tag-universidad-de-los-andes","item-wrap"],"jetpack_publicize_connections":[],"jetpack_featured_media_url":"https:\/\/i0.wp.com\/cebem.org\/wp-content\/uploads\/2023\/10\/3ra-promocion-Curso-Ecosistemas-y-Agroecosistemas.png?fit=1110%2C1477&ssl=1","jetpack_sharing_enabled":true,"_links":{"self":[{"href":"https:\/\/cebem.org\/index.php?rest_route=\/wp\/v2\/posts\/13738","targetHints":{"allow":["GET"]}}],"collection":[{"href":"https:\/\/cebem.org\/index.php?rest_route=\/wp\/v2\/posts"}],"about":[{"href":"https:\/\/cebem.org\/index.php?rest_route=\/wp\/v2\/types\/post"}],"author":[{"embeddable":true,"href":"https:\/\/cebem.org\/index.php?rest_route=\/wp\/v2\/users\/15"}],"replies":[{"embeddable":true,"href":"https:\/\/cebem.org\/index.php?rest_route=%2Fwp%2Fv2%2Fcomments&post=13738"}],"version-history":[{"count":1,"href":"https:\/\/cebem.org\/index.php?rest_route=\/wp\/v2\/posts\/13738\/revisions"}],"predecessor-version":[{"id":13741,"href":"https:\/\/cebem.org\/index.php?rest_route=\/wp\/v2\/posts\/13738\/revisions\/13741"}],"wp:featuredmedia":[{"embeddable":true,"href":"https:\/\/cebem.org\/index.php?rest_route=\/wp\/v2\/media\/13740"}],"wp:attachment":[{"href":"https:\/\/cebem.org\/index.php?rest_route=%2Fwp%2Fv2%2Fmedia&parent=13738"}],"wp:term":[{"taxonomy":"category","embeddable":true,"href":"https:\/\/cebem.org\/index.php?rest_route=%2Fwp%2Fv2%2Fcategories&post=13738"},{"taxonomy":"post_tag","embeddable":true,"href":"https:\/\/cebem.org\/index.php?rest_route=%2Fwp%2Fv2%2Ftags&post=13738"}],"curies":[{"name":"wp","href":"https:\/\/api.w.org\/{rel}","templated":true}]}}