
{"id":13725,"date":"2023-10-25T17:02:56","date_gmt":"2023-10-25T21:02:56","guid":{"rendered":"https:\/\/cebem.org\/?p=13725"},"modified":"2023-10-30T17:09:52","modified_gmt":"2023-10-30T21:09:52","slug":"presentacion-de-los-libros-en-el-departamento-de-la-paz","status":"publish","type":"post","link":"https:\/\/cebem.org\/?p=13725","title":{"rendered":"Presentaci\u00f3n de los Libros en el departamento de La Paz"},"content":{"rendered":"\n<p>Estimados seguidores, nos es grato informarles que el d\u00eda viernes 27 de octubre, se presenta los libros:<\/p>\n\n\n\n<ul class=\"wp-block-list\">\n<li>Ensayos Censales.<\/li>\n\n\n\n<li>Poblaci\u00f3n y Equipamientos Urbanos: Ciudades, Asentamiento Urbano y Metropolizaci\u00f3n.<\/li>\n\n\n\n<li>Estrategia de Incidencias Pol\u00edticas.<\/li>\n<\/ul>\n\n\n\n<p>en el Sal\u00f3n de Honor Carrera de Ciencias Pol\u00edticas UMSA<\/p>\n\n\n<div class=\"wp-block-image\">\n<figure class=\"aligncenter size-large is-resized\"><img data-recalc-dims=\"1\" fetchpriority=\"high\" decoding=\"async\" width=\"750\" height=\"750\" src=\"https:\/\/i0.wp.com\/cebem.org\/wp-content\/uploads\/2023\/10\/presentacion-libros3-27-10-LP.png?resize=750%2C750&#038;ssl=1\" alt=\"\" class=\"wp-image-13726\" style=\"width:512px;height:512px\" srcset=\"https:\/\/i0.wp.com\/cebem.org\/wp-content\/uploads\/2023\/10\/presentacion-libros3-27-10-LP.png?resize=1024%2C1024&amp;ssl=1 1024w, https:\/\/i0.wp.com\/cebem.org\/wp-content\/uploads\/2023\/10\/presentacion-libros3-27-10-LP.png?resize=300%2C300&amp;ssl=1 300w, https:\/\/i0.wp.com\/cebem.org\/wp-content\/uploads\/2023\/10\/presentacion-libros3-27-10-LP.png?resize=150%2C150&amp;ssl=1 150w, https:\/\/i0.wp.com\/cebem.org\/wp-content\/uploads\/2023\/10\/presentacion-libros3-27-10-LP.png?resize=768%2C768&amp;ssl=1 768w, https:\/\/i0.wp.com\/cebem.org\/wp-content\/uploads\/2023\/10\/presentacion-libros3-27-10-LP.png?resize=600%2C600&amp;ssl=1 600w, https:\/\/i0.wp.com\/cebem.org\/wp-content\/uploads\/2023\/10\/presentacion-libros3-27-10-LP.png?resize=750%2C750&amp;ssl=1 750w, https:\/\/i0.wp.com\/cebem.org\/wp-content\/uploads\/2023\/10\/presentacion-libros3-27-10-LP.png?w=1080&amp;ssl=1 1080w\" sizes=\"(max-width: 750px) 100vw, 750px\" \/><\/figure>\n<\/div>","protected":false},"excerpt":{"rendered":"<p>Presentaci\u00f3n de los Libros en el departamento de La Paz, viernes 27 de octubre, Sal\u00f3n de Honor Carrera de Ciencias Pol\u00edticas UMSA<\/p>\n","protected":false},"author":15,"featured_media":13726,"comment_status":"closed","ping_status":"closed","sticky":false,"template":"","format":"standard","meta":{"_jetpack_memberships_contains_paid_content":false,"footnotes":"","jetpack_publicize_message":"","jetpack_publicize_feature_enabled":false,"jetpack_social_post_already_shared":false,"jetpack_social_options":{"image_generator_settings":{"template":"highway","default_image_id":0,"font":"","enabled":false},"version":2}},"categories":[1955,1543],"tags":[1892,1831,74],"class_list":["post-13725","post","type-post","status-publish","format-standard","has-post-thumbnail","hentry","category-conversatorios-semininarios-talleres","category-rutacenso","tag-censo-2024","tag-la-ruta-del-censo","tag-libro","item-wrap"],"jetpack_publicize_connections":[],"jetpack_featured_media_url":"https:\/\/i0.wp.com\/cebem.org\/wp-content\/uploads\/2023\/10\/presentacion-libros3-27-10-LP.png?fit=1080%2C1080&ssl=1","jetpack_sharing_enabled":true,"_links":{"self":[{"href":"https:\/\/cebem.org\/index.php?rest_route=\/wp\/v2\/posts\/13725","targetHints":{"allow":["GET"]}}],"collection":[{"href":"https:\/\/cebem.org\/index.php?rest_route=\/wp\/v2\/posts"}],"about":[{"href":"https:\/\/cebem.org\/index.php?rest_route=\/wp\/v2\/types\/post"}],"author":[{"embeddable":true,"href":"https:\/\/cebem.org\/index.php?rest_route=\/wp\/v2\/users\/15"}],"replies":[{"embeddable":true,"href":"https:\/\/cebem.org\/index.php?rest_route=%2Fwp%2Fv2%2Fcomments&post=13725"}],"version-history":[{"count":1,"href":"https:\/\/cebem.org\/index.php?rest_route=\/wp\/v2\/posts\/13725\/revisions"}],"predecessor-version":[{"id":13727,"href":"https:\/\/cebem.org\/index.php?rest_route=\/wp\/v2\/posts\/13725\/revisions\/13727"}],"wp:featuredmedia":[{"embeddable":true,"href":"https:\/\/cebem.org\/index.php?rest_route=\/wp\/v2\/media\/13726"}],"wp:attachment":[{"href":"https:\/\/cebem.org\/index.php?rest_route=%2Fwp%2Fv2%2Fmedia&parent=13725"}],"wp:term":[{"taxonomy":"category","embeddable":true,"href":"https:\/\/cebem.org\/index.php?rest_route=%2Fwp%2Fv2%2Fcategories&post=13725"},{"taxonomy":"post_tag","embeddable":true,"href":"https:\/\/cebem.org\/index.php?rest_route=%2Fwp%2Fv2%2Ftags&post=13725"}],"curies":[{"name":"wp","href":"https:\/\/api.w.org\/{rel}","templated":true}]}}