
{"id":13698,"date":"2023-10-24T16:39:20","date_gmt":"2023-10-24T20:39:20","guid":{"rendered":"https:\/\/cebem.org\/?p=13698"},"modified":"2024-01-15T16:43:02","modified_gmt":"2024-01-15T20:43:02","slug":"curso-taller-gerenciamiento-de-indicadores-kpis-edicion-especial-limitada","status":"publish","type":"post","link":"https:\/\/cebem.org\/?p=13698","title":{"rendered":"Curso Taller: Gerenciamiento de Indicadores (KPIs) &#8211; Edici\u00f3n Especial (limitada)"},"content":{"rendered":"\n<h3 class=\"wp-block-heading has-text-align-center\" id=\"modalidad-sincronica-via-zoom\"> <strong><em>Modalidad Sincr\u00f3nica v\u00eda ZOOM<\/em><\/strong> <\/h3>\n\n\n\n<h3 class=\"wp-block-heading has-text-align-center\" id=\"4-5-y-6-de-febrero-de-2022\">1 y 2 de diciembre <strong>de 202<\/strong>3<\/h3>\n\n\n<div class=\"wp-block-image\">\n<figure class=\"aligncenter size-full\"><img data-recalc-dims=\"1\" fetchpriority=\"high\" decoding=\"async\" width=\"350\" height=\"398\" src=\"https:\/\/i0.wp.com\/cebem.org\/wp-content\/uploads\/2023\/10\/img.fw_.png?resize=350%2C398&#038;ssl=1\" alt=\"\" class=\"wp-image-13701\" srcset=\"https:\/\/i0.wp.com\/cebem.org\/wp-content\/uploads\/2023\/10\/img.fw_.png?w=350&amp;ssl=1 350w, https:\/\/i0.wp.com\/cebem.org\/wp-content\/uploads\/2023\/10\/img.fw_.png?resize=264%2C300&amp;ssl=1 264w\" sizes=\"(max-width: 350px) 100vw, 350px\" \/><\/figure>\n<\/div>\n\n\n<h4 class=\"wp-block-heading has-vivid-purple-color has-text-color\" id=\"contenido\">TEMAS CENTRALES:<\/h4>\n\n\n\n<ul class=\"wp-block-list\">\n<li><strong>Indicadores:<\/strong> Marco conceptual, formulaci\u00f3n de indicadores, tipos de indicadores. &nbsp;Ejercicios y din\u00e1micas pr\u00e1cticas.<\/li>\n\n\n\n<li><strong>Gerenciamiento de Indicadores basados en KPIs (Estrat\u00e9gicos y T\u00e1cticos):<\/strong> Indicadores (KPIs) y Business Intelligence para la toma de decisiones. Ejercicios y din\u00e1micas pr\u00e1cticas.<\/li>\n<\/ul>\n\n\n\n<h4 class=\"wp-block-heading has-vivid-purple-color has-text-color\" id=\"contenido\">D\u00cdAS Y HORARIOS:<\/h4>\n\n\n\n<p><strong>Sesiones Sincr\u00f3nicas:<\/strong><\/p>\n\n\n\n<ul class=\"wp-block-list\" id=\"block-dfcc306f-abe1-4546-8f5c-0a2565bf5e13\">\n<li>Viernes 1 de diciembre de 2023,\u00a0 de 16:00 \u2013 20:00<\/li>\n\n\n\n<li>S\u00e1bado 2 de diciembre de 2023, de 09:00 a. &#8211; 12:00 pm<\/li>\n<\/ul>\n\n\n\n<h4 class=\"wp-block-heading has-vivid-purple-color has-text-color\"><strong>CURSO TALLER:<\/strong><\/h4>\n\n\n\n<ul class=\"wp-block-list\">\n<li><strong>80% pr\u00e1ctico; 20% bases conceptuales<\/strong><\/li>\n<\/ul>\n\n\n\n<h4 class=\"wp-block-heading has-vivid-purple-color has-text-color\"><strong>DIRIGIDO A:<\/strong><\/h4>\n\n\n\n<ul class=\"wp-block-list\">\n<li>Gerentes, directores, jefes, responsables, coordinadores, analistas de informaci\u00f3n, etc., que formen parte de procesos de gerenciamiento, planificaci\u00f3n, implementaci\u00f3n, seguimiento, evaluaci\u00f3n, an\u00e1lisis y toma decisiones con especial \u00e9nfasis en los niveles estrat\u00e9gicos, t\u00e1ctico y correspondencia a nivel operativo.<\/li>\n\n\n\n<li>Personal de diferentes \u00e1reas funcionales de organizaciones del tercer sector, sector p\u00fablico y privado.<\/li>\n\n\n\n<li>Personal vinculado a programas y proyectos interesados en fortalecer capacidades e indicadores de gesti\u00f3n y su gerenciamiento.<\/li>\n<\/ul>\n\n\n\n<h4 class=\"wp-block-heading has-vivid-purple-color has-text-color\" id=\"facilitadora\"><strong>FACILITADORA<\/strong>:<\/h4>\n\n\n<div class=\"wp-block-image\">\n<figure class=\"alignleft size-large is-resized\"><img data-recalc-dims=\"1\" decoding=\"async\" width=\"330\" height=\"257\" src=\"https:\/\/i0.wp.com\/cebem.org\/wp-content\/uploads\/2018\/04\/Evelin-troche.jpg?resize=330%2C257&#038;ssl=1\" alt=\"\" class=\"wp-image-3374\" style=\"width:160px;height:125px\" srcset=\"https:\/\/i0.wp.com\/cebem.org\/wp-content\/uploads\/2018\/04\/Evelin-troche.jpg?w=330&amp;ssl=1 330w, https:\/\/i0.wp.com\/cebem.org\/wp-content\/uploads\/2018\/04\/Evelin-troche.jpg?resize=300%2C234&amp;ssl=1 300w\" sizes=\"(max-width: 330px) 100vw, 330px\" \/><\/figure>\n<\/div>\n\n\n<p class=\"has-text-align-justify\"><strong>Evelin Troche Araujo,<\/strong> Consultora, Asesora Senior y Economista de profesi\u00f3n, cuenta con alrededor 20 a\u00f1os de experiencia en el sector del desarrollo socio econ\u00f3mico, liderando y gerenciando procesos, programas y proyectos de desarrollo socio econ\u00f3mico en organizaciones sociales y privadas en las \u00e1reas de planificaci\u00f3n y direcci\u00f3n estrat\u00e9gica, operaciones, dise\u00f1o (planeaci\u00f3n), monitoreo y evaluaci\u00f3n, gerencia por resultados, gerencia de programas y proyectos, gerenciamiento de procesos estrat\u00e9gicos institucionales, gesti\u00f3n de la calidad e innovaci\u00f3n, liderazgo organizacional, entre otros campos. Cuenta adem\u00e1s con amplia experiencia en el manejo del ciclo de gesti\u00f3n del aprendizaje, desarrollo de capacidades y competencias, y metodolog\u00edas relacionadas. Se ha desempe\u00f1ado y desempe\u00f1a tambi\u00e9n como docente y facilitadora (desarrollo de capacidades y competencias).<\/p>\n\n\n\n<p class=\"has-text-align-justify\"><strong>Evelin Troche<\/strong> ha realizado estudios de Postgrado en varios campos multidisciplinarios, destacando entre ellos, Direcci\u00f3n y Administraci\u00f3n de Empresas, EEN;&nbsp;Experto en Management Empresarial, EEN; Pensamiento Estrat\u00e9gico para Directores Ejecutivos, University of Cambridge, Liderazgo Organizacional en Instituto Tecnol\u00f3gico y de Estudios Superiores de Monterrey (ITSEM, M\u00e9xico); Educaci\u00f3n Superior, Universidad Del Valle; Certificada en Project Management for Development Professionals \u2013 PMD Pro, APMG Group International, entre otros.&nbsp;<\/p>\n\n\n\n<h4 class=\"wp-block-heading has-vivid-purple-color has-text-color\" id=\"inversion\"><strong>INVERSI\u00d3N:<\/strong><\/h4>\n\n\n\n<p id=\"inversion\"> Para Bolivia Bs. 300 (bolivianos) y para fuera de Bolivia $us. 43(d\u00f3lares) por participante. <\/p>\n\n\n\t\t\t\t\t\t<style>\r\n\t\t\t\t\r\n\t\t\t\t\t#tab_container_13699 {\r\n\toverflow:hidden;\r\n\tdisplay:block;\r\n\twidth:100%;\r\n\tborder:0px solid #ddd;\r\n\tmargin-bottom:30px;\r\n\t}\r\n\r\n#tab_container_13699 .tab-content{\r\n\tpadding:20px;\r\n\tborder: 1px solid #e6e6e6 !important;\r\n\tmargin-top: 0px;\r\n\tbackground-color:#ffffff !important;\r\n\tcolor: #000000 !important;\r\n\tfont-size:15px !important;\r\n\tfont-family: Arial !important;\r\n\t\r\n\t\tborder: 1px solid #e6e6e6 !important;\r\n\t}\r\n#tab_container_13699 .wpsm_nav-tabs {\r\n    border-bottom: 0px solid #ddd;\r\n}\r\n#tab_container_13699 .wpsm_nav-tabs > li.active > a, #tab_container_13699 .wpsm_nav-tabs > li.active > a:hover, #tab_container_13699 .wpsm_nav-tabs > li.active > a:focus {\r\n\tcolor: #000000 !important;\r\n\tcursor: default;\r\n\tbackground-color: #ffffff !important;\r\n\tborder: 1px solid #e6e6e6 !important;\r\n}\r\n\r\n#tab_container_13699 .wpsm_nav-tabs > li > a {\r\n    margin-right: 0px !important; \r\n    line-height: 1.42857143 !important;\r\n    border: 1px solid #0080d0 !important;\r\n    border-radius: 0px 0px 0 0 !important; \r\n\tbackground-color: #0693e3 !important;\r\n\tcolor: #ffffff !important;\r\n\tpadding: 15px 18px 15px 18px !important;\r\n\ttext-decoration: none !important;\r\n\tfont-size: 14px !important;\r\n\ttext-align:center !important;\r\n\tfont-family: Arial !important;\r\n}\r\n#tab_container_13699 .wpsm_nav-tabs > li > a:focus {\r\noutline: 0px !important;\r\n}\r\n\r\n#tab_container_13699 .wpsm_nav-tabs > li > a:before {\r\n\tdisplay:none !important;\r\n}\r\n#tab_container_13699 .wpsm_nav-tabs > li > a:after {\r\n\tdisplay:none !important ;\r\n}\r\n#tab_container_13699 .wpsm_nav-tabs > li{\r\npadding:0px !important ;\r\nmargin:0px;\r\n}\r\n\r\n#tab_container_13699 .wpsm_nav-tabs > li > a:hover , #tab_container_13699 .wpsm_nav-tabs > li > a:focus {\r\n    color: #ffffff !important;\r\n    background-color: #0693e3 !important;\r\n\tborder: 1px solid #0080d0 !important;\r\n\t\r\n}\r\n#tab_container_13699 .wpsm_nav-tabs > li > a .fa{\r\n\r\nmargin-right:5px !important;\r\n\r\nmargin-left:5px !important;\r\n\r\n\r\n}\r\n\r\n\t\t#tab_container_13699 .wpsm_nav-tabs a{\r\n\t\t\tbackground-image: none;\r\n\t\t\tbackground-position: 0 0;\r\n\t\t\tbackground-repeat: repeat-x;\r\n\t\t}\r\n\t\t\t\r\n\r\n\r\n#tab_container_13699 .wpsm_nav-tabs > li {\r\n    float: left;\r\n    margin-bottom: -1px !important;\r\n\tmargin-right:0px !important; \r\n}\r\n\r\n\r\n#tab_container_13699 .tab-content{\r\noverflow:hidden !important;\r\n}\r\n\r\n\r\n@media (min-width: 769px) {\r\n\r\n\t#tab_container_13699 .wpsm_nav-tabs > li{\r\n\t\tfloat:left !important ;\r\n\t\t\t\tmargin-right:-1px !important;\r\n\t\t\t\t\t}\r\n\t#tab_container_13699 .wpsm_nav-tabs{\r\n\t\tfloat:none !important;\r\n\t\tmargin:0px !important;\r\n\t}\r\n\r\n\t#tab_container_13699 .wpsm_nav-tabs > li {\r\n\t\t\t\t\r\n\t}\r\n\t#tab_container_13699 .wpsm_nav{\r\n\t\t\t}\r\n\r\n}\r\n\r\n\r\n\r\n@media (max-width: 768px) {\r\n\t#tab_container_13699 .wpsm_nav-tabs > li {\r\n\t\t\t\t\r\n\t}\r\n\t#tab_container_13699 .wpsm_nav{\r\n\t\t\t}\r\n}\r\n\r\n\r\n\t.wpsm_nav-tabs li:before{\r\n\t\tdisplay:none !important;\r\n\t}\r\n\r\n\t@media (max-width: 768px) {\r\n\t\t\t\t\r\n\t\t\t\t.wpsm_nav-tabs{\r\n\t\t\tmargin-left:0px !important;\r\n\t\t\tmargin-right:0px !important; \r\n\t\t\t\r\n\t\t}\r\n\t\t\t\t#tab_container_13699 .wpsm_nav-tabs > li{\r\n\t\t\tfloat:none !important;\r\n\t\t}\r\n\t\t\t\r\n\t}\t\t\t\t<\/style>\r\n\t\t\t\t<div id=\"tab_container_13699\" >\r\n\t \r\n\t\t\t\t\t<ul class=\"wpsm_nav wpsm_nav-tabs\" role=\"tablist\" id=\"myTab_13699\">\r\n\t\t\t\t\t\t\t\r\n\t\t\t\t\t\t\t<li role=\"presentation\"  class=\"active\"  onclick=\"do_resize()\">\r\n\t\t\t\t\t\t\t\t<a href=\"#tabs_desc_13699_1\" aria-controls=\"tabs_desc_13699_1\" role=\"tab\" data-toggle=\"tab\">\r\n\t\t\t\t\t\t\t\t\t\r\n\t\t\t\t\t\t\t\t\t\t\t\t\t\t\t\t\t\t\t\t\t\t\t\t\t\t\t\t\t\t\t<i class=\"fa fa-laptop\"><\/i> \t\t\t\t\t\t\t\t\t\t\t\t\t\t\t\t\t\t\t\r\n\t\t\t\t\t\t\t\t\t\t\t\t\t\t\t\t\t\t\r\n\t\t\t\t\t\t\t\t\t<span>PAGOS POR QR<\/span>\r\n\t\t\t\t\t\t\t\t\t\r\n\t\t\t\t\t\t\t\t\t\t\t\t\t\t\t\t\t\t\r\n\t\t\t\t\t\t\t\t\t\t\t\t\t\t\t\t\t\t\t\t\r\n\t\t\t\t\t\t\t\t\t\r\n\t\t\t\t\t\t\t\t<\/a>\r\n\t\t\t\t\t\t\t<\/li>\r\n\t\t\t\t\t\t\t\r\n\t\t\t\t\t\t\t<li role=\"presentation\"  onclick=\"do_resize()\">\r\n\t\t\t\t\t\t\t\t<a href=\"#tabs_desc_13699_2\" aria-controls=\"tabs_desc_13699_2\" role=\"tab\" data-toggle=\"tab\">\r\n\t\t\t\t\t\t\t\t\t\r\n\t\t\t\t\t\t\t\t\t\t\t\t\t\t\t\t\t\t\t\t\t\t\t\t\t\t\t\t\t\t\t\t\t\t\t\t\t\t\t\t\t\t\t\t\t\t\t\t\t\r\n\t\t\t\t\t\t\t\t\t\t\t\t\t\t\t\t\t\t\r\n\t\t\t\t\t\t\t\t\t<span>PAGO TARJETA DE D\u00c9BITO\/CR\u00c9DITO<\/span>\r\n\t\t\t\t\t\t\t\t\t\r\n\t\t\t\t\t\t\t\t\t\t\t\t\t\t\t\t\t\t\r\n\t\t\t\t\t\t\t\t\t\t\t\t\t\t\t\t\t\t\t\t\r\n\t\t\t\t\t\t\t\t\t\r\n\t\t\t\t\t\t\t\t<\/a>\r\n\t\t\t\t\t\t\t<\/li>\r\n\t\t\t\t\t\t\t\r\n\t\t\t\t\t\t\t<li role=\"presentation\"  onclick=\"do_resize()\">\r\n\t\t\t\t\t\t\t\t<a href=\"#tabs_desc_13699_3\" aria-controls=\"tabs_desc_13699_3\" role=\"tab\" data-toggle=\"tab\">\r\n\t\t\t\t\t\t\t\t\t\r\n\t\t\t\t\t\t\t\t\t\t\t\t\t\t\t\t\t\t\t\t\t\t\t\t\t\t\t\t\t\t\t\t\t\t\t\t\t\t\t\t\t\t\t\t\t\t\t\t\t\r\n\t\t\t\t\t\t\t\t\t\t\t\t\t\t\t\t\t\t\r\n\t\t\t\t\t\t\t\t\t<span>DEP\u00d3SITO BANCARIO<\/span>\r\n\t\t\t\t\t\t\t\t\t\r\n\t\t\t\t\t\t\t\t\t\t\t\t\t\t\t\t\t\t\r\n\t\t\t\t\t\t\t\t\t\t\t\t\t\t\t\t\t\t\t\t\r\n\t\t\t\t\t\t\t\t\t\r\n\t\t\t\t\t\t\t\t<\/a>\r\n\t\t\t\t\t\t\t<\/li>\r\n\t\t\t\t\t\t\t\r\n\t\t\t\t\t\t\t<li role=\"presentation\"  onclick=\"do_resize()\">\r\n\t\t\t\t\t\t\t\t<a href=\"#tabs_desc_13699_4\" aria-controls=\"tabs_desc_13699_4\" role=\"tab\" data-toggle=\"tab\">\r\n\t\t\t\t\t\t\t\t\t\r\n\t\t\t\t\t\t\t\t\t\t\t\t\t\t\t\t\t\t\t\t\t\t\t\t\t\t\t\t\t\t\t\t\t\t\t\t\t\t\t\t\t\t\t\t\t\t\t\t\t\r\n\t\t\t\t\t\t\t\t\t\t\t\t\t\t\t\t\t\t\r\n\t\t\t\t\t\t\t\t\t<span>EFECTIVO<\/span>\r\n\t\t\t\t\t\t\t\t\t\r\n\t\t\t\t\t\t\t\t\t\t\t\t\t\t\t\t\t\t\r\n\t\t\t\t\t\t\t\t\t\t\t\t\t\t\t\t\t\t\t\t\r\n\t\t\t\t\t\t\t\t\t\r\n\t\t\t\t\t\t\t\t<\/a>\r\n\t\t\t\t\t\t\t<\/li>\r\n\t\t\t\t\t\t\t\t\t\t\t <\/ul>\r\n\r\n\t\t\t\t\t  <!-- Tab panes -->\r\n\t\t\t\t\t  <div class=\"tab-content\" id=\"tab-content_13699\">\r\n\t\t\t\t\t\t\t\t\t\t\t\t <div role=\"tabpanel\" class=\"tab-pane  in active \" id=\"tabs_desc_13699_1\">\r\n\t\t\t\t\t\t\t\t<p style=\"text-align: center\" align=\"center\">Realice su inversi\u00f3n de manera segura mediante nuestro pago por QR desde su aplicativo\u00a0 de pago financiero preferido.<\/p>\r\n<p align=\"center\"><strong>Importante:<\/strong> Requerimos que nos env\u00edes el comprobante de tu transferencia especificando el nombre del curso y tu correo electr\u00f3nico al correo <a href=\"mailto:beatriz@cebem.org\"><strong data-rich-text-format-boundary=\"true\">beatriz@cebem.org<\/strong><\/a> o al <a href=\"https:\/\/api.whatsapp.com\/send?phone=59170522053&amp;text=Hola,%20tengo%20una%20consulta%20del%20Curso%20virtual%20:%20Bases%20y%20Herramientas%20de%20la%20Educaci%C3%B3n%20Ambiental%204v\"><strong>WhatsApp:<\/strong>\u00a0+591 70522053<\/a>, para que podamos habilitarte a la plataforma.<\/p>\r\n<p align=\"center\"><strong>PAGOS EN BOLIVIANOS <\/strong><strong>300 Bs\r\n<\/strong><\/p>\r\n<p align=\"center\"><img data-recalc-dims=\"1\" decoding=\"async\" class=\"alignnone size-medium wp-image-12186\" src=\"https:\/\/i0.wp.com\/cebem.org\/wp-content\/uploads\/2023\/02\/QR-PAGOS.jpeg?resize=300%2C300&#038;ssl=1\" alt=\"\" width=\"300\" height=\"300\" srcset=\"https:\/\/i0.wp.com\/cebem.org\/wp-content\/uploads\/2023\/02\/QR-PAGOS.jpeg?resize=300%2C300&amp;ssl=1 300w, https:\/\/i0.wp.com\/cebem.org\/wp-content\/uploads\/2023\/02\/QR-PAGOS.jpeg?resize=150%2C150&amp;ssl=1 150w, https:\/\/i0.wp.com\/cebem.org\/wp-content\/uploads\/2023\/02\/QR-PAGOS.jpeg?w=319&amp;ssl=1 319w\" sizes=\"(max-width: 300px) 100vw, 300px\" \/><\/p>\t\t\t\t\t\t <\/div>\r\n\t\t\t\t\t\t\t\t\t\t\t\t <div role=\"tabpanel\" class=\"tab-pane \" id=\"tabs_desc_13699_2\">\r\n\t\t\t\t\t\t\t\t<p style=\"text-align: center\" align=\"center\">Realice su inversi\u00f3n de manera segura mediante nuestra pasarela de pago con su tarjeta de d\u00e9bito o cr\u00e9dito<\/p>\r\n<p align=\"center\"><img data-recalc-dims=\"1\" loading=\"lazy\" decoding=\"async\" class=\"size-full wp-image-8995 aligncenter\" src=\"https:\/\/i0.wp.com\/cebem.org\/wp-content\/uploads\/2021\/09\/logo-visa-mastercard.png?resize=300%2C110&#038;ssl=1\" alt=\"\" width=\"300\" height=\"110\" \/><\/p>\r\n\r\n<div class=\"has-text-align-center\">\r\n<div class=\"wp-block-button\" style=\"text-align: center\"><strong><a class=\"wp-block-button__link\" href=\"https:\/\/links.libelula.bo\/Pay\/32a49c41-b04a-4fa0-8808-d63f13ca8770\" target=\"_blank\" rel=\"noreferrer noopener\">PAGAR AQU\u00cd en dolares 43 $us<\/a><\/strong><\/div>\r\n<\/div>\t\t\t\t\t\t <\/div>\r\n\t\t\t\t\t\t\t\t\t\t\t\t <div role=\"tabpanel\" class=\"tab-pane \" id=\"tabs_desc_13699_3\">\r\n\t\t\t\t\t\t\t\t<p style=\"text-align: center\"><img data-recalc-dims=\"1\" loading=\"lazy\" decoding=\"async\" class=\"aligncenter wp-image-7043\" src=\"https:\/\/i0.wp.com\/cebem.org\/wp-content\/uploads\/2020\/04\/Logo_Banco_BISA.png?resize=250%2C75&#038;ssl=1\" alt=\"\" width=\"250\" height=\"75\" srcset=\"https:\/\/i0.wp.com\/cebem.org\/wp-content\/uploads\/2020\/04\/Logo_Banco_BISA.png?w=600&amp;ssl=1 600w, https:\/\/i0.wp.com\/cebem.org\/wp-content\/uploads\/2020\/04\/Logo_Banco_BISA.png?resize=300%2C90&amp;ssl=1 300w\" sizes=\"(max-width: 250px) 100vw, 250px\" \/><\/p>\r\n<p style=\"text-align: center\"><strong>En bolivianos - BS<br>\r\n<\/strong>Cuenta corriente: 130861-001-9<br>\r\nTitular de la cuenta: Cebem\u200b<br>\r\nNIT: 1006059021<\/p>\r\n<p style=\"text-align: center\"><strong>En d\u00f3lares - U$<br>\r\n<\/strong>Cuenta corriente: 130861-206-2<br>\r\nTitular de la cuenta: Cebem\u200b<br>\r\nNIT: 1006059021<\/p>\r\n<em>Posterior al pago enviar una foto de la constancia de transferencia al correo beatriz@cebem.org indicando su nombre y el nombre del curso al cual se ha inscrito.<\/em>\t\t\t\t\t\t <\/div>\r\n\t\t\t\t\t\t\t\t\t\t\t\t <div role=\"tabpanel\" class=\"tab-pane \" id=\"tabs_desc_13699_4\">\r\n\t\t\t\t\t\t\t\t<p style=\"text-align: center\"><strong>De LUNES a VIERNES<\/strong><\/p>\r\n<p style=\"text-align: center\"><strong>De 9:00 a.m. 12:00 p.m. y de 15:00 a 18:00<\/strong><\/p>\r\n<p style=\"text-align: center\">Calle Macario Pinilla # 2588 esq. Av. Arce, Edificio Arcadia, Mezzanine, Of. 101 - La Paz, Bolivia<\/p>\r\n<p style=\"text-align: center\">Tel\u00e9fono: +591 2431818 - Celular: +591 73027636 - Casilla No 9205<\/p>\r\n<p style=\"text-align: center\"><\/p>\t\t\t\t\t\t <\/div>\r\n\t\t\t\t\t\t\t\r\n\t\t\t\t\t <\/div>\r\n\t\t\t\t\t \r\n\t\t\t\t <\/div>\r\n <script>\r\n\t\tjQuery(function () {\r\n\t\t\tjQuery('#myTab_13699 a:first').tab('show')\r\n\t\t});\r\n\t\t\r\n\t\t\t\tjQuery(function(){\r\n\t\t\tvar b=\"fadeIn\";\r\n\t\t\tvar c;\r\n\t\t\tvar a;\r\n\t\t\td(jQuery(\"#myTab_13699 a\"),jQuery(\"#tab-content_13699\"));function d(e,f,g){\r\n\t\t\t\te.click(function(i){\r\n\t\t\t\t\ti.preventDefault();\r\n\t\t\t\t\tjQuery(this).tab(\"show\");\r\n\t\t\t\t\tvar h=jQuery(this).data(\"easein\");\r\n\t\t\t\t\tif(c){c.removeClass(a);}\r\n\t\t\t\t\tif(h){f.find(\"div.active\").addClass(\"animated \"+h);a=h;}\r\n\t\t\t\t\telse{if(g){f.find(\"div.active\").addClass(\"animated \"+g);a=g;}else{f.find(\"div.active\").addClass(\"animated \"+b);a=b;}}c=f.find(\"div.active\");\r\n\t\t\t\t});\r\n\t\t\t}\r\n\t\t});\r\n\t\t\r\n\r\n\t\tfunction do_resize(){\r\n\r\n\t\t\tvar width=jQuery( '.tab-content .tab-pane iframe' ).width();\r\n\t\t\tvar height=jQuery( '.tab-content .tab-pane iframe' ).height();\r\n\r\n\t\t\tvar toggleSize = true;\r\n\t\t\tjQuery('iframe').animate({\r\n\t\t\t    width: toggleSize ? width : 640,\r\n\t\t\t    height: toggleSize ? height : 360\r\n\t\t\t  }, 250);\r\n\r\n\t\t\t  toggleSize = !toggleSize;\r\n\t\t}\r\n\r\n\r\n\t<\/script>\r\n\t\t\t\t\r\n\t\t\t\n\n\n\n<h3 class=\"wp-block-heading has-text-align-center\" id=\"block-d6305b82-a6e5-4c19-a919-454d89a8372b\">\u00bfTe interesa participar del curso?<\/h3>\n\n\n\n<div class=\"wp-block-buttons is-horizontal is-content-justification-center is-layout-flex wp-container-core-buttons-is-layout-499968f5 wp-block-buttons-is-layout-flex\">\n<div class=\"wp-block-button\"><a class=\"wp-block-button__link has-black-color has-light-green-cyan-background-color has-text-color has-background wp-element-button\" href=\"https:\/\/forms.gle\/bs9tAT1hEU3dxiCR8\" style=\"border-radius:5px\" target=\"_blank\" rel=\"noreferrer noopener\">REALIZA TU  PRE-INSCRIPCI\u00d3N<\/a><\/div>\n<\/div>\n\n\n\n<h3 class=\"wp-block-heading has-text-align-center\" id=\"finaliza-el-curso-y-obten-tu-certificado\">\u00a1Finaliza el curso y obt\u00e9n tu CERTIFICADO!<br><img data-recalc-dims=\"1\" loading=\"lazy\" decoding=\"async\" src=\"https:\/\/i0.wp.com\/cebem.org\/wp-content\/uploads\/2020\/11\/ejemplo-certificado-2020.jpg?resize=455%2C321&#038;ssl=1\" alt=\"La imagen tiene un atributo ALT vac\u00edo; su nombre de archivo es ejemplo-certificado-2020.jpg\" width=\"455\" height=\"321\"><br><\/h3>\n\n\n\n<p>Se otorgar\u00e1 un&nbsp;<strong>CERTIFICADO<\/strong> <strong>DIGITAL<\/strong>&nbsp;al finalizar el curso y completando las actividades, esto lo recibir\u00e1 directamente a su correo electr\u00f3nico.<br><\/p>\n\n\n\n<h4 class=\"wp-block-heading has-vivid-purple-color has-text-color\" id=\"block-ae2b1ae1-1cfb-4c8f-834c-4a77fc8b1428\"><strong>\u00bfTIENES ALGUNA CONSULTA? ESCR\u00cdBENOS:<\/strong><\/h4>\n\n\n\n<div class=\"wp-block-columns is-layout-flex wp-container-core-columns-is-layout-9d6595d7 wp-block-columns-is-layout-flex\">\n<div class=\"wp-block-column is-layout-flow wp-block-column-is-layout-flow\"><div class=\"wp-block-image\">\n<figure class=\"aligncenter is-resized\" id=\"block-03a03a78-c7b6-4921-9eef-537a891cf30c\"><img data-recalc-dims=\"1\" decoding=\"async\" src=\"https:\/\/i0.wp.com\/cebem.org\/wp-content\/uploads\/2019\/07\/envelope-3152053_960_720.png?w=750&#038;ssl=1\" alt=\"La imagen tiene un atributo ALT vac\u00edo; su nombre de archivo es envelope-3152053_960_720.png\" style=\"width:71px;height:54px\"\/><\/figure>\n<\/div>\n\n\n<p class=\"has-text-align-center\" id=\"block-ad3c28f6-942a-4847-9bc2-f1f8cb5f179f\"><a href=\"mailto:beatriz@cebem.org\"><strong>beatriz@cebem.org<\/strong><\/a><\/p>\n<\/div>\n\n\n\n<div class=\"wp-block-column is-layout-flow wp-block-column-is-layout-flow\"><div class=\"wp-block-image\">\n<figure class=\"aligncenter is-resized\" id=\"block-ab0ee5bb-071a-4e1f-aaf9-6b3653d31dc2\"><img data-recalc-dims=\"1\" decoding=\"async\" src=\"https:\/\/i0.wp.com\/cebem.org\/wp-content\/uploads\/2019\/07\/Whatsapp_icon-icons.png?w=750&#038;ssl=1\" alt=\"La imagen tiene un atributo ALT vac\u00edo; su nombre de archivo es Whatsapp_icon-icons.png\" style=\"width:66px;height:66px\"\/><\/figure>\n<\/div>\n\n\n<p class=\"has-text-align-center\" id=\"block-f8faf0af-f3fd-4dee-84b3-68a6e9ba01c2\"><a href=\"https:\/\/api.whatsapp.com\/send?phone=59170522053&amp;text=Me%20interesa%20el%20Curso%20Teor%C3%ADa%20del%20Cambio%20en%20la%20Gesti%C3%B3n%20y%20Formulaci%C3%B3n\" target=\"_blank\" rel=\"noreferrer noopener\"><strong>WhatsApp:<\/strong>&nbsp;+591 70522053<\/a><\/p>\n<\/div>\n<\/div>\n\n\n\n<p><\/p>\n","protected":false},"excerpt":{"rendered":"<p>1 y 2 de Diciembre de 2023, Curso Taller: Gerenciamiento de Indicadores (KPIs) &#8211; Edici\u00f3n Especial (limitada)<\/p>\n","protected":false},"author":15,"featured_media":13701,"comment_status":"closed","ping_status":"closed","sticky":false,"template":"","format":"standard","meta":{"_jetpack_memberships_contains_paid_content":false,"footnotes":"","jetpack_publicize_message":"","jetpack_publicize_feature_enabled":true,"jetpack_social_post_already_shared":true,"jetpack_social_options":{"image_generator_settings":{"template":"highway","default_image_id":0,"font":"","enabled":false},"version":2}},"categories":[4],"tags":[1828,38,1391],"class_list":["post-13698","post","type-post","status-publish","format-standard","has-post-thumbnail","hentry","category-cursos-culminados-cebem","tag-boletin-9-septiembre-2022-2","tag-curso","tag-zoom","nodate","item-wrap"],"jetpack_publicize_connections":[],"jetpack_featured_media_url":"https:\/\/i0.wp.com\/cebem.org\/wp-content\/uploads\/2023\/10\/img.fw_.png?fit=350%2C398&ssl=1","jetpack_sharing_enabled":true,"_links":{"self":[{"href":"https:\/\/cebem.org\/index.php?rest_route=\/wp\/v2\/posts\/13698","targetHints":{"allow":["GET"]}}],"collection":[{"href":"https:\/\/cebem.org\/index.php?rest_route=\/wp\/v2\/posts"}],"about":[{"href":"https:\/\/cebem.org\/index.php?rest_route=\/wp\/v2\/types\/post"}],"author":[{"embeddable":true,"href":"https:\/\/cebem.org\/index.php?rest_route=\/wp\/v2\/users\/15"}],"replies":[{"embeddable":true,"href":"https:\/\/cebem.org\/index.php?rest_route=%2Fwp%2Fv2%2Fcomments&post=13698"}],"version-history":[{"count":5,"href":"https:\/\/cebem.org\/index.php?rest_route=\/wp\/v2\/posts\/13698\/revisions"}],"predecessor-version":[{"id":13803,"href":"https:\/\/cebem.org\/index.php?rest_route=\/wp\/v2\/posts\/13698\/revisions\/13803"}],"wp:featuredmedia":[{"embeddable":true,"href":"https:\/\/cebem.org\/index.php?rest_route=\/wp\/v2\/media\/13701"}],"wp:attachment":[{"href":"https:\/\/cebem.org\/index.php?rest_route=%2Fwp%2Fv2%2Fmedia&parent=13698"}],"wp:term":[{"taxonomy":"category","embeddable":true,"href":"https:\/\/cebem.org\/index.php?rest_route=%2Fwp%2Fv2%2Fcategories&post=13698"},{"taxonomy":"post_tag","embeddable":true,"href":"https:\/\/cebem.org\/index.php?rest_route=%2Fwp%2Fv2%2Ftags&post=13698"}],"curies":[{"name":"wp","href":"https:\/\/api.w.org\/{rel}","templated":true}]}}