
{"id":13631,"date":"2023-10-18T18:00:35","date_gmt":"2023-10-18T22:00:35","guid":{"rendered":"https:\/\/cebem.org\/?p=13631"},"modified":"2023-10-18T18:00:41","modified_gmt":"2023-10-18T22:00:41","slug":"se-llevo-con-exito-la-presentacion-y-entrega-en-el-departamento-de-santa-cruz-sobre-el-libro-tomo-i-y-ii-el-censo-nacional-de-poblacion-y-vivienda-bajo-la-lupa-de-los-expertos","status":"publish","type":"post","link":"https:\/\/cebem.org\/?p=13631","title":{"rendered":"Se llevo con \u00e9xito la presentaci\u00f3n y entrega en el departamento de Santa Cruz sobre el libro tomo I y II \u00abEL CENSO NACIONAL DE POBLACI\u00d3N Y VIVIENDA BAJO LA LUPA DE LOS EXPERTOS\u00bb"},"content":{"rendered":"\n<p>El pasado mi\u00e9rcoles 11 de octubre en el Sal\u00f3n Auditorio de la Carrera de Ciencia Pol\u00edtica y Administraci\u00f3n P\u00fablica U.A.G.R.M se realizo la presentaci\u00f3n y entrega de dos nuevos libro \u00abTomo I y II: El censo nacional de poblaci\u00f3n y vivienda bajo la lupa de los expertos\u00bb, son 13 ensayos sobre investigaci\u00f3n, Indagaciones y propuestas para el uso de datos del censo en la planificaci\u00f3n estatal<\/p>\n\n\n\n<p>As\u00ed tambi\u00e9n se otorgo un reconocimiento por parte de la UGRAM al coordinador de La ruta del Censo PhD Mario Galindo por las actividades realizadas a lo largo d este proyecto.<\/p>\n\n\n\n<div class=\"wp-block-jetpack-slideshow aligncenter\" data-autoplay=\"true\" data-delay=\"3\" data-effect=\"slide\"><div class=\"wp-block-jetpack-slideshow_container swiper-container\"><ul class=\"wp-block-jetpack-slideshow_swiper-wrapper swiper-wrapper\"><li class=\"wp-block-jetpack-slideshow_slide swiper-slide\"><figure><img data-recalc-dims=\"1\" fetchpriority=\"high\" decoding=\"async\" width=\"750\" height=\"337\" alt=\"\" class=\"wp-block-jetpack-slideshow_image wp-image-13633\" data-id=\"13633\" src=\"https:\/\/i0.wp.com\/cebem.org\/wp-content\/uploads\/2023\/10\/tomoI-II11-10-01.jpeg?resize=750%2C337&#038;ssl=1\" srcset=\"https:\/\/i0.wp.com\/cebem.org\/wp-content\/uploads\/2023\/10\/tomoI-II11-10-01.jpeg?resize=1024%2C460&amp;ssl=1 1024w, https:\/\/i0.wp.com\/cebem.org\/wp-content\/uploads\/2023\/10\/tomoI-II11-10-01.jpeg?resize=300%2C135&amp;ssl=1 300w, https:\/\/i0.wp.com\/cebem.org\/wp-content\/uploads\/2023\/10\/tomoI-II11-10-01.jpeg?resize=768%2C345&amp;ssl=1 768w, https:\/\/i0.wp.com\/cebem.org\/wp-content\/uploads\/2023\/10\/tomoI-II11-10-01.jpeg?resize=600%2C270&amp;ssl=1 600w, https:\/\/i0.wp.com\/cebem.org\/wp-content\/uploads\/2023\/10\/tomoI-II11-10-01.jpeg?resize=1536%2C690&amp;ssl=1 1536w, https:\/\/i0.wp.com\/cebem.org\/wp-content\/uploads\/2023\/10\/tomoI-II11-10-01.jpeg?resize=750%2C337&amp;ssl=1 750w, https:\/\/i0.wp.com\/cebem.org\/wp-content\/uploads\/2023\/10\/tomoI-II11-10-01.jpeg?w=1600&amp;ssl=1 1600w\" sizes=\"(max-width: 750px) 100vw, 750px\" \/><\/figure><\/li><li class=\"wp-block-jetpack-slideshow_slide swiper-slide\"><figure><img data-recalc-dims=\"1\" decoding=\"async\" width=\"750\" height=\"338\" alt=\"\" class=\"wp-block-jetpack-slideshow_image wp-image-13634\" data-id=\"13634\" src=\"https:\/\/i0.wp.com\/cebem.org\/wp-content\/uploads\/2023\/10\/tomoI-II11-10-03.jpeg?resize=750%2C338&#038;ssl=1\" srcset=\"https:\/\/i0.wp.com\/cebem.org\/wp-content\/uploads\/2023\/10\/tomoI-II11-10-03.jpeg?resize=1024%2C461&amp;ssl=1 1024w, https:\/\/i0.wp.com\/cebem.org\/wp-content\/uploads\/2023\/10\/tomoI-II11-10-03.jpeg?resize=300%2C135&amp;ssl=1 300w, https:\/\/i0.wp.com\/cebem.org\/wp-content\/uploads\/2023\/10\/tomoI-II11-10-03.jpeg?resize=768%2C346&amp;ssl=1 768w, https:\/\/i0.wp.com\/cebem.org\/wp-content\/uploads\/2023\/10\/tomoI-II11-10-03.jpeg?resize=600%2C270&amp;ssl=1 600w, https:\/\/i0.wp.com\/cebem.org\/wp-content\/uploads\/2023\/10\/tomoI-II11-10-03.jpeg?resize=1536%2C691&amp;ssl=1 1536w, https:\/\/i0.wp.com\/cebem.org\/wp-content\/uploads\/2023\/10\/tomoI-II11-10-03.jpeg?resize=750%2C338&amp;ssl=1 750w, https:\/\/i0.wp.com\/cebem.org\/wp-content\/uploads\/2023\/10\/tomoI-II11-10-03.jpeg?w=1600&amp;ssl=1 1600w\" sizes=\"(max-width: 750px) 100vw, 750px\" \/><\/figure><\/li><li class=\"wp-block-jetpack-slideshow_slide swiper-slide\"><figure><img data-recalc-dims=\"1\" decoding=\"async\" width=\"750\" height=\"338\" alt=\"\" class=\"wp-block-jetpack-slideshow_image wp-image-13636\" data-id=\"13636\" src=\"https:\/\/i0.wp.com\/cebem.org\/wp-content\/uploads\/2023\/10\/tomoI-II11-10-10.jpeg?resize=750%2C338&#038;ssl=1\" srcset=\"https:\/\/i0.wp.com\/cebem.org\/wp-content\/uploads\/2023\/10\/tomoI-II11-10-10.jpeg?resize=1024%2C461&amp;ssl=1 1024w, https:\/\/i0.wp.com\/cebem.org\/wp-content\/uploads\/2023\/10\/tomoI-II11-10-10.jpeg?resize=300%2C135&amp;ssl=1 300w, https:\/\/i0.wp.com\/cebem.org\/wp-content\/uploads\/2023\/10\/tomoI-II11-10-10.jpeg?resize=768%2C346&amp;ssl=1 768w, https:\/\/i0.wp.com\/cebem.org\/wp-content\/uploads\/2023\/10\/tomoI-II11-10-10.jpeg?resize=600%2C270&amp;ssl=1 600w, https:\/\/i0.wp.com\/cebem.org\/wp-content\/uploads\/2023\/10\/tomoI-II11-10-10.jpeg?resize=1536%2C691&amp;ssl=1 1536w, https:\/\/i0.wp.com\/cebem.org\/wp-content\/uploads\/2023\/10\/tomoI-II11-10-10.jpeg?resize=750%2C338&amp;ssl=1 750w, https:\/\/i0.wp.com\/cebem.org\/wp-content\/uploads\/2023\/10\/tomoI-II11-10-10.jpeg?w=1600&amp;ssl=1 1600w\" sizes=\"(max-width: 750px) 100vw, 750px\" \/><\/figure><\/li><li class=\"wp-block-jetpack-slideshow_slide swiper-slide\"><figure><img data-recalc-dims=\"1\" loading=\"lazy\" decoding=\"async\" width=\"461\" height=\"1024\" alt=\"\" class=\"wp-block-jetpack-slideshow_image wp-image-13637\" data-id=\"13637\" src=\"https:\/\/i0.wp.com\/cebem.org\/wp-content\/uploads\/2023\/10\/reconocimiento-STC-11-10-02.jpeg?resize=461%2C1024&#038;ssl=1\" srcset=\"https:\/\/i0.wp.com\/cebem.org\/wp-content\/uploads\/2023\/10\/reconocimiento-STC-11-10-02.jpeg?resize=461%2C1024&amp;ssl=1 461w, https:\/\/i0.wp.com\/cebem.org\/wp-content\/uploads\/2023\/10\/reconocimiento-STC-11-10-02.jpeg?resize=135%2C300&amp;ssl=1 135w, https:\/\/i0.wp.com\/cebem.org\/wp-content\/uploads\/2023\/10\/reconocimiento-STC-11-10-02.jpeg?resize=600%2C1333&amp;ssl=1 600w, https:\/\/i0.wp.com\/cebem.org\/wp-content\/uploads\/2023\/10\/reconocimiento-STC-11-10-02.jpeg?resize=691%2C1536&amp;ssl=1 691w, https:\/\/i0.wp.com\/cebem.org\/wp-content\/uploads\/2023\/10\/reconocimiento-STC-11-10-02.jpeg?w=720&amp;ssl=1 720w\" sizes=\"(max-width: 461px) 100vw, 461px\" \/><\/figure><\/li><li class=\"wp-block-jetpack-slideshow_slide swiper-slide\"><figure><img data-recalc-dims=\"1\" loading=\"lazy\" decoding=\"async\" width=\"461\" height=\"1024\" alt=\"\" class=\"wp-block-jetpack-slideshow_image wp-image-13632\" data-id=\"13632\" src=\"https:\/\/i0.wp.com\/cebem.org\/wp-content\/uploads\/2023\/10\/reconocimiento-STC-11-10-01.jpeg?resize=461%2C1024&#038;ssl=1\" srcset=\"https:\/\/i0.wp.com\/cebem.org\/wp-content\/uploads\/2023\/10\/reconocimiento-STC-11-10-01.jpeg?resize=461%2C1024&amp;ssl=1 461w, https:\/\/i0.wp.com\/cebem.org\/wp-content\/uploads\/2023\/10\/reconocimiento-STC-11-10-01.jpeg?resize=135%2C300&amp;ssl=1 135w, https:\/\/i0.wp.com\/cebem.org\/wp-content\/uploads\/2023\/10\/reconocimiento-STC-11-10-01.jpeg?resize=600%2C1333&amp;ssl=1 600w, https:\/\/i0.wp.com\/cebem.org\/wp-content\/uploads\/2023\/10\/reconocimiento-STC-11-10-01.jpeg?resize=691%2C1536&amp;ssl=1 691w, https:\/\/i0.wp.com\/cebem.org\/wp-content\/uploads\/2023\/10\/reconocimiento-STC-11-10-01.jpeg?w=720&amp;ssl=1 720w\" sizes=\"(max-width: 461px) 100vw, 461px\" \/><\/figure><\/li><\/ul><a class=\"wp-block-jetpack-slideshow_button-prev swiper-button-prev swiper-button-white\" role=\"button\"><\/a><a class=\"wp-block-jetpack-slideshow_button-next swiper-button-next swiper-button-white\" role=\"button\"><\/a><a aria-label=\"Pause Slideshow\" class=\"wp-block-jetpack-slideshow_button-pause\" role=\"button\"><\/a><div class=\"wp-block-jetpack-slideshow_pagination swiper-pagination swiper-pagination-white\"><\/div><\/div><\/div>\n","protected":false},"excerpt":{"rendered":"<p>El d\u00eda mi\u00e9rcoles 11 de octubre de 2023 se llevo a cabo en el departamento de Santa Cruz, Sal\u00f3n Auditorio de la Carrera de Ciencia Pol\u00edtica y Administraci\u00f3n P\u00fablica U.A.G.R.M la presentaci\u00f3n de \u00abTomo I y II: El censo nacional de poblaci\u00f3n y vivienda bajo la lupa de los expertos \u00ab<\/p>\n","protected":false},"author":15,"featured_media":13636,"comment_status":"closed","ping_status":"closed","sticky":false,"template":"","format":"standard","meta":{"_jetpack_memberships_contains_paid_content":false,"footnotes":"","jetpack_publicize_message":"","jetpack_publicize_feature_enabled":false,"jetpack_social_post_already_shared":false,"jetpack_social_options":{"image_generator_settings":{"template":"highway","default_image_id":0,"font":"","enabled":false},"version":2}},"categories":[34,1543],"tags":[1831,1154],"class_list":["post-13631","post","type-post","status-publish","format-standard","has-post-thumbnail","hentry","category-eventos","category-rutacenso","tag-la-ruta-del-censo","tag-presentacion-de-libros","item-wrap"],"jetpack_publicize_connections":[],"jetpack_featured_media_url":"https:\/\/i0.wp.com\/cebem.org\/wp-content\/uploads\/2023\/10\/tomoI-II11-10-10.jpeg?fit=1600%2C720&ssl=1","jetpack_sharing_enabled":true,"_links":{"self":[{"href":"https:\/\/cebem.org\/index.php?rest_route=\/wp\/v2\/posts\/13631","targetHints":{"allow":["GET"]}}],"collection":[{"href":"https:\/\/cebem.org\/index.php?rest_route=\/wp\/v2\/posts"}],"about":[{"href":"https:\/\/cebem.org\/index.php?rest_route=\/wp\/v2\/types\/post"}],"author":[{"embeddable":true,"href":"https:\/\/cebem.org\/index.php?rest_route=\/wp\/v2\/users\/15"}],"replies":[{"embeddable":true,"href":"https:\/\/cebem.org\/index.php?rest_route=%2Fwp%2Fv2%2Fcomments&post=13631"}],"version-history":[{"count":1,"href":"https:\/\/cebem.org\/index.php?rest_route=\/wp\/v2\/posts\/13631\/revisions"}],"predecessor-version":[{"id":13638,"href":"https:\/\/cebem.org\/index.php?rest_route=\/wp\/v2\/posts\/13631\/revisions\/13638"}],"wp:featuredmedia":[{"embeddable":true,"href":"https:\/\/cebem.org\/index.php?rest_route=\/wp\/v2\/media\/13636"}],"wp:attachment":[{"href":"https:\/\/cebem.org\/index.php?rest_route=%2Fwp%2Fv2%2Fmedia&parent=13631"}],"wp:term":[{"taxonomy":"category","embeddable":true,"href":"https:\/\/cebem.org\/index.php?rest_route=%2Fwp%2Fv2%2Fcategories&post=13631"},{"taxonomy":"post_tag","embeddable":true,"href":"https:\/\/cebem.org\/index.php?rest_route=%2Fwp%2Fv2%2Ftags&post=13631"}],"curies":[{"name":"wp","href":"https:\/\/api.w.org\/{rel}","templated":true}]}}