
{"id":13511,"date":"2023-10-03T11:53:00","date_gmt":"2023-10-03T15:53:00","guid":{"rendered":"https:\/\/cebem.org\/?p=13511"},"modified":"2023-10-03T11:53:02","modified_gmt":"2023-10-03T15:53:02","slug":"boletin-septiembre-2023-idrc-para-america-latina-y-el-caribe","status":"publish","type":"post","link":"https:\/\/cebem.org\/?p=13511","title":{"rendered":"Bolet\u00edn Septiembre 2023 &#8211; IDRC para Am\u00e9rica Latina y el Caribe"},"content":{"rendered":"<div class=\"wp-block-image\">\n<figure class=\"aligncenter size-large is-resized\"><img data-recalc-dims=\"1\" fetchpriority=\"high\" decoding=\"async\" src=\"https:\/\/i0.wp.com\/cebem.org\/wp-content\/uploads\/2023\/03\/logoIDRC.png?resize=512%2C213&#038;ssl=1\" alt=\"\" class=\"wp-image-12385\" style=\"width:512px;height:213px\" width=\"512\" height=\"213\" srcset=\"https:\/\/i0.wp.com\/cebem.org\/wp-content\/uploads\/2023\/03\/logoIDRC.png?resize=1024%2C425&amp;ssl=1 1024w, https:\/\/i0.wp.com\/cebem.org\/wp-content\/uploads\/2023\/03\/logoIDRC.png?resize=300%2C125&amp;ssl=1 300w, https:\/\/i0.wp.com\/cebem.org\/wp-content\/uploads\/2023\/03\/logoIDRC.png?resize=768%2C319&amp;ssl=1 768w, https:\/\/i0.wp.com\/cebem.org\/wp-content\/uploads\/2023\/03\/logoIDRC.png?resize=600%2C249&amp;ssl=1 600w, https:\/\/i0.wp.com\/cebem.org\/wp-content\/uploads\/2023\/03\/logoIDRC.png?resize=750%2C311&amp;ssl=1 750w, https:\/\/i0.wp.com\/cebem.org\/wp-content\/uploads\/2023\/03\/logoIDRC.png?w=1200&amp;ssl=1 1200w\" sizes=\"(max-width: 512px) 100vw, 512px\" \/><\/figure>\n<\/div>\n\n\n<p>Estimados lectores:<\/p>\n\n\n\n<p>En los \u00faltimos a\u00f1os, la regi\u00f3n se ha enfrentado a importantes desaf\u00edos, como la pandemia y otras crisis que han visibilizado las profundas inequidades sociales, culturales y econ\u00f3micas que a\u00fan perduran en nuestras sociedades. A pesar de algunos avances parciales, las mujeres se han visto especialmente afectadas, sobre todo entre las comunidades ind\u00edgenas, afroamericanas, LGBTIQ+, migrantes y desplazadas y otras comunidades altamente vulnerables.\u00a0<\/p>\n\n\n\n<p>Presenta noticias y novedades en  Bolet\u00edn del mes de septiembre del 2023 <a href=\"https:\/\/mailchi.mp\/81b0f97b3e7e\/idrc-in-latin-america-and-the-caribbean-march-2023-bulletin-301284?e=072b2d67a6\" data-type=\"URL\" data-id=\"https:\/\/mailchi.mp\/021dd72f8a9e\/idrc-in-latin-america-and-the-caribbean-march-2023-bulletin?e=072b2d67a6\" target=\"_blank\" rel=\"noreferrer noopener\"><strong>VER BOLET\u00cdN<\/strong><\/a><\/p>\n","protected":false},"excerpt":{"rendered":"<p>Bolet\u00edn mes de septiembre de 2023, IDRC-CRDI para Am\u00e9rica Latina y el Caribe<\/p>\n","protected":false},"author":15,"featured_media":12385,"comment_status":"closed","ping_status":"closed","sticky":false,"template":"","format":"standard","meta":{"_jetpack_memberships_contains_paid_content":false,"footnotes":"","jetpack_publicize_message":"","jetpack_publicize_feature_enabled":true,"jetpack_social_post_already_shared":true,"jetpack_social_options":{"image_generator_settings":{"template":"highway","default_image_id":0,"font":"","enabled":false},"version":2}},"categories":[5],"tags":[1945,1901],"class_list":["post-13511","post","type-post","status-publish","format-standard","has-post-thumbnail","hentry","category-boletin","tag-boletin-9-septiembre-2023-2","tag-idrc-crdi","item-wrap"],"jetpack_publicize_connections":[],"jetpack_featured_media_url":"https:\/\/i0.wp.com\/cebem.org\/wp-content\/uploads\/2023\/03\/logoIDRC.png?fit=1200%2C498&ssl=1","jetpack_sharing_enabled":true,"_links":{"self":[{"href":"https:\/\/cebem.org\/index.php?rest_route=\/wp\/v2\/posts\/13511","targetHints":{"allow":["GET"]}}],"collection":[{"href":"https:\/\/cebem.org\/index.php?rest_route=\/wp\/v2\/posts"}],"about":[{"href":"https:\/\/cebem.org\/index.php?rest_route=\/wp\/v2\/types\/post"}],"author":[{"embeddable":true,"href":"https:\/\/cebem.org\/index.php?rest_route=\/wp\/v2\/users\/15"}],"replies":[{"embeddable":true,"href":"https:\/\/cebem.org\/index.php?rest_route=%2Fwp%2Fv2%2Fcomments&post=13511"}],"version-history":[{"count":1,"href":"https:\/\/cebem.org\/index.php?rest_route=\/wp\/v2\/posts\/13511\/revisions"}],"predecessor-version":[{"id":13512,"href":"https:\/\/cebem.org\/index.php?rest_route=\/wp\/v2\/posts\/13511\/revisions\/13512"}],"wp:featuredmedia":[{"embeddable":true,"href":"https:\/\/cebem.org\/index.php?rest_route=\/wp\/v2\/media\/12385"}],"wp:attachment":[{"href":"https:\/\/cebem.org\/index.php?rest_route=%2Fwp%2Fv2%2Fmedia&parent=13511"}],"wp:term":[{"taxonomy":"category","embeddable":true,"href":"https:\/\/cebem.org\/index.php?rest_route=%2Fwp%2Fv2%2Fcategories&post=13511"},{"taxonomy":"post_tag","embeddable":true,"href":"https:\/\/cebem.org\/index.php?rest_route=%2Fwp%2Fv2%2Ftags&post=13511"}],"curies":[{"name":"wp","href":"https:\/\/api.w.org\/{rel}","templated":true}]}}