
{"id":13434,"date":"2023-09-25T17:52:03","date_gmt":"2023-09-25T21:52:03","guid":{"rendered":"https:\/\/cebem.org\/?p=13434"},"modified":"2023-09-28T11:53:35","modified_gmt":"2023-09-28T15:53:35","slug":"se-llevo-con-exito-la-presentacion-en-el-departamento-del-beni-sobre-el-libro-el-censo-en-la-mira-de-los-periodistas","status":"publish","type":"post","link":"https:\/\/cebem.org\/?p=13434","title":{"rendered":"Se llevo con \u00e9xito la presentaci\u00f3n en el departamento del Beni sobre el libro \u00abEL CENSO EN LA MIRA DE LOS PERIODISTAS\u00bb"},"content":{"rendered":"\n<p>El pasado viernes 22 de septiembre en el Auditorio del Postgrado de la Universidad Aut\u00f3noma \u00abJose Ballivi\u00e1n\u00bb del departamento del Beni, se llevo a cabo la presentaci\u00f3n del libro \u00ab<em>El censo en la mira de los periodistas<\/em>\u00ab.<\/p>\n\n\n\n<p>Se tuvo la presencia de profesionales en el \u00e1rea del periodismo, como tambi\u00e9n p\u00fablico en general se otorgo el libro que es una compilaci\u00f3n del trabajo de investigaci\u00f3n de los profesionales en el \u00e1mbito period\u00edstico y comunicacional.<\/p>\n\n\n\n<div class=\"wp-block-jetpack-slideshow aligncenter\" data-autoplay=\"true\" data-delay=\"3\" data-effect=\"slide\"><div class=\"wp-block-jetpack-slideshow_container swiper-container\"><ul class=\"wp-block-jetpack-slideshow_swiper-wrapper swiper-wrapper\"><li class=\"wp-block-jetpack-slideshow_slide swiper-slide\"><figure><img data-recalc-dims=\"1\" fetchpriority=\"high\" decoding=\"async\" width=\"750\" height=\"422\" alt=\"\" class=\"wp-block-jetpack-slideshow_image wp-image-13437\" data-id=\"13437\" src=\"https:\/\/i0.wp.com\/cebem.org\/wp-content\/uploads\/2023\/09\/trinidad-libro-22-09-02.jpeg?resize=750%2C422&#038;ssl=1\" srcset=\"https:\/\/i0.wp.com\/cebem.org\/wp-content\/uploads\/2023\/09\/trinidad-libro-22-09-02.jpeg?resize=1024%2C576&amp;ssl=1 1024w, https:\/\/i0.wp.com\/cebem.org\/wp-content\/uploads\/2023\/09\/trinidad-libro-22-09-02.jpeg?resize=300%2C169&amp;ssl=1 300w, https:\/\/i0.wp.com\/cebem.org\/wp-content\/uploads\/2023\/09\/trinidad-libro-22-09-02.jpeg?resize=768%2C432&amp;ssl=1 768w, https:\/\/i0.wp.com\/cebem.org\/wp-content\/uploads\/2023\/09\/trinidad-libro-22-09-02.jpeg?resize=600%2C337&amp;ssl=1 600w, https:\/\/i0.wp.com\/cebem.org\/wp-content\/uploads\/2023\/09\/trinidad-libro-22-09-02.jpeg?resize=1536%2C864&amp;ssl=1 1536w, https:\/\/i0.wp.com\/cebem.org\/wp-content\/uploads\/2023\/09\/trinidad-libro-22-09-02.jpeg?resize=750%2C422&amp;ssl=1 750w, https:\/\/i0.wp.com\/cebem.org\/wp-content\/uploads\/2023\/09\/trinidad-libro-22-09-02.jpeg?w=1599&amp;ssl=1 1599w\" sizes=\"(max-width: 750px) 100vw, 750px\" \/><\/figure><\/li><li class=\"wp-block-jetpack-slideshow_slide swiper-slide\"><figure><img data-recalc-dims=\"1\" decoding=\"async\" width=\"750\" height=\"563\" alt=\"\" class=\"wp-block-jetpack-slideshow_image wp-image-13436\" data-id=\"13436\" src=\"https:\/\/i0.wp.com\/cebem.org\/wp-content\/uploads\/2023\/09\/trinidad-libro-22-09-01.jpeg?resize=750%2C563&#038;ssl=1\" srcset=\"https:\/\/i0.wp.com\/cebem.org\/wp-content\/uploads\/2023\/09\/trinidad-libro-22-09-01.jpeg?resize=1024%2C768&amp;ssl=1 1024w, https:\/\/i0.wp.com\/cebem.org\/wp-content\/uploads\/2023\/09\/trinidad-libro-22-09-01.jpeg?resize=300%2C225&amp;ssl=1 300w, https:\/\/i0.wp.com\/cebem.org\/wp-content\/uploads\/2023\/09\/trinidad-libro-22-09-01.jpeg?resize=768%2C576&amp;ssl=1 768w, https:\/\/i0.wp.com\/cebem.org\/wp-content\/uploads\/2023\/09\/trinidad-libro-22-09-01.jpeg?resize=600%2C450&amp;ssl=1 600w, https:\/\/i0.wp.com\/cebem.org\/wp-content\/uploads\/2023\/09\/trinidad-libro-22-09-01.jpeg?resize=1536%2C1152&amp;ssl=1 1536w, https:\/\/i0.wp.com\/cebem.org\/wp-content\/uploads\/2023\/09\/trinidad-libro-22-09-01.jpeg?resize=750%2C563&amp;ssl=1 750w, https:\/\/i0.wp.com\/cebem.org\/wp-content\/uploads\/2023\/09\/trinidad-libro-22-09-01.jpeg?w=1600&amp;ssl=1 1600w\" sizes=\"(max-width: 750px) 100vw, 750px\" \/><\/figure><\/li><li class=\"wp-block-jetpack-slideshow_slide swiper-slide\"><figure><img data-recalc-dims=\"1\" decoding=\"async\" width=\"750\" height=\"563\" alt=\"\" class=\"wp-block-jetpack-slideshow_image wp-image-13438\" data-id=\"13438\" src=\"https:\/\/i0.wp.com\/cebem.org\/wp-content\/uploads\/2023\/09\/trinidad-libro-22-09-03.jpeg?resize=750%2C563&#038;ssl=1\" srcset=\"https:\/\/i0.wp.com\/cebem.org\/wp-content\/uploads\/2023\/09\/trinidad-libro-22-09-03.jpeg?resize=1024%2C768&amp;ssl=1 1024w, https:\/\/i0.wp.com\/cebem.org\/wp-content\/uploads\/2023\/09\/trinidad-libro-22-09-03.jpeg?resize=300%2C225&amp;ssl=1 300w, https:\/\/i0.wp.com\/cebem.org\/wp-content\/uploads\/2023\/09\/trinidad-libro-22-09-03.jpeg?resize=768%2C576&amp;ssl=1 768w, https:\/\/i0.wp.com\/cebem.org\/wp-content\/uploads\/2023\/09\/trinidad-libro-22-09-03.jpeg?resize=600%2C450&amp;ssl=1 600w, https:\/\/i0.wp.com\/cebem.org\/wp-content\/uploads\/2023\/09\/trinidad-libro-22-09-03.jpeg?resize=1536%2C1152&amp;ssl=1 1536w, https:\/\/i0.wp.com\/cebem.org\/wp-content\/uploads\/2023\/09\/trinidad-libro-22-09-03.jpeg?resize=750%2C563&amp;ssl=1 750w, https:\/\/i0.wp.com\/cebem.org\/wp-content\/uploads\/2023\/09\/trinidad-libro-22-09-03.jpeg?w=1600&amp;ssl=1 1600w\" sizes=\"(max-width: 750px) 100vw, 750px\" \/><\/figure><\/li><\/ul><a class=\"wp-block-jetpack-slideshow_button-prev swiper-button-prev swiper-button-white\" role=\"button\"><\/a><a class=\"wp-block-jetpack-slideshow_button-next swiper-button-next swiper-button-white\" role=\"button\"><\/a><a aria-label=\"Pause Slideshow\" class=\"wp-block-jetpack-slideshow_button-pause\" role=\"button\"><\/a><div class=\"wp-block-jetpack-slideshow_pagination swiper-pagination swiper-pagination-white\"><\/div><\/div><\/div>\n","protected":false},"excerpt":{"rendered":"<p>El d\u00eda viernes 22 de septiembre de 2023 se llevo a cabo en el Auditorio del Postgrado de la Universidad Aut\u00f3noma \u00abJose Ballivi\u00e1n\u00bb del departamento del Beni, la presentaci\u00f3n del libro \u00abEl censo en la mira de los periodistas\u00bb<\/p>\n","protected":false},"author":15,"featured_media":13437,"comment_status":"closed","ping_status":"closed","sticky":false,"template":"","format":"standard","meta":{"_jetpack_memberships_contains_paid_content":false,"footnotes":"","jetpack_publicize_message":"","jetpack_publicize_feature_enabled":false,"jetpack_social_post_already_shared":false,"jetpack_social_options":{"image_generator_settings":{"template":"highway","default_image_id":0,"font":"","enabled":false},"version":2}},"categories":[34,1543],"tags":[1831,1154],"class_list":["post-13434","post","type-post","status-publish","format-standard","has-post-thumbnail","hentry","category-eventos","category-rutacenso","tag-la-ruta-del-censo","tag-presentacion-de-libros","item-wrap"],"jetpack_publicize_connections":[],"jetpack_featured_media_url":"https:\/\/i0.wp.com\/cebem.org\/wp-content\/uploads\/2023\/09\/trinidad-libro-22-09-02.jpeg?fit=1599%2C899&ssl=1","jetpack_sharing_enabled":true,"_links":{"self":[{"href":"https:\/\/cebem.org\/index.php?rest_route=\/wp\/v2\/posts\/13434","targetHints":{"allow":["GET"]}}],"collection":[{"href":"https:\/\/cebem.org\/index.php?rest_route=\/wp\/v2\/posts"}],"about":[{"href":"https:\/\/cebem.org\/index.php?rest_route=\/wp\/v2\/types\/post"}],"author":[{"embeddable":true,"href":"https:\/\/cebem.org\/index.php?rest_route=\/wp\/v2\/users\/15"}],"replies":[{"embeddable":true,"href":"https:\/\/cebem.org\/index.php?rest_route=%2Fwp%2Fv2%2Fcomments&post=13434"}],"version-history":[{"count":1,"href":"https:\/\/cebem.org\/index.php?rest_route=\/wp\/v2\/posts\/13434\/revisions"}],"predecessor-version":[{"id":13439,"href":"https:\/\/cebem.org\/index.php?rest_route=\/wp\/v2\/posts\/13434\/revisions\/13439"}],"wp:featuredmedia":[{"embeddable":true,"href":"https:\/\/cebem.org\/index.php?rest_route=\/wp\/v2\/media\/13437"}],"wp:attachment":[{"href":"https:\/\/cebem.org\/index.php?rest_route=%2Fwp%2Fv2%2Fmedia&parent=13434"}],"wp:term":[{"taxonomy":"category","embeddable":true,"href":"https:\/\/cebem.org\/index.php?rest_route=%2Fwp%2Fv2%2Fcategories&post=13434"},{"taxonomy":"post_tag","embeddable":true,"href":"https:\/\/cebem.org\/index.php?rest_route=%2Fwp%2Fv2%2Ftags&post=13434"}],"curies":[{"name":"wp","href":"https:\/\/api.w.org\/{rel}","templated":true}]}}