
{"id":1334,"date":"2016-08-08T11:32:05","date_gmt":"2016-08-08T15:32:05","guid":{"rendered":"http:\/\/cebem.org\/?p=1334"},"modified":"2016-08-08T11:32:05","modified_gmt":"2016-08-08T15:32:05","slug":"relator-especial-para-la-libertad-de-expresion-de-la-cidh-realizara-visita-academica-a-bolivia","status":"publish","type":"post","link":"https:\/\/cebem.org\/?p=1334","title":{"rendered":"Relator Especial para la Libertad de Expresi\u00f3n de la CIDH realizar\u00e1 visita acad\u00e9mica a Bolivia"},"content":{"rendered":"<p>La Fundaci\u00f3n UNIR Bolivia, mediante su Proyecto de Comunicaci\u00f3n Democr\u00e1tica organiza para el <strong>pr\u00f3ximo 24 de agosto de 2016,<\/strong> una Mesa Redonda en el marco de la visita acad\u00e9mica que efectuar\u00e1 al pa\u00eds el Relator Especial para la Libertad de Expresi\u00f3n de la Comisi\u00f3n Interamericana de Derechos Humanos (CIDH), Dr. Edison Lanza.<\/p>\n<p>En la oportunidad, el Dr. Lanza har\u00e1 la presentaci\u00f3n del informe anual de la Relator\u00eda Especial e intervendr\u00e1 en dos mesas de trabajo: 1) <strong>Libertad de Expresi\u00f3n, <\/strong>que incluye las tem\u00e1ticas de prevenci\u00f3n y protecci\u00f3n a periodistas (amenazas, estigmatizaci\u00f3n, agresiones f\u00edsicas y asesinatos) \/ Responsabilidades Ulteriores; y 2) <strong>Retos a la Libertad de Expresi\u00f3n, <\/strong>con los temas Reformas legislativas \/ Distribuci\u00f3n del Espectro Radioel\u00e9ctrico (asignaci\u00f3n de frecuencias) \/ Protestas sociales \/ Internet.<\/p>\n<p>Esta actividad, que tendr\u00e1 lugar en instalaciones de la Asociaci\u00f3n de Periodistas de La Paz, busca establecer un di\u00e1logo con periodistas y representantes de la sociedad civil quienes podr\u00e1n exponer sus criterios y, si lo ven conveniente, presentar al Relator Especial documentaci\u00f3n puntual que resulte pertinente.<\/p>\n<p><strong>La Relator\u00eda Especial para la Libertad de Expresi\u00f3n <\/strong><\/p>\n<p>Fue creada por la CIDH en octubre de 1997 como una oficina de car\u00e1cter permanente, con independencia funcional y estructura operativa propia. Con ello, la Comisi\u00f3n busc\u00f3 estimular la defensa hemisf\u00e9rica del derecho a la libertad de pensamiento y de expresi\u00f3n, considerando su papel fundamental en la consolidaci\u00f3n y desarrollo del sistema democr\u00e1tico, as\u00ed como en la protecci\u00f3n, garant\u00eda y promoci\u00f3n de los dem\u00e1s derechos humanos.<\/p>\n<p>Las actividades realizadas por la Relator\u00eda han dado lugar a procesos de discusi\u00f3n e implementaci\u00f3n de importantes reformas legislativas, judiciales y administrativas en el hemisferio, necesarias para hacer efectivo el derecho a la libertad de pensamiento y de expresi\u00f3n.<\/p>\n<p><strong><em>Edison Lanza Robatto<\/em><\/strong><strong>, Relator Especial<\/strong><\/p>\n<p>Elegido en octubre de 2014, es abogado uruguayo egresado de la Facultad de Derecho de la Universidad de la Rep\u00fablica. El Relator tambi\u00e9n se ha desempe\u00f1ado como periodista en distintos medios de comunicaci\u00f3n, ha liderado casos relacionados con el derecho a la libertad de expresi\u00f3n ante el Sistema Interamericano de Derechos Humanos y ha integrado, dirigido y fundado varias organizaciones no gubernamentales de defensa del derecho a la libertad de expresi\u00f3n.<\/p>\n<p>Asimismo, ha participado en decenas de conferencias y foros acad\u00e9micos sobre libertad de expresi\u00f3n y derecho a la informaci\u00f3n en Am\u00e9rica, Europa y Asia. Ha ofrecido tambi\u00e9n consultor\u00edas a distintos pa\u00edses para el desarrollo de proyectos de ley relacionados con el acceso a la informaci\u00f3n p\u00fablica, derechos de rectificaci\u00f3n y respuesta, libertad de expresi\u00f3n y medios de comunicaci\u00f3n, entre otros.<\/p>\n","protected":false},"excerpt":{"rendered":"<p>La Fundaci\u00f3n UNIR Bolivia, mediante su Proyecto de Comunicaci\u00f3n Democr\u00e1tica organiza para el pr\u00f3ximo 24 de agosto de 2016, una Mesa Redonda en el marco de la visita acad\u00e9mica que efectuar\u00e1 al pa\u00eds el Relator Especial para la Libertad de Expresi\u00f3n de la Comisi\u00f3n Interamericana de Derechos Humanos (CIDH), Dr. Edison Lanza. En la oportunidad, &hellip; <\/p>\n<p><a class=\"more-link btn\" href=\"https:\/\/cebem.org\/?p=1334\">Seguir leyendo<\/a><\/p>\n","protected":false},"author":2,"featured_media":1335,"comment_status":"closed","ping_status":"closed","sticky":false,"template":"","format":"standard","meta":{"_jetpack_memberships_contains_paid_content":false,"footnotes":"","jetpack_publicize_message":"","jetpack_publicize_feature_enabled":true,"jetpack_social_post_already_shared":true,"jetpack_social_options":{"image_generator_settings":{"template":"highway","default_image_id":0,"font":"","enabled":false},"version":2}},"categories":[34],"tags":[83,35,13,31],"class_list":["post-1334","post","type-post","status-publish","format-standard","has-post-thumbnail","hentry","category-eventos","tag-boletin-6-julio-2016","tag-bolivia","tag-evento","tag-mesa-redonda","item-wrap"],"jetpack_publicize_connections":[],"jetpack_featured_media_url":"https:\/\/i0.wp.com\/cebem.org\/wp-content\/uploads\/2016\/08\/edison-lanza.jpg?fit=1024%2C683&ssl=1","jetpack_sharing_enabled":true,"_links":{"self":[{"href":"https:\/\/cebem.org\/index.php?rest_route=\/wp\/v2\/posts\/1334","targetHints":{"allow":["GET"]}}],"collection":[{"href":"https:\/\/cebem.org\/index.php?rest_route=\/wp\/v2\/posts"}],"about":[{"href":"https:\/\/cebem.org\/index.php?rest_route=\/wp\/v2\/types\/post"}],"author":[{"embeddable":true,"href":"https:\/\/cebem.org\/index.php?rest_route=\/wp\/v2\/users\/2"}],"replies":[{"embeddable":true,"href":"https:\/\/cebem.org\/index.php?rest_route=%2Fwp%2Fv2%2Fcomments&post=1334"}],"version-history":[{"count":1,"href":"https:\/\/cebem.org\/index.php?rest_route=\/wp\/v2\/posts\/1334\/revisions"}],"predecessor-version":[{"id":1336,"href":"https:\/\/cebem.org\/index.php?rest_route=\/wp\/v2\/posts\/1334\/revisions\/1336"}],"wp:featuredmedia":[{"embeddable":true,"href":"https:\/\/cebem.org\/index.php?rest_route=\/wp\/v2\/media\/1335"}],"wp:attachment":[{"href":"https:\/\/cebem.org\/index.php?rest_route=%2Fwp%2Fv2%2Fmedia&parent=1334"}],"wp:term":[{"taxonomy":"category","embeddable":true,"href":"https:\/\/cebem.org\/index.php?rest_route=%2Fwp%2Fv2%2Fcategories&post=1334"},{"taxonomy":"post_tag","embeddable":true,"href":"https:\/\/cebem.org\/index.php?rest_route=%2Fwp%2Fv2%2Ftags&post=1334"}],"curies":[{"name":"wp","href":"https:\/\/api.w.org\/{rel}","templated":true}]}}