
{"id":1318,"date":"2016-08-04T11:52:15","date_gmt":"2016-08-04T15:52:15","guid":{"rendered":"http:\/\/cebem.org\/?p=1318"},"modified":"2016-08-04T11:52:15","modified_gmt":"2016-08-04T15:52:15","slug":"segundo-taller-desarrollo-local-y-economia-humana","status":"publish","type":"post","link":"https:\/\/cebem.org\/?p=1318","title":{"rendered":"Segundo taller: Desarrollo Local y Econom\u00eda Humana"},"content":{"rendered":"<p>9 de agosto de 18 a 21 horas.<\/p>\n<p>El taller ofrecer\u00e1 una introducci\u00f3n al desarrollo local, sus referencias conceptuales y metodol\u00f3gicas, y las tendencias recientes en la regi\u00f3n.<\/p>\n<p>Indagara en sus v\u00ednculos con la econom\u00eda humana.<\/p>\n<p>Se presentar\u00e1n y discutir\u00e1n abordajes y herramientas de desarrollo local en base a casos en Am\u00e9rica Latina.<\/p>\n<p>El taller contendr\u00e1 una parte expositiva y otra de intercambio con an\u00e1lisis de los participantes<\/p>\n<p><strong>A cargo de: <\/strong>Enrique Gallicchio y Ioanna Grotiuz<\/p>\n<h4><strong><a href=\"https:\/\/www.facebook.com\/CLAEH\/\" target=\"_blank\">M\u00e1s informaci\u00f3n<\/a><\/strong><\/h4>\n","protected":false},"excerpt":{"rendered":"<p>9 de agosto de 18 a 21 horas. El taller ofrecer\u00e1 una introducci\u00f3n al desarrollo local, sus referencias conceptuales y metodol\u00f3gicas, y las tendencias recientes en la regi\u00f3n. Indagara en sus v\u00ednculos con la econom\u00eda humana. Se presentar\u00e1n y discutir\u00e1n abordajes y herramientas de desarrollo local en base a casos en Am\u00e9rica Latina. El taller &hellip; <\/p>\n<p><a class=\"more-link btn\" href=\"https:\/\/cebem.org\/?p=1318\">Seguir leyendo<\/a><\/p>\n","protected":false},"author":2,"featured_media":1319,"comment_status":"closed","ping_status":"closed","sticky":false,"template":"","format":"standard","meta":{"_jetpack_memberships_contains_paid_content":false,"footnotes":"","jetpack_publicize_message":"","jetpack_publicize_feature_enabled":true,"jetpack_social_post_already_shared":true,"jetpack_social_options":{"image_generator_settings":{"template":"highway","default_image_id":0,"font":"","enabled":false},"version":2}},"categories":[34],"tags":[83,65,96,13,32],"class_list":["post-1318","post","type-post","status-publish","format-standard","has-post-thumbnail","hentry","category-eventos","tag-boletin-6-julio-2016","tag-desarrollo-local","tag-economia","tag-evento","tag-taller","item-wrap"],"jetpack_publicize_connections":[],"jetpack_featured_media_url":"https:\/\/i0.wp.com\/cebem.org\/wp-content\/uploads\/2016\/08\/segundo-taller.png?fit=850%2C553&ssl=1","jetpack_sharing_enabled":true,"_links":{"self":[{"href":"https:\/\/cebem.org\/index.php?rest_route=\/wp\/v2\/posts\/1318","targetHints":{"allow":["GET"]}}],"collection":[{"href":"https:\/\/cebem.org\/index.php?rest_route=\/wp\/v2\/posts"}],"about":[{"href":"https:\/\/cebem.org\/index.php?rest_route=\/wp\/v2\/types\/post"}],"author":[{"embeddable":true,"href":"https:\/\/cebem.org\/index.php?rest_route=\/wp\/v2\/users\/2"}],"replies":[{"embeddable":true,"href":"https:\/\/cebem.org\/index.php?rest_route=%2Fwp%2Fv2%2Fcomments&post=1318"}],"version-history":[{"count":1,"href":"https:\/\/cebem.org\/index.php?rest_route=\/wp\/v2\/posts\/1318\/revisions"}],"predecessor-version":[{"id":1320,"href":"https:\/\/cebem.org\/index.php?rest_route=\/wp\/v2\/posts\/1318\/revisions\/1320"}],"wp:featuredmedia":[{"embeddable":true,"href":"https:\/\/cebem.org\/index.php?rest_route=\/wp\/v2\/media\/1319"}],"wp:attachment":[{"href":"https:\/\/cebem.org\/index.php?rest_route=%2Fwp%2Fv2%2Fmedia&parent=1318"}],"wp:term":[{"taxonomy":"category","embeddable":true,"href":"https:\/\/cebem.org\/index.php?rest_route=%2Fwp%2Fv2%2Fcategories&post=1318"},{"taxonomy":"post_tag","embeddable":true,"href":"https:\/\/cebem.org\/index.php?rest_route=%2Fwp%2Fv2%2Ftags&post=1318"}],"curies":[{"name":"wp","href":"https:\/\/api.w.org\/{rel}","templated":true}]}}