
{"id":13122,"date":"2023-08-04T16:39:13","date_gmt":"2023-08-04T20:39:13","guid":{"rendered":"https:\/\/cebem.org\/?p=13122"},"modified":"2023-08-09T16:52:09","modified_gmt":"2023-08-09T20:52:09","slug":"notas-de-prensa-sobre-el-censo-experimental","status":"publish","type":"post","link":"https:\/\/cebem.org\/?p=13122","title":{"rendered":"Notas de prensa: Sobre el Censo Experimental"},"content":{"rendered":"\n<p>Queremos compartir con nuestros visitantes las siguientes notas de prensa de medios digitales:<\/p>\n\n\n\n<p><strong>Br\u00fajula Digital:<\/strong> El censo experimental en Capinota avanza con normalidad y durar\u00e1 hasta el lunes<\/p>\n\n\n\n<p><a href=\"https:\/\/www.brujuladigital.net\/politica\/el-censo-experimental-en-capinota-avanza-con-normalidad-y-durara-hasta-el-lunes?fbclid=IwAR24ZSgadKomibAgNqlYYkdxLGhARlT7x_gQLOBQeRwZya2pOc1O62u_6Nw\">https:\/\/www.brujuladigital.net\/politica\/el-censo-experimental-en-capinota-avanza-con-normalidad-y-durara-hasta-el-lunes?fbclid=IwAR24ZSgadKomibAgNqlYYkdxLGhARlT7x_gQLOBQeRwZya2pOc1O62u_6Nw<\/a><\/p>\n\n\n\n<p><strong>Br\u00fajula Digital:<\/strong> Censo experimental lleg\u00f3 solo al 40% del \u00e1rea dispersa de Capinota<\/p>\n\n\n\n<p>El operativo del censo experimental en Capinota, Cochabamba, concluy\u00f3 a las 18.00 horas con el 100% censado en el \u00e1rea urbana del municipio, pero solo hab\u00eda logrado censar al 40% de las \u00e1reas dispersas, dijo el director de INE, Humberto Arandia.<\/p>\n\n\n\n<p><a href=\"https:\/\/www.brujuladigital.net\/sociedad\/censo-experimental-llego-solo-al-40-del-area-dispersa-de-capinota?fbclid=IwAR3w8RYxwrHuyQwwnv46azRKToGkD1MTbXcV_JDjBgNDcbZvfAjmxU77Chc\">https:\/\/www.brujuladigital.net\/sociedad\/censo-experimental-llego-solo-al-40-del-area-dispersa-de-capinota?fbclid=IwAR3w8RYxwrHuyQwwnv46azRKToGkD1MTbXcV_JDjBgNDcbZvfAjmxU77Chc<\/a><\/p>\n","protected":false},"excerpt":{"rendered":"<p>Queremos compartir con nuestros visitantes las siguientes notas de prensa sobre el Censo Experimental de medios digitales.<\/p>\n","protected":false},"author":15,"featured_media":13123,"comment_status":"closed","ping_status":"closed","sticky":false,"template":"","format":"standard","meta":{"_jetpack_memberships_contains_paid_content":false,"footnotes":"","jetpack_publicize_message":"","jetpack_publicize_feature_enabled":false,"jetpack_social_post_already_shared":false,"jetpack_social_options":{"image_generator_settings":{"template":"highway","default_image_id":0,"font":"","enabled":false},"version":2}},"categories":[1543],"tags":[1831],"class_list":["post-13122","post","type-post","status-publish","format-standard","has-post-thumbnail","hentry","category-rutacenso","tag-la-ruta-del-censo","item-wrap"],"jetpack_publicize_connections":[],"jetpack_featured_media_url":"https:\/\/i0.wp.com\/cebem.org\/wp-content\/uploads\/2023\/08\/imagen-ine-censo.jpg?fit=720%2C399&ssl=1","jetpack_sharing_enabled":true,"_links":{"self":[{"href":"https:\/\/cebem.org\/index.php?rest_route=\/wp\/v2\/posts\/13122","targetHints":{"allow":["GET"]}}],"collection":[{"href":"https:\/\/cebem.org\/index.php?rest_route=\/wp\/v2\/posts"}],"about":[{"href":"https:\/\/cebem.org\/index.php?rest_route=\/wp\/v2\/types\/post"}],"author":[{"embeddable":true,"href":"https:\/\/cebem.org\/index.php?rest_route=\/wp\/v2\/users\/15"}],"replies":[{"embeddable":true,"href":"https:\/\/cebem.org\/index.php?rest_route=%2Fwp%2Fv2%2Fcomments&post=13122"}],"version-history":[{"count":1,"href":"https:\/\/cebem.org\/index.php?rest_route=\/wp\/v2\/posts\/13122\/revisions"}],"predecessor-version":[{"id":13124,"href":"https:\/\/cebem.org\/index.php?rest_route=\/wp\/v2\/posts\/13122\/revisions\/13124"}],"wp:featuredmedia":[{"embeddable":true,"href":"https:\/\/cebem.org\/index.php?rest_route=\/wp\/v2\/media\/13123"}],"wp:attachment":[{"href":"https:\/\/cebem.org\/index.php?rest_route=%2Fwp%2Fv2%2Fmedia&parent=13122"}],"wp:term":[{"taxonomy":"category","embeddable":true,"href":"https:\/\/cebem.org\/index.php?rest_route=%2Fwp%2Fv2%2Fcategories&post=13122"},{"taxonomy":"post_tag","embeddable":true,"href":"https:\/\/cebem.org\/index.php?rest_route=%2Fwp%2Fv2%2Ftags&post=13122"}],"curies":[{"name":"wp","href":"https:\/\/api.w.org\/{rel}","templated":true}]}}